{"id":140431,"date":"2025-12-18T13:20:55","date_gmt":"2025-12-18T13:20:55","guid":{"rendered":"https:\/\/turisme.dival.es\/?p=140431"},"modified":"2025-12-18T13:20:55","modified_gmt":"2025-12-18T13:20:55","slug":"la-vila-del-nadal-de-la-diputacio-oferix-activitats-diverses-per-a-tots-els-publics-estes-festes","status":"publish","type":"post","link":"https:\/\/turisme.dival.es\/ca\/la-vila-del-nadal-de-la-diputacio-oferix-activitats-diverses-per-a-tots-els-publics-estes-festes\/","title":{"rendered":"La \u2018Vila del Nadal\u2019 de la Diputaci\u00f3 oferix activitats diverses per a tots els p\u00fablics estes festes"},"content":{"rendered":"<div class=\"grupo-titulares\">\n<div class=\"field field-node--field-subtitulo field-formatter-string field-name-field-subtitulo field-type-string field-label-hidden has-single\">\n<div class=\"field__items\">\n<div class=\"field__item\">\u00a0El m\u00f3n nadalenc recreat en la Pla\u00e7a de Manises estar\u00e0 obert del 19 de desembre al 5 de gener<\/div>\n<\/div>\n<\/div>\n<\/div>\n<div class=\"grupo-contenido\">\n<div class=\"field field-node--field-medio-principal field-formatter-entity-reference-revisions-entity-view field-name-field-medio-principal field-type-entity-reference-revisions field-label-hidden has-single\">\n<div class=\"field__items\">\n<div class=\"field__item\">\n<div class=\"paragraph paragraph--type-es7-main-media paragraph--view-mode-default\">\n<div class=\"field field-paragraph--portales7-mm-image field-formatter-colorbox field-name-portales7-mm-image field-type-image field-label-hidden has-single\">\n<figure class=\"field-type-image__figure image-count-1\">\n<div class=\"field-type-image__item\"><a class=\"colorbox cboxElement\" title=\"Cartell de la 'Vila del Nadal'\" role=\"button\" href=\"https:\/\/www.dival.es\/sites\/default\/files\/LONA_94x225-SAGNAT_NadalDipu_2025_AF_page-0001.jpg\" aria-label=\"{&quot;title&quot;:&quot;Cartell de la 'Vila del Nadal'&quot;,&quot;alt&quot;:&quot;Cartell de la 'Vila del Nadal'&quot;}\" data-colorbox-gallery=\"gallery-es7_main_media-240562-Qo4P-wh00t4\" aria-controls=\"colorbox-FXvGHW5S1Yo\" data-cbox-img-attrs=\"{&quot;title&quot;:&quot;Cartell de la 'Vila del Nadal'&quot;,&quot;alt&quot;:&quot;Cartell de la 'Vila del Nadal'&quot;}\" data-once=\"init-colorbox\"><img loading=\"lazy\" decoding=\"async\" id=\"colorbox-FXvGHW5S1Yo\" class=\"image-style-interior-contenido-\" title=\"Cartell de la 'Vila del Nadal'\" src=\"https:\/\/www.dival.es\/sites\/default\/files\/styles\/interior_contenido_\/public\/LONA_94x225-SAGNAT_NadalDipu_2025_AF_page-0001.jpg?itok=b4I0KOcn\" alt=\"Cartell de la 'Vila del Nadal'\" width=\"766\" height=\"1731\" \/><\/a><\/div>\n<\/figure>\n<\/div>\n<\/div>\n<\/div>\n<\/div>\n<\/div>\n<div class=\"clearfix text-formatted field field-node--body field-formatter-text-default field-name-body field-type-text-with-summary field-label-hidden has-single\">\n<div class=\"field__items\">\n<div class=\"field__item\">\n<p class=\"text-align-justify\">La Diputaci\u00f3 de Val\u00e8ncia inaugurar\u00e0 dem\u00e0 divendres, a les 17:00 hores, la \u2018Vila del Nadal\u2019, el m\u00f3n nadalenc recreat per la corporaci\u00f3 provincial en la Pla\u00e7a de Manises de Val\u00e8ncia per a celebrar les pr\u00f2ximes festes amb activitats i espectacles per a tots els p\u00fablics, encara que especialment dirigits al p\u00fablic familiar.<\/p>\n<p class=\"text-align-justify\">El diputat de Turisme i Esports, Pedro Cuesta, protagonitzar\u00e0 la inauguraci\u00f3 oficial d&#8217;unes jornades repletes d&#8217;animaci\u00f3, que se celebraran del 19 de desembre al 5 de gener i la programaci\u00f3 del qual es pot consultar en\u00a0<a href=\"https:\/\/www.dival.es\/va\">https:\/\/www.dival.es\/va<\/a>. \u201cEstan pensades per a fomentar la conviv\u00e8ncia, la participaci\u00f3 i l&#8217;esperit nadalenc, a m\u00e9s de donar a con\u00e9ixer a les fam\u00edlies les experi\u00e8ncies tur\u00edstiques que ens oferix la nostra prov\u00edncia per a per\u00edodes vacacionals com els d&#8217;este mes\u201d, segons ha explicat.<\/p>\n<p class=\"text-align-justify\">La instituci\u00f3 valenciana obrir\u00e0 la \u2018Vila de Nadal\u2019 despr\u00e9s de donar la benvinguda a Nadal el passat 5 de desembre amb l&#8217;encesa de llums i sota el lema \u2018El teu fas gran el nostre Nadal\u2019, amb el qual vol posar en valor all\u00f2 que ens unix com a poble, compartint l&#8217;esperit nadalenc valenci\u00e0 a trav\u00e9s de les seues tradicions i singularitats.<\/p>\n<p class=\"text-align-justify\">El programa d&#8217;activitats preparat per la corporaci\u00f3 provincial inclou tallers nadalencs de cartes, postals, adorns, escriptura creativa, guants, raspall i sostenibilitat; jocs XXL i jocs de taula tradicionals; una B\u00fastia de Nadal i un altre de SSMM Els Reis Mags d&#8217;Orient; activitats d&#8217;animaci\u00f3 lectora per als m\u00e9s xicotets; espectacles de dansa, teatre, titelles, humor, circ, m\u00e0gia i contacontes; actuacions de la Federaci\u00f3 de Cors de la Comunitat Valenciana i de l&#8217;Orfe\u00f3 Gregorio Gea de Val\u00e8ncia; i fins a discom\u00f2bils nadalenques amb c\u00f2ctels intel\u00b7ligents sense alcohol oferits per la Federaci\u00f3 d&#8217;Oci i Turisme de la CV (FOTUR).<\/p>\n<p class=\"text-align-justify\">A m\u00e9s, els visitants de la \u2018Vila del Nadal\u2019 disposaran d&#8217;un punt d&#8217;informaci\u00f3 tur\u00edstica de la prov\u00edncia de Val\u00e8ncia per a viatjar en fam\u00edlia i est\u00e0 prevista la visita d&#8217;atletes internacionals del Club d&#8217;Atletisme de la Diputaci\u00f3 de Val\u00e8ncia i de pilotaris professionals de la Federaci\u00f3 de Pilota Valenciana, aix\u00ed com de les mascotes del Llevant UD (Blau i Grana), juntament amb la celebraci\u00f3 d&#8217;exhibicions de primeres figures mundials de parak\u00e1rate i entrenaments per a xiquets i xiquetes a c\u00e0rrec de la Fundaci\u00f3 Val\u00e8ncia C.F.<\/p>\n<p class=\"text-align-justify\">D&#8217;altra banda, tant xiquets com adults podran visitar tamb\u00e9, al costat de la \u2018Vila del Nadal\u2019, el Betlem monumental i l&#8217;exposici\u00f3 de diorames de la Diputaci\u00f3 de Val\u00e8ncia, situats en el Palau de Scala i en el Sal\u00f3 de Reines de la instituci\u00f3, respectivament.<\/p>\n<p class=\"text-align-justify\">Finalment, tots aquells que vulguen immortalitzar el seu pas per la \u2018Vila del Nadal\u2019 podran emportar-se a casa la seua foto m\u00e9s nadalenca en l&#8217;espai croma que se situar\u00e0 en el Palau de Scala, a partir del 27 de desembre.<\/p>\n<\/div>\n<\/div>\n<\/div>\n<\/div>\n","protected":false},"excerpt":{"rendered":"<p>\u00a0El m\u00f3n nadalenc recreat en la Pla\u00e7a de Manises estar\u00e0 obert del 19 de desembre al 5 de gener La Diputaci\u00f3 de Val\u00e8ncia inaugurar\u00e0 dem\u00e0 divendres, a les 17:00 hores, la \u2018Vila del Nadal\u2019, el m\u00f3n nadalenc recreat per la corporaci\u00f3 provincial en la Pla\u00e7a de Manises de Val\u00e8ncia per a celebrar les pr\u00f2ximes festes [&hellip;]<\/p>\n","protected":false},"author":4,"featured_media":140425,"comment_status":"open","ping_status":"open","sticky":false,"template":"","format":"standard","meta":{"_acf_changed":false,"_et_pb_use_builder":"","_et_pb_old_content":"","_et_gb_content_width":"","footnotes":""},"categories":[1952],"tags":[],"class_list":["post-140431","post","type-post","status-publish","format-standard","has-post-thumbnail","hentry","category-noticies"],"acf":{"destacado":true},"yoast_head":"<!-- This site is optimized with the Yoast SEO plugin v23.0 - https:\/\/yoast.com\/wordpress\/plugins\/seo\/ -->\n<title>La \u2018Vila del Nadal\u2019 de la Diputaci\u00f3 oferix activitats diverses per a tots els p\u00fablics estes festes &#060; Valencia Turismo<\/title>\n<meta name=\"robots\" content=\"index, follow, max-snippet:-1, max-image-preview:large, max-video-preview:-1\" \/>\n<link rel=\"canonical\" href=\"https:\/\/turisme.dival.es\/ca\/la-vila-del-nadal-de-la-diputacio-oferix-activitats-diverses-per-a-tots-els-publics-estes-festes\/\" \/>\n<meta property=\"og:locale\" content=\"en_US\" \/>\n<meta property=\"og:type\" content=\"article\" \/>\n<meta property=\"og:title\" content=\"La \u2018Vila del Nadal\u2019 de la Diputaci\u00f3 oferix activitats diverses per a tots els p\u00fablics estes festes &#060; Valencia Turismo\" \/>\n<meta property=\"og:description\" content=\"\u00a0El m\u00f3n nadalenc recreat en la Pla\u00e7a de Manises estar\u00e0 obert del 19 de desembre al 5 de gener La Diputaci\u00f3 de Val\u00e8ncia inaugurar\u00e0 dem\u00e0 divendres, a les 17:00 hores, la \u2018Vila del Nadal\u2019, el m\u00f3n nadalenc recreat per la corporaci\u00f3 provincial en la Pla\u00e7a de Manises de Val\u00e8ncia per a celebrar les pr\u00f2ximes festes [&hellip;]\" \/>\n<meta property=\"og:url\" content=\"https:\/\/turisme.dival.es\/ca\/la-vila-del-nadal-de-la-diputacio-oferix-activitats-diverses-per-a-tots-els-publics-estes-festes\/\" \/>\n<meta property=\"og:site_name\" content=\"Valencia Turismo\" \/>\n<meta property=\"article:published_time\" content=\"2025-12-18T13:20:55+00:00\" \/>\n<meta property=\"og:image\" content=\"https:\/\/turisme.dival.es\/wp-content\/uploads\/2025\/12\/FolletoPROGRAMACION-_DIPUTACION_2025-002-3-idiomas-1-scaled.jpg\" \/>\n\t<meta property=\"og:image:width\" content=\"1810\" \/>\n\t<meta property=\"og:image:height\" content=\"2560\" \/>\n\t<meta property=\"og:image:type\" content=\"image\/jpeg\" \/>\n<meta name=\"author\" content=\"Beatriz De juan\" \/>\n<meta name=\"twitter:card\" content=\"summary_large_image\" \/>\n<meta name=\"twitter:label1\" content=\"Written by\" \/>\n\t<meta name=\"twitter:data1\" content=\"Beatriz De juan\" \/>\n\t<meta name=\"twitter:label2\" content=\"Est. reading time\" \/>\n\t<meta name=\"twitter:data2\" content=\"3 minutes\" \/>\n<script type=\"application\/ld+json\" class=\"yoast-schema-graph\">{\"@context\":\"https:\/\/schema.org\",\"@graph\":[{\"@type\":\"WebPage\",\"@id\":\"https:\/\/turisme.dival.es\/ca\/la-vila-del-nadal-de-la-diputacio-oferix-activitats-diverses-per-a-tots-els-publics-estes-festes\/\",\"url\":\"https:\/\/turisme.dival.es\/ca\/la-vila-del-nadal-de-la-diputacio-oferix-activitats-diverses-per-a-tots-els-publics-estes-festes\/\",\"name\":\"La \u2018Vila del Nadal\u2019 de la Diputaci\u00f3 oferix activitats diverses per a tots els p\u00fablics estes festes &#060; Valencia Turismo\",\"isPartOf\":{\"@id\":\"https:\/\/turisme.dival.es\/#website\"},\"primaryImageOfPage\":{\"@id\":\"https:\/\/turisme.dival.es\/ca\/la-vila-del-nadal-de-la-diputacio-oferix-activitats-diverses-per-a-tots-els-publics-estes-festes\/#primaryimage\"},\"image\":{\"@id\":\"https:\/\/turisme.dival.es\/ca\/la-vila-del-nadal-de-la-diputacio-oferix-activitats-diverses-per-a-tots-els-publics-estes-festes\/#primaryimage\"},\"thumbnailUrl\":\"https:\/\/turisme.dival.es\/wp-content\/uploads\/2025\/12\/FolletoPROGRAMACION-_DIPUTACION_2025-002-3-idiomas-1-scaled.jpg\",\"datePublished\":\"2025-12-18T13:20:55+00:00\",\"dateModified\":\"2025-12-18T13:20:55+00:00\",\"author\":{\"@id\":\"https:\/\/turisme.dival.es\/#\/schema\/person\/5a310f8c6d8b4d79ac4ed6f016878017\"},\"inLanguage\":\"vl\",\"potentialAction\":[{\"@type\":\"ReadAction\",\"target\":[\"https:\/\/turisme.dival.es\/ca\/la-vila-del-nadal-de-la-diputacio-oferix-activitats-diverses-per-a-tots-els-publics-estes-festes\/\"]}]},{\"@type\":\"ImageObject\",\"inLanguage\":\"vl\",\"@id\":\"https:\/\/turisme.dival.es\/ca\/la-vila-del-nadal-de-la-diputacio-oferix-activitats-diverses-per-a-tots-els-publics-estes-festes\/#primaryimage\",\"url\":\"https:\/\/turisme.dival.es\/wp-content\/uploads\/2025\/12\/FolletoPROGRAMACION-_DIPUTACION_2025-002-3-idiomas-1-scaled.jpg\",\"contentUrl\":\"https:\/\/turisme.dival.es\/wp-content\/uploads\/2025\/12\/FolletoPROGRAMACION-_DIPUTACION_2025-002-3-idiomas-1-scaled.jpg\",\"width\":1810,\"height\":2560},{\"@type\":\"WebSite\",\"@id\":\"https:\/\/turisme.dival.es\/#website\",\"url\":\"https:\/\/turisme.dival.es\/\",\"name\":\"valenciaturismo.com.mialias.net\",\"description\":\"\",\"potentialAction\":[{\"@type\":\"SearchAction\",\"target\":{\"@type\":\"EntryPoint\",\"urlTemplate\":\"https:\/\/turisme.dival.es\/?s={search_term_string}\"},\"query-input\":\"required name=search_term_string\"}],\"inLanguage\":\"vl\"},{\"@type\":\"Person\",\"@id\":\"https:\/\/turisme.dival.es\/#\/schema\/person\/5a310f8c6d8b4d79ac4ed6f016878017\",\"name\":\"Beatriz De juan\",\"image\":{\"@type\":\"ImageObject\",\"inLanguage\":\"vl\",\"@id\":\"https:\/\/turisme.dival.es\/#\/schema\/person\/image\/\",\"url\":\"https:\/\/secure.gravatar.com\/avatar\/b352cdf3eac5f6fa1f2be706bc8e39a8848a7bdbaeea93e71f64e3369b8a6728?s=96&d=mm&r=g\",\"contentUrl\":\"https:\/\/secure.gravatar.com\/avatar\/b352cdf3eac5f6fa1f2be706bc8e39a8848a7bdbaeea93e71f64e3369b8a6728?s=96&d=mm&r=g\",\"caption\":\"Beatriz De juan\"}}]}<\/script>\n<!-- \/ Yoast SEO plugin. -->","yoast_head_json":{"title":"La \u2018Vila del Nadal\u2019 de la Diputaci\u00f3 oferix activitats diverses per a tots els p\u00fablics estes festes &#060; Valencia Turismo","robots":{"index":"index","follow":"follow","max-snippet":"max-snippet:-1","max-image-preview":"max-image-preview:large","max-video-preview":"max-video-preview:-1"},"canonical":"https:\/\/turisme.dival.es\/ca\/la-vila-del-nadal-de-la-diputacio-oferix-activitats-diverses-per-a-tots-els-publics-estes-festes\/","og_locale":"en_US","og_type":"article","og_title":"La \u2018Vila del Nadal\u2019 de la Diputaci\u00f3 oferix activitats diverses per a tots els p\u00fablics estes festes &#060; Valencia Turismo","og_description":"\u00a0El m\u00f3n nadalenc recreat en la Pla\u00e7a de Manises estar\u00e0 obert del 19 de desembre al 5 de gener La Diputaci\u00f3 de Val\u00e8ncia inaugurar\u00e0 dem\u00e0 divendres, a les 17:00 hores, la \u2018Vila del Nadal\u2019, el m\u00f3n nadalenc recreat per la corporaci\u00f3 provincial en la Pla\u00e7a de Manises de Val\u00e8ncia per a celebrar les pr\u00f2ximes festes [&hellip;]","og_url":"https:\/\/turisme.dival.es\/ca\/la-vila-del-nadal-de-la-diputacio-oferix-activitats-diverses-per-a-tots-els-publics-estes-festes\/","og_site_name":"Valencia Turismo","article_published_time":"2025-12-18T13:20:55+00:00","og_image":[{"width":1810,"height":2560,"url":"https:\/\/turisme.dival.es\/wp-content\/uploads\/2025\/12\/FolletoPROGRAMACION-_DIPUTACION_2025-002-3-idiomas-1-scaled.jpg","type":"image\/jpeg"}],"author":"Beatriz De juan","twitter_card":"summary_large_image","twitter_misc":{"Written by":"Beatriz De juan","Est. reading time":"3 minutes"},"schema":{"@context":"https:\/\/schema.org","@graph":[{"@type":"WebPage","@id":"https:\/\/turisme.dival.es\/ca\/la-vila-del-nadal-de-la-diputacio-oferix-activitats-diverses-per-a-tots-els-publics-estes-festes\/","url":"https:\/\/turisme.dival.es\/ca\/la-vila-del-nadal-de-la-diputacio-oferix-activitats-diverses-per-a-tots-els-publics-estes-festes\/","name":"La \u2018Vila del Nadal\u2019 de la Diputaci\u00f3 oferix activitats diverses per a tots els p\u00fablics estes festes &#060; Valencia Turismo","isPartOf":{"@id":"https:\/\/turisme.dival.es\/#website"},"primaryImageOfPage":{"@id":"https:\/\/turisme.dival.es\/ca\/la-vila-del-nadal-de-la-diputacio-oferix-activitats-diverses-per-a-tots-els-publics-estes-festes\/#primaryimage"},"image":{"@id":"https:\/\/turisme.dival.es\/ca\/la-vila-del-nadal-de-la-diputacio-oferix-activitats-diverses-per-a-tots-els-publics-estes-festes\/#primaryimage"},"thumbnailUrl":"https:\/\/turisme.dival.es\/wp-content\/uploads\/2025\/12\/FolletoPROGRAMACION-_DIPUTACION_2025-002-3-idiomas-1-scaled.jpg","datePublished":"2025-12-18T13:20:55+00:00","dateModified":"2025-12-18T13:20:55+00:00","author":{"@id":"https:\/\/turisme.dival.es\/#\/schema\/person\/5a310f8c6d8b4d79ac4ed6f016878017"},"inLanguage":"vl","potentialAction":[{"@type":"ReadAction","target":["https:\/\/turisme.dival.es\/ca\/la-vila-del-nadal-de-la-diputacio-oferix-activitats-diverses-per-a-tots-els-publics-estes-festes\/"]}]},{"@type":"ImageObject","inLanguage":"vl","@id":"https:\/\/turisme.dival.es\/ca\/la-vila-del-nadal-de-la-diputacio-oferix-activitats-diverses-per-a-tots-els-publics-estes-festes\/#primaryimage","url":"https:\/\/turisme.dival.es\/wp-content\/uploads\/2025\/12\/FolletoPROGRAMACION-_DIPUTACION_2025-002-3-idiomas-1-scaled.jpg","contentUrl":"https:\/\/turisme.dival.es\/wp-content\/uploads\/2025\/12\/FolletoPROGRAMACION-_DIPUTACION_2025-002-3-idiomas-1-scaled.jpg","width":1810,"height":2560},{"@type":"WebSite","@id":"https:\/\/turisme.dival.es\/#website","url":"https:\/\/turisme.dival.es\/","name":"valenciaturismo.com.mialias.net","description":"","potentialAction":[{"@type":"SearchAction","target":{"@type":"EntryPoint","urlTemplate":"https:\/\/turisme.dival.es\/?s={search_term_string}"},"query-input":"required name=search_term_string"}],"inLanguage":"vl"},{"@type":"Person","@id":"https:\/\/turisme.dival.es\/#\/schema\/person\/5a310f8c6d8b4d79ac4ed6f016878017","name":"Beatriz De juan","image":{"@type":"ImageObject","inLanguage":"vl","@id":"https:\/\/turisme.dival.es\/#\/schema\/person\/image\/","url":"https:\/\/secure.gravatar.com\/avatar\/b352cdf3eac5f6fa1f2be706bc8e39a8848a7bdbaeea93e71f64e3369b8a6728?s=96&d=mm&r=g","contentUrl":"https:\/\/secure.gravatar.com\/avatar\/b352cdf3eac5f6fa1f2be706bc8e39a8848a7bdbaeea93e71f64e3369b8a6728?s=96&d=mm&r=g","caption":"Beatriz De juan"}}]}},"_links":{"self":[{"href":"https:\/\/turisme.dival.es\/ca\/wp-json\/wp\/v2\/posts\/140431","targetHints":{"allow":["GET"]}}],"collection":[{"href":"https:\/\/turisme.dival.es\/ca\/wp-json\/wp\/v2\/posts"}],"about":[{"href":"https:\/\/turisme.dival.es\/ca\/wp-json\/wp\/v2\/types\/post"}],"author":[{"embeddable":true,"href":"https:\/\/turisme.dival.es\/ca\/wp-json\/wp\/v2\/users\/4"}],"replies":[{"embeddable":true,"href":"https:\/\/turisme.dival.es\/ca\/wp-json\/wp\/v2\/comments?post=140431"}],"version-history":[{"count":1,"href":"https:\/\/turisme.dival.es\/ca\/wp-json\/wp\/v2\/posts\/140431\/revisions"}],"predecessor-version":[{"id":140432,"href":"https:\/\/turisme.dival.es\/ca\/wp-json\/wp\/v2\/posts\/140431\/revisions\/140432"}],"wp:featuredmedia":[{"embeddable":true,"href":"https:\/\/turisme.dival.es\/ca\/wp-json\/wp\/v2\/media\/140425"}],"wp:attachment":[{"href":"https:\/\/turisme.dival.es\/ca\/wp-json\/wp\/v2\/media?parent=140431"}],"wp:term":[{"taxonomy":"category","embeddable":true,"href":"https:\/\/turisme.dival.es\/ca\/wp-json\/wp\/v2\/categories?post=140431"},{"taxonomy":"post_tag","embeddable":true,"href":"https:\/\/turisme.dival.es\/ca\/wp-json\/wp\/v2\/tags?post=140431"}],"curies":[{"name":"wp","href":"https:\/\/api.w.org\/{rel}","templated":true}]}}