{"id":128620,"date":"2022-02-21T13:06:24","date_gmt":"2022-02-21T13:06:24","guid":{"rendered":"https:\/\/turisme.dival.es\/descobreix-les-visites-virtuals-de-bunol\/"},"modified":"2024-05-04T05:54:12","modified_gmt":"2024-05-04T05:54:12","slug":"descobreix-les-visites-virtuals-de-bunol","status":"publish","type":"post","link":"https:\/\/turisme.dival.es\/ca\/descobreix-les-visites-virtuals-de-bunol\/","title":{"rendered":"Descobreix les visites virtuals de Bu\u00f1ol"},"content":{"rendered":"<p style=\"text-align: justify\"><strong>Bu\u00f1o<\/strong>l t\u2019ofereix diferents visites virtuals perqu\u00e8 descobrisques el municipi de la Foia de Bunyol-Xiva des de casa.<\/p>\n<p style=\"text-align: justify\"><strong>L\u2019Auditori de m\u00fasica a l\u2019aire lliure<\/strong> es va inaugurar el 1989, arran del gran impuls i el creixement que havien experimentat les dues societats musicals de Bunyol. L\u2019Auditori t\u00e9 una capacitat aproximada per a 2.500 persones, al peu de la roca tallada. Espectacular \u00e9s la seua visi\u00f3 nocturna, ja que en trobar-se a l\u2019aire lliure i estar encaixonat per la roca tallada, que en facilita l\u2019ac\u00fastica, s\u2019escolta la m\u00fasica en un entorn privilegiat. <a href=\"https:\/\/my.matterport.com\/show\/?m=DKcP1RNjFB8&amp;amp;mpu=226\">Entra en la visita virtual de l\u2019Auditori<\/a>.<\/p>\n<p style=\"text-align: center\"><a href=\"https:\/\/www.valenciaturisme.org\/wp-content\/uploads\/2021\/02\/Semicirculo-scaled.jpg\"><img loading=\"lazy\" decoding=\"async\" class=\"alignnone wp-image-57893\" src=\"https:\/\/turisme.dival.es\/wp-content\/uploads\/2021\/09\/Semicirculo-scaled.jpg\" alt=\"\" width=\"534\" height=\"356\" \/><\/a><\/p>\n<p style=\"text-align: justify\">El <strong>Castell<\/strong> de Bunyol, un dels millor conservats de la Comunitat Valenciana, \u00e9s una fortalesa que data del segle XII. <a href=\"https:\/\/my.matterport.com\/show\/?m=z91ZSDRc8Ah\">Descobreix-lo en aquest tour virtual.<\/a><\/p>\n<p><a href=\"https:\/\/www.valenciaturisme.org\/wp-content\/uploads\/2021\/02\/IMG_9469-scaled.jpg\"><img loading=\"lazy\" decoding=\"async\" class=\"wp-image-57892 aligncenter\" src=\"https:\/\/turisme.dival.es\/wp-content\/uploads\/2021\/09\/IMG_9469-scaled.jpg\" alt=\"\" width=\"560\" height=\"373\" \/><\/a><\/p>\n<p style=\"text-align: justify\"><strong>L\u2019esgl\u00e9sia de Sant Pere Ap\u00f2stol<\/strong> \u00e9s un edifici neocl\u00e0ssic del segle XVIII. Presidida per la torre campanar de planta quadrada que s\u2019al\u00e7a als peus de l\u2019esgl\u00e9sia. L\u2019esgl\u00e9sia t\u00e9 planta \u00a0de creu llatina amb nau central composta per quatre trams que es corresponen amb les capelles laterals, el creuer i la c\u00fapula al centre. <a href=\"https:\/\/my.matterport.com\/show\/?m=PM2UA8pfT1s\">Visita-la des de casa punxant ac\u00ed.<\/a><\/p>\n<p style=\"text-align: justify\"><a href=\"https:\/\/www.valenciaturisme.org\/wp-content\/uploads\/2021\/02\/5r-scaled.jpg\"><img loading=\"lazy\" decoding=\"async\" class=\"wp-image-57891 aligncenter\" src=\"https:\/\/turisme.dival.es\/wp-content\/uploads\/2021\/09\/5r-scaled.jpg\" alt=\"\" width=\"525\" height=\"350\" \/><\/a><br \/>\n<strong>La Cova de\u00a0Turche<\/strong> \u00e9s un dels espais naturals m\u00e9s interessants. El seu llac i la cascada, que es precipita des de l\u2019alt de la paret de roques, ofereixen un reconfortant espectacle natural. \u00c9s un conjunt geol\u00f2gic de gran bellesa i for\u00e7a paisatg\u00edstica format per un llac emmarcat en un gran amfiteatre de roca i que posseeix una \u00e0rea de\u00a0p\u00edcnic dotada d\u2019infraestructura. Paratge idoni per a prendre-hi un refrescant bany estival. En determinades \u00e8poques, quan hi ha pluges abundants, podem gaudir veient com cau la cascada des d\u2019una altura de 60 metres. S\u2019hi accedeix per la carretera\u00a0CV-425, en direcci\u00f3 a Alboraig. <a href=\"https:\/\/my.matterport.com\/show\/?m=icDhXrC3qUg\">Ara\u00a0pots con\u00e9ixer-la des de casa en aquest tour.<\/a><\/p>\n<p><a href=\"https:\/\/www.valenciaturisme.org\/wp-content\/uploads\/2021\/02\/cueva-turche-lago-scaled.jpg\"><img loading=\"lazy\" decoding=\"async\" class=\" wp-image-57890 aligncenter\" src=\"https:\/\/turisme.dival.es\/wp-content\/uploads\/2021\/09\/cueva-turche-lago-scaled.jpg\" alt=\"\" width=\"552\" height=\"369\" \/><\/a><\/p>\n<p>&nbsp;<\/p>\n<p>&nbsp;<\/p>\n<p>&nbsp;<\/p>\n","protected":false},"excerpt":{"rendered":"<p>Bu\u00f1ol t\u2019ofereix diferents visites virtuals perqu\u00e8 descobrisques el municipi de la Foia de Bunyol-Xiva des de casa. L\u2019Auditori de m\u00fasica a l\u2019aire lliure es va inaugurar el 1989, arran del gran impuls i el creixement que havien experimentat les dues societats musicals de Bunyol. L\u2019Auditori t\u00e9 una capacitat aproximada per a 2.500 persones, al peu [&hellip;]<\/p>\n","protected":false},"author":1,"featured_media":16522,"comment_status":"open","ping_status":"open","sticky":false,"template":"","format":"standard","meta":{"_acf_changed":false,"_et_pb_use_builder":"","_et_pb_old_content":"","_et_gb_content_width":"","footnotes":""},"categories":[1951,1940,1945,1941],"tags":[2607,1775,2635],"class_list":["post-128620","post","type-post","status-publish","format-standard","has-post-thumbnail","hentry","category-entrades","category-cultura","category-destacados","category-festes-i-oci","tag-patrimoni","tag-plans-escapades","tag-rutes-escapades-turisme-visites"],"acf":{"destacado":false},"yoast_head":"<!-- This site is optimized with the Yoast SEO plugin v23.0 - https:\/\/yoast.com\/wordpress\/plugins\/seo\/ -->\n<title>Descobreix les visites virtuals de Bu\u00f1ol &#060; Valencia Turismo<\/title>\n<meta name=\"robots\" content=\"index, follow, max-snippet:-1, max-image-preview:large, max-video-preview:-1\" \/>\n<link rel=\"canonical\" href=\"https:\/\/turisme.dival.es\/ca\/descobreix-les-visites-virtuals-de-bunol\/\" \/>\n<meta property=\"og:locale\" content=\"en_US\" \/>\n<meta property=\"og:type\" content=\"article\" \/>\n<meta property=\"og:title\" content=\"Descobreix les visites virtuals de Bu\u00f1ol &#060; Valencia Turismo\" \/>\n<meta property=\"og:description\" content=\"Bu\u00f1ol t\u2019ofereix diferents visites virtuals perqu\u00e8 descobrisques el municipi de la Foia de Bunyol-Xiva des de casa. L\u2019Auditori de m\u00fasica a l\u2019aire lliure es va inaugurar el 1989, arran del gran impuls i el creixement que havien experimentat les dues societats musicals de Bunyol. L\u2019Auditori t\u00e9 una capacitat aproximada per a 2.500 persones, al peu [&hellip;]\" \/>\n<meta property=\"og:url\" content=\"https:\/\/turisme.dival.es\/ca\/descobreix-les-visites-virtuals-de-bunol\/\" \/>\n<meta property=\"og:site_name\" content=\"Valencia Turismo\" \/>\n<meta property=\"article:published_time\" content=\"2022-02-21T13:06:24+00:00\" \/>\n<meta property=\"article:modified_time\" content=\"2024-05-04T05:54:12+00:00\" \/>\n<meta property=\"og:image\" content=\"https:\/\/turisme.dival.es\/wp-content\/uploads\/2021\/09\/cueva-turche-lago-scaled.jpg\" \/>\n\t<meta property=\"og:image:width\" content=\"2560\" \/>\n\t<meta property=\"og:image:height\" content=\"1707\" \/>\n\t<meta property=\"og:image:type\" content=\"image\/jpeg\" \/>\n<meta name=\"author\" content=\"Val\u00e8ncia Turisme\" \/>\n<meta name=\"twitter:card\" content=\"summary_large_image\" \/>\n<meta name=\"twitter:label1\" content=\"Written by\" \/>\n\t<meta name=\"twitter:data1\" content=\"Val\u00e8ncia Turisme\" \/>\n\t<meta name=\"twitter:label2\" content=\"Est. reading time\" \/>\n\t<meta name=\"twitter:data2\" content=\"2 minutes\" \/>\n<script type=\"application\/ld+json\" class=\"yoast-schema-graph\">{\"@context\":\"https:\/\/schema.org\",\"@graph\":[{\"@type\":\"WebPage\",\"@id\":\"https:\/\/turisme.dival.es\/ca\/descobreix-les-visites-virtuals-de-bunol\/\",\"url\":\"https:\/\/turisme.dival.es\/ca\/descobreix-les-visites-virtuals-de-bunol\/\",\"name\":\"Descobreix les visites virtuals de Bu\u00f1ol &#060; Valencia Turismo\",\"isPartOf\":{\"@id\":\"https:\/\/turisme.dival.es\/#website\"},\"primaryImageOfPage\":{\"@id\":\"https:\/\/turisme.dival.es\/ca\/descobreix-les-visites-virtuals-de-bunol\/#primaryimage\"},\"image\":{\"@id\":\"https:\/\/turisme.dival.es\/ca\/descobreix-les-visites-virtuals-de-bunol\/#primaryimage\"},\"thumbnailUrl\":\"https:\/\/turisme.dival.es\/wp-content\/uploads\/2021\/09\/cueva-turche-lago-scaled.jpg\",\"datePublished\":\"2022-02-21T13:06:24+00:00\",\"dateModified\":\"2024-05-04T05:54:12+00:00\",\"author\":{\"@id\":\"https:\/\/turisme.dival.es\/#\/schema\/person\/3e0b7dd59fafb4560a54b9a4940574f4\"},\"inLanguage\":\"vl\",\"potentialAction\":[{\"@type\":\"ReadAction\",\"target\":[\"https:\/\/turisme.dival.es\/ca\/descobreix-les-visites-virtuals-de-bunol\/\"]}]},{\"@type\":\"ImageObject\",\"inLanguage\":\"vl\",\"@id\":\"https:\/\/turisme.dival.es\/ca\/descobreix-les-visites-virtuals-de-bunol\/#primaryimage\",\"url\":\"https:\/\/turisme.dival.es\/wp-content\/uploads\/2021\/09\/cueva-turche-lago-scaled.jpg\",\"contentUrl\":\"https:\/\/turisme.dival.es\/wp-content\/uploads\/2021\/09\/cueva-turche-lago-scaled.jpg\",\"width\":2560,\"height\":1707,\"caption\":\"|||\"},{\"@type\":\"WebSite\",\"@id\":\"https:\/\/turisme.dival.es\/#website\",\"url\":\"https:\/\/turisme.dival.es\/\",\"name\":\"valenciaturismo.com.mialias.net\",\"description\":\"\",\"potentialAction\":[{\"@type\":\"SearchAction\",\"target\":{\"@type\":\"EntryPoint\",\"urlTemplate\":\"https:\/\/turisme.dival.es\/?s={search_term_string}\"},\"query-input\":\"required name=search_term_string\"}],\"inLanguage\":\"vl\"},{\"@type\":\"Person\",\"@id\":\"https:\/\/turisme.dival.es\/#\/schema\/person\/3e0b7dd59fafb4560a54b9a4940574f4\",\"name\":\"Val\u00e8ncia Turisme\",\"image\":{\"@type\":\"ImageObject\",\"inLanguage\":\"vl\",\"@id\":\"https:\/\/turisme.dival.es\/#\/schema\/person\/image\/\",\"url\":\"https:\/\/secure.gravatar.com\/avatar\/0e9af38f68e5d55d0728b298890449252967999842654f5245c679ec46532ee9?s=96&d=mm&r=g\",\"contentUrl\":\"https:\/\/secure.gravatar.com\/avatar\/0e9af38f68e5d55d0728b298890449252967999842654f5245c679ec46532ee9?s=96&d=mm&r=g\",\"caption\":\"Val\u00e8ncia Turisme\"},\"sameAs\":[\"https:\/\/turisme.dival.es\"]}]}<\/script>\n<!-- \/ Yoast SEO plugin. -->","yoast_head_json":{"title":"Descobreix les visites virtuals de Bu\u00f1ol &#060; Valencia Turismo","robots":{"index":"index","follow":"follow","max-snippet":"max-snippet:-1","max-image-preview":"max-image-preview:large","max-video-preview":"max-video-preview:-1"},"canonical":"https:\/\/turisme.dival.es\/ca\/descobreix-les-visites-virtuals-de-bunol\/","og_locale":"en_US","og_type":"article","og_title":"Descobreix les visites virtuals de Bu\u00f1ol &#060; Valencia Turismo","og_description":"Bu\u00f1ol t\u2019ofereix diferents visites virtuals perqu\u00e8 descobrisques el municipi de la Foia de Bunyol-Xiva des de casa. L\u2019Auditori de m\u00fasica a l\u2019aire lliure es va inaugurar el 1989, arran del gran impuls i el creixement que havien experimentat les dues societats musicals de Bunyol. L\u2019Auditori t\u00e9 una capacitat aproximada per a 2.500 persones, al peu [&hellip;]","og_url":"https:\/\/turisme.dival.es\/ca\/descobreix-les-visites-virtuals-de-bunol\/","og_site_name":"Valencia Turismo","article_published_time":"2022-02-21T13:06:24+00:00","article_modified_time":"2024-05-04T05:54:12+00:00","og_image":[{"width":2560,"height":1707,"url":"https:\/\/turisme.dival.es\/wp-content\/uploads\/2021\/09\/cueva-turche-lago-scaled.jpg","type":"image\/jpeg"}],"author":"Val\u00e8ncia Turisme","twitter_card":"summary_large_image","twitter_misc":{"Written by":"Val\u00e8ncia Turisme","Est. reading time":"2 minutes"},"schema":{"@context":"https:\/\/schema.org","@graph":[{"@type":"WebPage","@id":"https:\/\/turisme.dival.es\/ca\/descobreix-les-visites-virtuals-de-bunol\/","url":"https:\/\/turisme.dival.es\/ca\/descobreix-les-visites-virtuals-de-bunol\/","name":"Descobreix les visites virtuals de Bu\u00f1ol &#060; Valencia Turismo","isPartOf":{"@id":"https:\/\/turisme.dival.es\/#website"},"primaryImageOfPage":{"@id":"https:\/\/turisme.dival.es\/ca\/descobreix-les-visites-virtuals-de-bunol\/#primaryimage"},"image":{"@id":"https:\/\/turisme.dival.es\/ca\/descobreix-les-visites-virtuals-de-bunol\/#primaryimage"},"thumbnailUrl":"https:\/\/turisme.dival.es\/wp-content\/uploads\/2021\/09\/cueva-turche-lago-scaled.jpg","datePublished":"2022-02-21T13:06:24+00:00","dateModified":"2024-05-04T05:54:12+00:00","author":{"@id":"https:\/\/turisme.dival.es\/#\/schema\/person\/3e0b7dd59fafb4560a54b9a4940574f4"},"inLanguage":"vl","potentialAction":[{"@type":"ReadAction","target":["https:\/\/turisme.dival.es\/ca\/descobreix-les-visites-virtuals-de-bunol\/"]}]},{"@type":"ImageObject","inLanguage":"vl","@id":"https:\/\/turisme.dival.es\/ca\/descobreix-les-visites-virtuals-de-bunol\/#primaryimage","url":"https:\/\/turisme.dival.es\/wp-content\/uploads\/2021\/09\/cueva-turche-lago-scaled.jpg","contentUrl":"https:\/\/turisme.dival.es\/wp-content\/uploads\/2021\/09\/cueva-turche-lago-scaled.jpg","width":2560,"height":1707,"caption":"|||"},{"@type":"WebSite","@id":"https:\/\/turisme.dival.es\/#website","url":"https:\/\/turisme.dival.es\/","name":"valenciaturismo.com.mialias.net","description":"","potentialAction":[{"@type":"SearchAction","target":{"@type":"EntryPoint","urlTemplate":"https:\/\/turisme.dival.es\/?s={search_term_string}"},"query-input":"required name=search_term_string"}],"inLanguage":"vl"},{"@type":"Person","@id":"https:\/\/turisme.dival.es\/#\/schema\/person\/3e0b7dd59fafb4560a54b9a4940574f4","name":"Val\u00e8ncia Turisme","image":{"@type":"ImageObject","inLanguage":"vl","@id":"https:\/\/turisme.dival.es\/#\/schema\/person\/image\/","url":"https:\/\/secure.gravatar.com\/avatar\/0e9af38f68e5d55d0728b298890449252967999842654f5245c679ec46532ee9?s=96&d=mm&r=g","contentUrl":"https:\/\/secure.gravatar.com\/avatar\/0e9af38f68e5d55d0728b298890449252967999842654f5245c679ec46532ee9?s=96&d=mm&r=g","caption":"Val\u00e8ncia Turisme"},"sameAs":["https:\/\/turisme.dival.es"]}]}},"_links":{"self":[{"href":"https:\/\/turisme.dival.es\/ca\/wp-json\/wp\/v2\/posts\/128620","targetHints":{"allow":["GET"]}}],"collection":[{"href":"https:\/\/turisme.dival.es\/ca\/wp-json\/wp\/v2\/posts"}],"about":[{"href":"https:\/\/turisme.dival.es\/ca\/wp-json\/wp\/v2\/types\/post"}],"author":[{"embeddable":true,"href":"https:\/\/turisme.dival.es\/ca\/wp-json\/wp\/v2\/users\/1"}],"replies":[{"embeddable":true,"href":"https:\/\/turisme.dival.es\/ca\/wp-json\/wp\/v2\/comments?post=128620"}],"version-history":[{"count":1,"href":"https:\/\/turisme.dival.es\/ca\/wp-json\/wp\/v2\/posts\/128620\/revisions"}],"predecessor-version":[{"id":128621,"href":"https:\/\/turisme.dival.es\/ca\/wp-json\/wp\/v2\/posts\/128620\/revisions\/128621"}],"wp:featuredmedia":[{"embeddable":true,"href":"https:\/\/turisme.dival.es\/ca\/wp-json\/wp\/v2\/media\/16522"}],"wp:attachment":[{"href":"https:\/\/turisme.dival.es\/ca\/wp-json\/wp\/v2\/media?parent=128620"}],"wp:term":[{"taxonomy":"category","embeddable":true,"href":"https:\/\/turisme.dival.es\/ca\/wp-json\/wp\/v2\/categories?post=128620"},{"taxonomy":"post_tag","embeddable":true,"href":"https:\/\/turisme.dival.es\/ca\/wp-json\/wp\/v2\/tags?post=128620"}],"curies":[{"name":"wp","href":"https:\/\/api.w.org\/{rel}","templated":true}]}}