{"id":128474,"date":"2017-11-07T13:09:38","date_gmt":"2017-11-07T13:09:38","guid":{"rendered":"https:\/\/turisme.dival.es\/endolceix-te-amb-fivamel-la-fira-valenciana-de-la-mel\/"},"modified":"2024-05-04T05:51:08","modified_gmt":"2024-05-04T05:51:08","slug":"endolceix-te-amb-fivamel-la-fira-valenciana-de-la-mel","status":"publish","type":"post","link":"https:\/\/turisme.dival.es\/ca\/endolceix-te-amb-fivamel-la-fira-valenciana-de-la-mel\/","title":{"rendered":"Endolceix-te amb Fivamel, la Fira Valenciana de la Mel"},"content":{"rendered":"<p style=\"text-align: justify\">El divendres, 10 de novembre, arriba Fivamel, la Fira Valenciana de la Mel, per a oferir, fins al diumenge 12 de novembre, la m\u00e9s completa oferta ap\u00edcola a Montroi.<\/p>\n<p style=\"text-align: justify\">Aquesta cita tan dol\u00e7a \u00e9s la segona relacionada amb la mel que hem tingut a Val\u00e8ncia despr\u00e9s de la celebrada a Aiora. Enguany la fira pret\u00e9n sorprendre\u2019ns a tots amb productes nous elaborats a partir d\u2019aquest ingredient natural tan nutritiu i tan bo per a la nostra salut. Tamb\u00e9 podrem veure exhibicions i demostracions que ens ajudaran a con\u00e9ixer millor tot el treball que hi ha darrere, exposicions culturals i concursos.<\/p>\n<p style=\"text-align: justify\">Mel, pol\u00b7len, pr\u00f2polis, gelea reial i cera verge s\u00f3n alguns dels productes derivats de les abelles que ens mostraran els expositors.<\/p>\n<p><a href=\"https:\/\/turisme.dival.es\/wp-content\/uploads\/2021\/09\/fivamel-endulza-1.jpg\"><img loading=\"lazy\" decoding=\"async\" class=\"alignnone wp-image-53622\" src=\"https:\/\/turisme.dival.es\/wp-content\/uploads\/2021\/09\/fivamel-endulza-1.jpg\" alt=\"\" width=\"736\" height=\"461\" \/><\/a><\/p>\n<p style=\"text-align: justify\">Fivamel obrir\u00e0 les seues portes el divendres 10 de novembre a les 10:00 hores del mat\u00ed; a les 11:00 hores, a la pla\u00e7a Europa, tindr\u00e0 lloc l\u2019obertura del Museu Valenci\u00e0 de la Mel (Muvamel), i, a les 19:30 hores, s\u2019inaugurar\u00e0 oficialment la fira. El diumenge, a les 12:00, se celebrar\u00e0 l\u2019esperat XX Concurs Nacional de Mels i, per fi, podrem con\u00e9ixer els guanyadors.<\/p>\n<p style=\"text-align: justify\">Recorda que el recinte estar\u00e0 obert de 10:00 a 22:00 hores, encara que romandr\u00e0 tancat de 14:00 a 16:00 hores.<\/p>\n<p style=\"text-align: justify\"><a href=\"http:\/\/www.fivamel.com\/\">Consulta ac\u00ed el programa<\/a> complet i tota la informaci\u00f3. T\u2019esperem!<\/p>\n<p>&nbsp;<\/p>\n<p>&nbsp;<\/p>\n","protected":false},"excerpt":{"rendered":"<p>El divendres, 10 de novembre, arriba Fivamel, la Fira Valenciana de la Mel, per a oferir, fins al diumenge 12 de novembre, la m\u00e9s completa oferta ap\u00edcola a Montroi. Aquesta cita tan dol\u00e7a \u00e9s la segona relacionada amb la mel que hem tingut a Val\u00e8ncia despr\u00e9s de la celebrada a Aiora. Enguany la fira pret\u00e9n [&hellip;]<\/p>\n","protected":false},"author":1,"featured_media":16149,"comment_status":"open","ping_status":"open","sticky":false,"template":"","format":"standard","meta":{"_acf_changed":false,"_et_pb_use_builder":"","_et_pb_old_content":"","_et_gb_content_width":"","footnotes":""},"categories":[1951,1945,1938],"tags":[],"class_list":["post-128474","post","type-post","status-publish","format-standard","has-post-thumbnail","hentry","category-entrades","category-destacados","category-gastronomia"],"acf":{"destacado":false},"yoast_head":"<!-- This site is optimized with the Yoast SEO plugin v23.0 - https:\/\/yoast.com\/wordpress\/plugins\/seo\/ -->\n<title>Endolceix-te amb Fivamel, la Fira Valenciana de la Mel &#060; Valencia Turismo<\/title>\n<meta name=\"robots\" content=\"index, follow, max-snippet:-1, max-image-preview:large, max-video-preview:-1\" \/>\n<link rel=\"canonical\" href=\"https:\/\/turisme.dival.es\/ca\/endolceix-te-amb-fivamel-la-fira-valenciana-de-la-mel\/\" \/>\n<meta property=\"og:locale\" content=\"en_US\" \/>\n<meta property=\"og:type\" content=\"article\" \/>\n<meta property=\"og:title\" content=\"Endolceix-te amb Fivamel, la Fira Valenciana de la Mel &#060; Valencia Turismo\" \/>\n<meta property=\"og:description\" content=\"El divendres, 10 de novembre, arriba Fivamel, la Fira Valenciana de la Mel, per a oferir, fins al diumenge 12 de novembre, la m\u00e9s completa oferta ap\u00edcola a Montroi. Aquesta cita tan dol\u00e7a \u00e9s la segona relacionada amb la mel que hem tingut a Val\u00e8ncia despr\u00e9s de la celebrada a Aiora. Enguany la fira pret\u00e9n [&hellip;]\" \/>\n<meta property=\"og:url\" content=\"https:\/\/turisme.dival.es\/ca\/endolceix-te-amb-fivamel-la-fira-valenciana-de-la-mel\/\" \/>\n<meta property=\"og:site_name\" content=\"Valencia Turismo\" \/>\n<meta property=\"article:published_time\" content=\"2017-11-07T13:09:38+00:00\" \/>\n<meta property=\"article:modified_time\" content=\"2024-05-04T05:51:08+00:00\" \/>\n<meta property=\"og:image\" content=\"https:\/\/turisme.dival.es\/wp-content\/uploads\/2021\/09\/FOTOS_para-galeria-imatges.jpg\" \/>\n\t<meta property=\"og:image:width\" content=\"640\" \/>\n\t<meta property=\"og:image:height\" content=\"480\" \/>\n\t<meta property=\"og:image:type\" content=\"image\/jpeg\" \/>\n<meta name=\"author\" content=\"Val\u00e8ncia Turisme\" \/>\n<meta name=\"twitter:card\" content=\"summary_large_image\" \/>\n<meta name=\"twitter:label1\" content=\"Written by\" \/>\n\t<meta name=\"twitter:data1\" content=\"Val\u00e8ncia Turisme\" \/>\n\t<meta name=\"twitter:label2\" content=\"Est. reading time\" \/>\n\t<meta name=\"twitter:data2\" content=\"1 minute\" \/>\n<script type=\"application\/ld+json\" class=\"yoast-schema-graph\">{\"@context\":\"https:\/\/schema.org\",\"@graph\":[{\"@type\":\"WebPage\",\"@id\":\"https:\/\/turisme.dival.es\/ca\/endolceix-te-amb-fivamel-la-fira-valenciana-de-la-mel\/\",\"url\":\"https:\/\/turisme.dival.es\/ca\/endolceix-te-amb-fivamel-la-fira-valenciana-de-la-mel\/\",\"name\":\"Endolceix-te amb Fivamel, la Fira Valenciana de la Mel &#060; Valencia Turismo\",\"isPartOf\":{\"@id\":\"https:\/\/turisme.dival.es\/#website\"},\"primaryImageOfPage\":{\"@id\":\"https:\/\/turisme.dival.es\/ca\/endolceix-te-amb-fivamel-la-fira-valenciana-de-la-mel\/#primaryimage\"},\"image\":{\"@id\":\"https:\/\/turisme.dival.es\/ca\/endolceix-te-amb-fivamel-la-fira-valenciana-de-la-mel\/#primaryimage\"},\"thumbnailUrl\":\"https:\/\/turisme.dival.es\/wp-content\/uploads\/2021\/09\/FOTOS_para-galeria-imatges.jpg\",\"datePublished\":\"2017-11-07T13:09:38+00:00\",\"dateModified\":\"2024-05-04T05:51:08+00:00\",\"author\":{\"@id\":\"https:\/\/turisme.dival.es\/#\/schema\/person\/3e0b7dd59fafb4560a54b9a4940574f4\"},\"inLanguage\":\"vl\",\"potentialAction\":[{\"@type\":\"ReadAction\",\"target\":[\"https:\/\/turisme.dival.es\/ca\/endolceix-te-amb-fivamel-la-fira-valenciana-de-la-mel\/\"]}]},{\"@type\":\"ImageObject\",\"inLanguage\":\"vl\",\"@id\":\"https:\/\/turisme.dival.es\/ca\/endolceix-te-amb-fivamel-la-fira-valenciana-de-la-mel\/#primaryimage\",\"url\":\"https:\/\/turisme.dival.es\/wp-content\/uploads\/2021\/09\/FOTOS_para-galeria-imatges.jpg\",\"contentUrl\":\"https:\/\/turisme.dival.es\/wp-content\/uploads\/2021\/09\/FOTOS_para-galeria-imatges.jpg\",\"width\":640,\"height\":480,\"caption\":\"||\"},{\"@type\":\"WebSite\",\"@id\":\"https:\/\/turisme.dival.es\/#website\",\"url\":\"https:\/\/turisme.dival.es\/\",\"name\":\"valenciaturismo.com.mialias.net\",\"description\":\"\",\"potentialAction\":[{\"@type\":\"SearchAction\",\"target\":{\"@type\":\"EntryPoint\",\"urlTemplate\":\"https:\/\/turisme.dival.es\/?s={search_term_string}\"},\"query-input\":\"required name=search_term_string\"}],\"inLanguage\":\"vl\"},{\"@type\":\"Person\",\"@id\":\"https:\/\/turisme.dival.es\/#\/schema\/person\/3e0b7dd59fafb4560a54b9a4940574f4\",\"name\":\"Val\u00e8ncia Turisme\",\"image\":{\"@type\":\"ImageObject\",\"inLanguage\":\"vl\",\"@id\":\"https:\/\/turisme.dival.es\/#\/schema\/person\/image\/\",\"url\":\"https:\/\/secure.gravatar.com\/avatar\/0e9af38f68e5d55d0728b298890449252967999842654f5245c679ec46532ee9?s=96&d=mm&r=g\",\"contentUrl\":\"https:\/\/secure.gravatar.com\/avatar\/0e9af38f68e5d55d0728b298890449252967999842654f5245c679ec46532ee9?s=96&d=mm&r=g\",\"caption\":\"Val\u00e8ncia Turisme\"},\"sameAs\":[\"https:\/\/turisme.dival.es\"]}]}<\/script>\n<!-- \/ Yoast SEO plugin. -->","yoast_head_json":{"title":"Endolceix-te amb Fivamel, la Fira Valenciana de la Mel &#060; Valencia Turismo","robots":{"index":"index","follow":"follow","max-snippet":"max-snippet:-1","max-image-preview":"max-image-preview:large","max-video-preview":"max-video-preview:-1"},"canonical":"https:\/\/turisme.dival.es\/ca\/endolceix-te-amb-fivamel-la-fira-valenciana-de-la-mel\/","og_locale":"en_US","og_type":"article","og_title":"Endolceix-te amb Fivamel, la Fira Valenciana de la Mel &#060; Valencia Turismo","og_description":"El divendres, 10 de novembre, arriba Fivamel, la Fira Valenciana de la Mel, per a oferir, fins al diumenge 12 de novembre, la m\u00e9s completa oferta ap\u00edcola a Montroi. Aquesta cita tan dol\u00e7a \u00e9s la segona relacionada amb la mel que hem tingut a Val\u00e8ncia despr\u00e9s de la celebrada a Aiora. Enguany la fira pret\u00e9n [&hellip;]","og_url":"https:\/\/turisme.dival.es\/ca\/endolceix-te-amb-fivamel-la-fira-valenciana-de-la-mel\/","og_site_name":"Valencia Turismo","article_published_time":"2017-11-07T13:09:38+00:00","article_modified_time":"2024-05-04T05:51:08+00:00","og_image":[{"width":640,"height":480,"url":"https:\/\/turisme.dival.es\/wp-content\/uploads\/2021\/09\/FOTOS_para-galeria-imatges.jpg","type":"image\/jpeg"}],"author":"Val\u00e8ncia Turisme","twitter_card":"summary_large_image","twitter_misc":{"Written by":"Val\u00e8ncia Turisme","Est. reading time":"1 minute"},"schema":{"@context":"https:\/\/schema.org","@graph":[{"@type":"WebPage","@id":"https:\/\/turisme.dival.es\/ca\/endolceix-te-amb-fivamel-la-fira-valenciana-de-la-mel\/","url":"https:\/\/turisme.dival.es\/ca\/endolceix-te-amb-fivamel-la-fira-valenciana-de-la-mel\/","name":"Endolceix-te amb Fivamel, la Fira Valenciana de la Mel &#060; Valencia Turismo","isPartOf":{"@id":"https:\/\/turisme.dival.es\/#website"},"primaryImageOfPage":{"@id":"https:\/\/turisme.dival.es\/ca\/endolceix-te-amb-fivamel-la-fira-valenciana-de-la-mel\/#primaryimage"},"image":{"@id":"https:\/\/turisme.dival.es\/ca\/endolceix-te-amb-fivamel-la-fira-valenciana-de-la-mel\/#primaryimage"},"thumbnailUrl":"https:\/\/turisme.dival.es\/wp-content\/uploads\/2021\/09\/FOTOS_para-galeria-imatges.jpg","datePublished":"2017-11-07T13:09:38+00:00","dateModified":"2024-05-04T05:51:08+00:00","author":{"@id":"https:\/\/turisme.dival.es\/#\/schema\/person\/3e0b7dd59fafb4560a54b9a4940574f4"},"inLanguage":"vl","potentialAction":[{"@type":"ReadAction","target":["https:\/\/turisme.dival.es\/ca\/endolceix-te-amb-fivamel-la-fira-valenciana-de-la-mel\/"]}]},{"@type":"ImageObject","inLanguage":"vl","@id":"https:\/\/turisme.dival.es\/ca\/endolceix-te-amb-fivamel-la-fira-valenciana-de-la-mel\/#primaryimage","url":"https:\/\/turisme.dival.es\/wp-content\/uploads\/2021\/09\/FOTOS_para-galeria-imatges.jpg","contentUrl":"https:\/\/turisme.dival.es\/wp-content\/uploads\/2021\/09\/FOTOS_para-galeria-imatges.jpg","width":640,"height":480,"caption":"||"},{"@type":"WebSite","@id":"https:\/\/turisme.dival.es\/#website","url":"https:\/\/turisme.dival.es\/","name":"valenciaturismo.com.mialias.net","description":"","potentialAction":[{"@type":"SearchAction","target":{"@type":"EntryPoint","urlTemplate":"https:\/\/turisme.dival.es\/?s={search_term_string}"},"query-input":"required name=search_term_string"}],"inLanguage":"vl"},{"@type":"Person","@id":"https:\/\/turisme.dival.es\/#\/schema\/person\/3e0b7dd59fafb4560a54b9a4940574f4","name":"Val\u00e8ncia Turisme","image":{"@type":"ImageObject","inLanguage":"vl","@id":"https:\/\/turisme.dival.es\/#\/schema\/person\/image\/","url":"https:\/\/secure.gravatar.com\/avatar\/0e9af38f68e5d55d0728b298890449252967999842654f5245c679ec46532ee9?s=96&d=mm&r=g","contentUrl":"https:\/\/secure.gravatar.com\/avatar\/0e9af38f68e5d55d0728b298890449252967999842654f5245c679ec46532ee9?s=96&d=mm&r=g","caption":"Val\u00e8ncia Turisme"},"sameAs":["https:\/\/turisme.dival.es"]}]}},"_links":{"self":[{"href":"https:\/\/turisme.dival.es\/ca\/wp-json\/wp\/v2\/posts\/128474","targetHints":{"allow":["GET"]}}],"collection":[{"href":"https:\/\/turisme.dival.es\/ca\/wp-json\/wp\/v2\/posts"}],"about":[{"href":"https:\/\/turisme.dival.es\/ca\/wp-json\/wp\/v2\/types\/post"}],"author":[{"embeddable":true,"href":"https:\/\/turisme.dival.es\/ca\/wp-json\/wp\/v2\/users\/1"}],"replies":[{"embeddable":true,"href":"https:\/\/turisme.dival.es\/ca\/wp-json\/wp\/v2\/comments?post=128474"}],"version-history":[{"count":1,"href":"https:\/\/turisme.dival.es\/ca\/wp-json\/wp\/v2\/posts\/128474\/revisions"}],"predecessor-version":[{"id":128475,"href":"https:\/\/turisme.dival.es\/ca\/wp-json\/wp\/v2\/posts\/128474\/revisions\/128475"}],"wp:featuredmedia":[{"embeddable":true,"href":"https:\/\/turisme.dival.es\/ca\/wp-json\/wp\/v2\/media\/16149"}],"wp:attachment":[{"href":"https:\/\/turisme.dival.es\/ca\/wp-json\/wp\/v2\/media?parent=128474"}],"wp:term":[{"taxonomy":"category","embeddable":true,"href":"https:\/\/turisme.dival.es\/ca\/wp-json\/wp\/v2\/categories?post=128474"},{"taxonomy":"post_tag","embeddable":true,"href":"https:\/\/turisme.dival.es\/ca\/wp-json\/wp\/v2\/tags?post=128474"}],"curies":[{"name":"wp","href":"https:\/\/api.w.org\/{rel}","templated":true}]}}