{"id":128358,"date":"2016-08-02T09:04:07","date_gmt":"2016-08-02T09:04:07","guid":{"rendered":"https:\/\/turisme.dival.es\/la-tomatina-2016-a-bunol\/"},"modified":"2024-05-05T15:19:10","modified_gmt":"2024-05-05T15:19:10","slug":"la-tomatina-2016-a-bunol","status":"publish","type":"post","link":"https:\/\/turisme.dival.es\/ca\/la-tomatina-2016-a-bunol\/","title":{"rendered":"La Tomatina 2016, a Bu\u00f1ol"},"content":{"rendered":"<p style=\"text-align: justify\">Agost \u00e9s el mes per excel\u2022l\u00e8ncia de les festes patronals a la majoria de municipis valencians. La Tomatina de Bu\u00f1ol, que cada any se celebra l\u2019\u00faltim dimecres d\u2019agost, enguany tindr\u00e0 lloc el 31 d\u2019agost.<\/p>\n<p style=\"text-align: justify\">No anem a descobrir cap secret si diem que el mat\u00ed del 31 d\u2019agost, la capital de la Foia de Bunyol-Xiva s\u2019omplir\u00e0 de visitants de tot el m\u00f3n que assistiran a una festa d\u2019Inter\u00e9s Tur\u00edstic Internacional. La Tomatina \u00e9s especial, com demostra que cada any arriben autobusos plens de turistes procedents de pa\u00efsos tan llunyans com Austr\u00e0lia, la Xina o els Estats Units, ansiosos de gaudir de la festa.<\/p>\n<p style=\"text-align: justify\">Tot comen\u00e7a a les 11 del mat\u00ed, quan es dispara el coet que serveix de senyal perqu\u00e8 els camions carregats de tomaques entren en la multitud. Els participants les agafaran, les picaran i les hi llan\u00e7aran als altres assistents.<\/p>\n<p style=\"text-align: justify\">Els carrers de Bu\u00f1ol es tenyiran de roig, fins que al migdia un altre coet assenyale que la Tomatina ha finalitzat.<\/p>\n<p style=\"text-align: justify\"><strong>Consells<\/strong><\/p>\n<p style=\"text-align: justify\">A m\u00e9s de no oblidar la vostra entrada a casa, recordeu que la roba acabar\u00e0 plena de suc de tomaca, de manera que cerqueu el m\u00e9s vell que tingueu en l\u2019armari o la roba que aneu a tirar. Per la mateixa ra\u00f3, us recomanem dur ulleres d\u2019aigua per a protegir-vos, i si porteu c\u00e0mera de fotos, que siga aqu\u00e0tica. El m\u00f2bil i altres objectes de valor us recomanem guardar-los en el cotxe o on us allotgeu.<\/p>\n<p style=\"text-align: justify\">M\u00e9s informaci\u00f3: www.tomatina.es<\/p>\n<p style=\"text-align: justify\">\n<p style=\"text-align: justify\"><strong>La Tomatina 2016, en Bu\u00f1ol<\/strong><\/p>\n<p style=\"text-align: justify\">\u00a0Agosto es el mes por excelencia de las fiestas patronales en la mayor\u00eda de municipios valencianos. La Tomatina de Bu\u00f1ol, que cada a\u00f1o se celebra el \u00faltimo mi\u00e9rcoles de agosto, este a\u00f1o tendr\u00e1 lugar el 31 de agosto.<\/p>\n<p style=\"text-align: justify\">No vamos a descubrir ning\u00fan secreto si decimos que la ma\u00f1ana del 31 de agosto la capital de la Hoya de Bu\u00f1ol-Chiva se llenar\u00e1 de visitantes de todo el mundo que asistir\u00e1n a una fiesta de Inter\u00e9s Tur\u00edstico Internacional. La Tomatina es algo especial, como demuestra que cada a\u00f1o lleguen autobuses llenos de turistas procedentes de pa\u00edses tan lejanos como Australia, China o los Estados Unidos ansiosos de disfrutar de la fiesta.<\/p>\n<p style=\"text-align: justify\">Todo comenzar\u00e1 a las 11 de la ma\u00f1ana, cuando se dispare el cohete que sirve de se\u00f1al para que los camiones cargados de tomates entren en la multitud. Los participantes los coger\u00e1n, los machacar\u00e1n y se los lanzar\u00e1n a los dem\u00e1s asistentes. Las calles de Bu\u00f1ol se te\u00f1ir\u00e1n de rojo, hasta que al mediod\u00eda otro cohete se\u00f1ale que la Tomatina ha llegado a su fin.<\/p>\n<p style=\"text-align: justify\"><strong>Consejos<\/strong><br \/>\nAdem\u00e1s de no olvidar tu entrada en casa, recuerda que la ropa acabar\u00e1 llena de zumo de tomate as\u00ed que busca lo m\u00e1s viejo que tengas en el armario o la ropa que vayas a tirar. Por la misma raz\u00f3n te recomendamos ir con gafas de agua para protegerte, y si llevas c\u00e1mara de fotos que sea acu\u00e1tica. El m\u00f3vil y otros objetos de valor te recomendamos guardarlos en el coche o donde te alojes.<\/p>\n<p style=\"text-align: justify\">M\u00e1s informaci\u00f3n: www.tomatina.es<\/p>\n","protected":false},"excerpt":{"rendered":"<p>Agost \u00e9s el mes per excel\u2022l\u00e8ncia de les festes patronals a la majoria de municipis valencians. La Tomatina de Bu\u00f1ol, que cada any se celebra l\u2019\u00faltim dimecres d\u2019agost, enguany tindr\u00e0 lloc el 31 d\u2019agost. No anem a descobrir cap secret si diem que el mat\u00ed del 31 d\u2019agost, la capital de la Foia de Bunyol-Xiva [&hellip;]<\/p>\n","protected":false},"author":1,"featured_media":15540,"comment_status":"open","ping_status":"open","sticky":false,"template":"","format":"standard","meta":{"_acf_changed":false,"_et_pb_use_builder":"","_et_pb_old_content":"","_et_gb_content_width":"","footnotes":""},"categories":[1951,1940,1941,1939],"tags":[],"class_list":["post-128358","post","type-post","status-publish","format-standard","has-post-thumbnail","hentry","category-entrades","category-cultura","category-festes-i-oci","category-general"],"acf":{"destacado":false},"yoast_head":"<!-- This site is optimized with the Yoast SEO plugin v23.0 - https:\/\/yoast.com\/wordpress\/plugins\/seo\/ -->\n<title>La Tomatina 2016, a Bu\u00f1ol &#060; Valencia Turismo<\/title>\n<meta name=\"robots\" content=\"index, follow, max-snippet:-1, max-image-preview:large, max-video-preview:-1\" \/>\n<link rel=\"canonical\" href=\"https:\/\/turisme.dival.es\/ca\/la-tomatina-2016-a-bunol\/\" \/>\n<meta property=\"og:locale\" content=\"en_US\" \/>\n<meta property=\"og:type\" content=\"article\" \/>\n<meta property=\"og:title\" content=\"La Tomatina 2016, a Bu\u00f1ol &#060; Valencia Turismo\" \/>\n<meta property=\"og:description\" content=\"Agost \u00e9s el mes per excel\u2022l\u00e8ncia de les festes patronals a la majoria de municipis valencians. La Tomatina de Bu\u00f1ol, que cada any se celebra l\u2019\u00faltim dimecres d\u2019agost, enguany tindr\u00e0 lloc el 31 d\u2019agost. No anem a descobrir cap secret si diem que el mat\u00ed del 31 d\u2019agost, la capital de la Foia de Bunyol-Xiva [&hellip;]\" \/>\n<meta property=\"og:url\" content=\"https:\/\/turisme.dival.es\/ca\/la-tomatina-2016-a-bunol\/\" \/>\n<meta property=\"og:site_name\" content=\"Valencia Turismo\" \/>\n<meta property=\"article:published_time\" content=\"2016-08-02T09:04:07+00:00\" \/>\n<meta property=\"article:modified_time\" content=\"2024-05-05T15:19:10+00:00\" \/>\n<meta property=\"og:image\" content=\"https:\/\/turisme.dival.es\/wp-content\/uploads\/2021\/09\/Bunol-tomatina6-1.jpg\" \/>\n\t<meta property=\"og:image:width\" content=\"1944\" \/>\n\t<meta property=\"og:image:height\" content=\"1296\" \/>\n\t<meta property=\"og:image:type\" content=\"image\/jpeg\" \/>\n<meta name=\"author\" content=\"Val\u00e8ncia Turisme\" \/>\n<meta name=\"twitter:card\" content=\"summary_large_image\" \/>\n<meta name=\"twitter:label1\" content=\"Written by\" \/>\n\t<meta name=\"twitter:data1\" content=\"Val\u00e8ncia Turisme\" \/>\n\t<meta name=\"twitter:label2\" content=\"Est. reading time\" \/>\n\t<meta name=\"twitter:data2\" content=\"3 minutes\" \/>\n<script type=\"application\/ld+json\" class=\"yoast-schema-graph\">{\"@context\":\"https:\/\/schema.org\",\"@graph\":[{\"@type\":\"WebPage\",\"@id\":\"https:\/\/turisme.dival.es\/ca\/la-tomatina-2016-a-bunol\/\",\"url\":\"https:\/\/turisme.dival.es\/ca\/la-tomatina-2016-a-bunol\/\",\"name\":\"La Tomatina 2016, a Bu\u00f1ol &#060; Valencia Turismo\",\"isPartOf\":{\"@id\":\"https:\/\/turisme.dival.es\/#website\"},\"primaryImageOfPage\":{\"@id\":\"https:\/\/turisme.dival.es\/ca\/la-tomatina-2016-a-bunol\/#primaryimage\"},\"image\":{\"@id\":\"https:\/\/turisme.dival.es\/ca\/la-tomatina-2016-a-bunol\/#primaryimage\"},\"thumbnailUrl\":\"https:\/\/turisme.dival.es\/wp-content\/uploads\/2021\/09\/Bunol-tomatina6-1.jpg\",\"datePublished\":\"2016-08-02T09:04:07+00:00\",\"dateModified\":\"2024-05-05T15:19:10+00:00\",\"author\":{\"@id\":\"https:\/\/turisme.dival.es\/#\/schema\/person\/3e0b7dd59fafb4560a54b9a4940574f4\"},\"inLanguage\":\"vl\",\"potentialAction\":[{\"@type\":\"ReadAction\",\"target\":[\"https:\/\/turisme.dival.es\/ca\/la-tomatina-2016-a-bunol\/\"]}]},{\"@type\":\"ImageObject\",\"inLanguage\":\"vl\",\"@id\":\"https:\/\/turisme.dival.es\/ca\/la-tomatina-2016-a-bunol\/#primaryimage\",\"url\":\"https:\/\/turisme.dival.es\/wp-content\/uploads\/2021\/09\/Bunol-tomatina6-1.jpg\",\"contentUrl\":\"https:\/\/turisme.dival.es\/wp-content\/uploads\/2021\/09\/Bunol-tomatina6-1.jpg\",\"width\":1944,\"height\":1296},{\"@type\":\"WebSite\",\"@id\":\"https:\/\/turisme.dival.es\/#website\",\"url\":\"https:\/\/turisme.dival.es\/\",\"name\":\"valenciaturismo.com.mialias.net\",\"description\":\"\",\"potentialAction\":[{\"@type\":\"SearchAction\",\"target\":{\"@type\":\"EntryPoint\",\"urlTemplate\":\"https:\/\/turisme.dival.es\/?s={search_term_string}\"},\"query-input\":\"required name=search_term_string\"}],\"inLanguage\":\"vl\"},{\"@type\":\"Person\",\"@id\":\"https:\/\/turisme.dival.es\/#\/schema\/person\/3e0b7dd59fafb4560a54b9a4940574f4\",\"name\":\"Val\u00e8ncia Turisme\",\"image\":{\"@type\":\"ImageObject\",\"inLanguage\":\"vl\",\"@id\":\"https:\/\/turisme.dival.es\/#\/schema\/person\/image\/\",\"url\":\"https:\/\/secure.gravatar.com\/avatar\/0e9af38f68e5d55d0728b298890449252967999842654f5245c679ec46532ee9?s=96&d=mm&r=g\",\"contentUrl\":\"https:\/\/secure.gravatar.com\/avatar\/0e9af38f68e5d55d0728b298890449252967999842654f5245c679ec46532ee9?s=96&d=mm&r=g\",\"caption\":\"Val\u00e8ncia Turisme\"},\"sameAs\":[\"https:\/\/turisme.dival.es\"]}]}<\/script>\n<!-- \/ Yoast SEO plugin. -->","yoast_head_json":{"title":"La Tomatina 2016, a Bu\u00f1ol &#060; Valencia Turismo","robots":{"index":"index","follow":"follow","max-snippet":"max-snippet:-1","max-image-preview":"max-image-preview:large","max-video-preview":"max-video-preview:-1"},"canonical":"https:\/\/turisme.dival.es\/ca\/la-tomatina-2016-a-bunol\/","og_locale":"en_US","og_type":"article","og_title":"La Tomatina 2016, a Bu\u00f1ol &#060; Valencia Turismo","og_description":"Agost \u00e9s el mes per excel\u2022l\u00e8ncia de les festes patronals a la majoria de municipis valencians. La Tomatina de Bu\u00f1ol, que cada any se celebra l\u2019\u00faltim dimecres d\u2019agost, enguany tindr\u00e0 lloc el 31 d\u2019agost. No anem a descobrir cap secret si diem que el mat\u00ed del 31 d\u2019agost, la capital de la Foia de Bunyol-Xiva [&hellip;]","og_url":"https:\/\/turisme.dival.es\/ca\/la-tomatina-2016-a-bunol\/","og_site_name":"Valencia Turismo","article_published_time":"2016-08-02T09:04:07+00:00","article_modified_time":"2024-05-05T15:19:10+00:00","og_image":[{"width":1944,"height":1296,"url":"https:\/\/turisme.dival.es\/wp-content\/uploads\/2021\/09\/Bunol-tomatina6-1.jpg","type":"image\/jpeg"}],"author":"Val\u00e8ncia Turisme","twitter_card":"summary_large_image","twitter_misc":{"Written by":"Val\u00e8ncia Turisme","Est. reading time":"3 minutes"},"schema":{"@context":"https:\/\/schema.org","@graph":[{"@type":"WebPage","@id":"https:\/\/turisme.dival.es\/ca\/la-tomatina-2016-a-bunol\/","url":"https:\/\/turisme.dival.es\/ca\/la-tomatina-2016-a-bunol\/","name":"La Tomatina 2016, a Bu\u00f1ol &#060; Valencia Turismo","isPartOf":{"@id":"https:\/\/turisme.dival.es\/#website"},"primaryImageOfPage":{"@id":"https:\/\/turisme.dival.es\/ca\/la-tomatina-2016-a-bunol\/#primaryimage"},"image":{"@id":"https:\/\/turisme.dival.es\/ca\/la-tomatina-2016-a-bunol\/#primaryimage"},"thumbnailUrl":"https:\/\/turisme.dival.es\/wp-content\/uploads\/2021\/09\/Bunol-tomatina6-1.jpg","datePublished":"2016-08-02T09:04:07+00:00","dateModified":"2024-05-05T15:19:10+00:00","author":{"@id":"https:\/\/turisme.dival.es\/#\/schema\/person\/3e0b7dd59fafb4560a54b9a4940574f4"},"inLanguage":"vl","potentialAction":[{"@type":"ReadAction","target":["https:\/\/turisme.dival.es\/ca\/la-tomatina-2016-a-bunol\/"]}]},{"@type":"ImageObject","inLanguage":"vl","@id":"https:\/\/turisme.dival.es\/ca\/la-tomatina-2016-a-bunol\/#primaryimage","url":"https:\/\/turisme.dival.es\/wp-content\/uploads\/2021\/09\/Bunol-tomatina6-1.jpg","contentUrl":"https:\/\/turisme.dival.es\/wp-content\/uploads\/2021\/09\/Bunol-tomatina6-1.jpg","width":1944,"height":1296},{"@type":"WebSite","@id":"https:\/\/turisme.dival.es\/#website","url":"https:\/\/turisme.dival.es\/","name":"valenciaturismo.com.mialias.net","description":"","potentialAction":[{"@type":"SearchAction","target":{"@type":"EntryPoint","urlTemplate":"https:\/\/turisme.dival.es\/?s={search_term_string}"},"query-input":"required name=search_term_string"}],"inLanguage":"vl"},{"@type":"Person","@id":"https:\/\/turisme.dival.es\/#\/schema\/person\/3e0b7dd59fafb4560a54b9a4940574f4","name":"Val\u00e8ncia Turisme","image":{"@type":"ImageObject","inLanguage":"vl","@id":"https:\/\/turisme.dival.es\/#\/schema\/person\/image\/","url":"https:\/\/secure.gravatar.com\/avatar\/0e9af38f68e5d55d0728b298890449252967999842654f5245c679ec46532ee9?s=96&d=mm&r=g","contentUrl":"https:\/\/secure.gravatar.com\/avatar\/0e9af38f68e5d55d0728b298890449252967999842654f5245c679ec46532ee9?s=96&d=mm&r=g","caption":"Val\u00e8ncia Turisme"},"sameAs":["https:\/\/turisme.dival.es"]}]}},"_links":{"self":[{"href":"https:\/\/turisme.dival.es\/ca\/wp-json\/wp\/v2\/posts\/128358","targetHints":{"allow":["GET"]}}],"collection":[{"href":"https:\/\/turisme.dival.es\/ca\/wp-json\/wp\/v2\/posts"}],"about":[{"href":"https:\/\/turisme.dival.es\/ca\/wp-json\/wp\/v2\/types\/post"}],"author":[{"embeddable":true,"href":"https:\/\/turisme.dival.es\/ca\/wp-json\/wp\/v2\/users\/1"}],"replies":[{"embeddable":true,"href":"https:\/\/turisme.dival.es\/ca\/wp-json\/wp\/v2\/comments?post=128358"}],"version-history":[{"count":1,"href":"https:\/\/turisme.dival.es\/ca\/wp-json\/wp\/v2\/posts\/128358\/revisions"}],"predecessor-version":[{"id":130909,"href":"https:\/\/turisme.dival.es\/ca\/wp-json\/wp\/v2\/posts\/128358\/revisions\/130909"}],"wp:featuredmedia":[{"embeddable":true,"href":"https:\/\/turisme.dival.es\/ca\/wp-json\/wp\/v2\/media\/15540"}],"wp:attachment":[{"href":"https:\/\/turisme.dival.es\/ca\/wp-json\/wp\/v2\/media?parent=128358"}],"wp:term":[{"taxonomy":"category","embeddable":true,"href":"https:\/\/turisme.dival.es\/ca\/wp-json\/wp\/v2\/categories?post=128358"},{"taxonomy":"post_tag","embeddable":true,"href":"https:\/\/turisme.dival.es\/ca\/wp-json\/wp\/v2\/tags?post=128358"}],"curies":[{"name":"wp","href":"https:\/\/api.w.org\/{rel}","templated":true}]}}