{"id":128089,"date":"2015-01-26T08:54:39","date_gmt":"2015-01-26T08:54:39","guid":{"rendered":"https:\/\/turisme.dival.es\/la-cueva-de-don-juan-en-jalance\/"},"modified":"2024-05-04T05:42:48","modified_gmt":"2024-05-04T05:42:48","slug":"la-cueva-de-don-juan-en-jalance","status":"publish","type":"post","link":"https:\/\/turisme.dival.es\/ca\/la-cueva-de-don-juan-en-jalance\/","title":{"rendered":"LA CUEVA DE DON JUAN EN JALANCE"},"content":{"rendered":"<p>Os invitamos a realizar una excursi\u00f3n al interior de la Provincia, pero al interior nunca mejor dicho; a las entra\u00f1as de la tierra, la visita a una de las pocas cuevas visitable de la Comunidad Valenciana, La Cueva de Don Juan, esta situada en el municipio de Jalance, en el Valle de Ayora y se accede con mucha facilidad a sus instalaciones, os sorprender\u00e1&#8230;..<\/p>\n<p><a href=\"https:\/\/www.valenciaturisme.org\/blog\/2015\/01\/la-cueva-de-don-juan-en-jalance\/20_003\/\" rel=\"attachment wp-att-7542\"><img loading=\"lazy\" decoding=\"async\" class=\"aligncenter size-large wp-image-7542\" src=\"https:\/\/turisme.dival.es\/wp-content\/uploads\/2022\/01\/20_003.jpg\" alt=\"20_003\" width=\"630\" height=\"472\" \/><\/a><\/p>\n<p>&nbsp;<\/p>\n<p>LA CUEVA<\/p>\n<p>SITUACI\u00d3N GEOGR\u00c1FICA<br \/>\nLa Cueva de Don Juan se encuentra en el municipio valenciano de Jalance, declarado municipio tur\u00edstico de la Comunidad Valenciana (<br \/>\nDECRETO 54\/2002, de 10 de abril, del Gobierno Valenciano, de declaraci\u00f3n de municipio tur\u00edstico de distintos municipios de la Comunidad Valenciana ), a unos 120 kil\u00f3metros de la ciudad de Valencia.<br \/>\nSe form\u00f3 en las estribaciones m\u00e1s orientales de la Sierra del oquer\u00f3n, a unos 660 metros de altitud sobre el nivel del mar. Desde Jalance hasta la cueva hay unos doce kil\u00f3metros por pista asfaltada. El acceso se encuentra en buenas condiciones y perfectamente se\u00f1alizado. En ste trayecto se pasa por parajes atractivos y de singular belleza (loma del Picazo, loma de los Capellanes, los ca\u00f1ones del J\u00facar, el ampichuelo, etc.), rodeados por una masa boscosa formada principalmente por pinos carrascos, pero donde los madro\u00f1os, con sus jugosos frutos, tienen una gran presencia.<br \/>\nLa cueva se enclava en la margen derecha de un barranco afluente del r\u00edo J\u00facar, zona de abrupto relieve y encajados cursos fluviales, que o<br \/>\nfrecen al visitante unas vistas panor\u00e1micas en un entorno rodeado de naturaleza y belleza, vistas que se pueden obtener desde cualquiera de los miradores acondicionados por la Agencia Valenciana de Turismo que se encuentran de camino hacia la cueva.<\/p>\n<p>&nbsp;<\/p>\n<p><a href=\"https:\/\/www.valenciaturisme.org\/blog\/2015\/01\/la-cueva-de-don-juan-en-jalance\/16_008\/\" rel=\"attachment wp-att-7543\"><img loading=\"lazy\" decoding=\"async\" class=\"aligncenter size-large wp-image-7543\" src=\"https:\/\/turisme.dival.es\/wp-content\/uploads\/2022\/01\/16_008.jpg\" alt=\"16_008\" width=\"630\" height=\"472\" \/><\/a><\/p>\n<p>RASGOS GEOL\u00d3GICOS<br \/>\nLa Cueva de Don Juan se desarrolla en un contexto geol\u00f3gico de calizas microcristalinas, de pasta fina, del Santoniense. Son el inicio de los \u00faltimos sedimentos marinos del Cret\u00e1cico Superior. El nivel de base impermeable lo encontramos en el Ceniaciense, nivel de margas ocres. Este tipo de roquedo, bastante puro y resistente, es el que suele ofrecer los mejores ejemplos de cuevas , como es el caso de la Cueva de Don Juan.<br \/>\nEn cuanto a las formas c\u00e1rsticas internas, en la cueva de Don Juan se pueden observar de todo tipo: estalactitas, estalagmitas, columnas,<br \/>\nbanderas, coladas,&#8230; Como elemento singular en la cueva mencionar la existencia de una surgencia colgada desarrollada en calcirruditas.<\/p>\n<p>HISTORIA \/ ARQUEOLOG\u00cdA<br \/>\nLos vestigios de presencia humana m\u00e1s antiguos hallados en la Cueva de Don Juan son diversas herramientas de piedra, utillaje l\u00edtico us<br \/>\nado para la caza que corresponde al per\u00edodo Mesol\u00edtico (8.000 a 6000 a. C.). Tambi\u00e9n aparecieron materiales de \u00e9pocas posteriores, concretamente correspondientes a la Edad del Bronce Valenciano (1.900 a 500 a. C.). Esta funci\u00f3n de habit\u00e1culo que cumple la cueva se va reduciendo a simple cobijo temporal para pasar la noche o como refugio contra las inclemencias del tiempo por parte de pastores y cazadores.<br \/>\nEl acondicionamiento tur\u00edstico de la cueva, por parte de la corporaci\u00f3n municipal, comenz\u00f3 en las \u00faltimas d\u00e9cadas del siglo XX. Las continuas mejoras que se han ido realizando tanto en el acceso como en el interior de la cavidad, ha convertido a esta cueva en un hito tur\u00edstico digno de ser visitado.<\/p>\n<p>&nbsp;<\/p>\n<p><a href=\"https:\/\/www.valenciaturisme.org\/blog\/2015\/01\/la-cueva-de-don-juan-en-jalance\/19_006\/\" rel=\"attachment wp-att-7544\"><img loading=\"lazy\" decoding=\"async\" class=\"aligncenter size-large wp-image-7544\" src=\"https:\/\/turisme.dival.es\/wp-content\/uploads\/2022\/01\/19_006.jpg\" alt=\"19_006\" width=\"630\" height=\"472\" \/><\/a><\/p>\n<p>VISITA<br \/>\nLa cueva ha sido acondicionada para facilitar su visita. Las mejoras de los caminos y la construcci\u00f3n de un parking para autobuses y otro pa<br \/>\nra turismos, ha facilitado el acceso hasta la cueva. Adem\u00e1s, la construcci\u00f3n de escaleras y la instalaci\u00f3n de barandillas, tanto en el exterior como en el recorrido interno de la cueva, asegura a los visitantes una visita grata y tranquila. A todo esto hay que a\u00f1adir una adecuada iluminaci\u00f3n a lo largo de todo el recorrido y de las amplias salas que forman la cueva as\u00ed como una agradable m\u00fasica ambiental.<br \/>\nCerca de la entrada de la cueva hay un centro de recepci\u00f3n de visitantes donde se encuentra la cafeter\u00eda, tienda, venta de entradas y<br \/>\nsala de espera.<br \/>\nEl recorrido por el interior de la cueva es de unos quinientos metros y dura unos cuarenta minutos. Toda la visita est\u00e1 acompa\u00f1ada y<br \/>\nexplicada por atentas gu\u00edas tur\u00edsticas.<\/p>\n<p>&nbsp;<\/p>\n<p><a href=\"https:\/\/www.valenciaturisme.org\/blog\/2015\/01\/la-cueva-de-don-juan-en-jalance\/27_001\/\" rel=\"attachment wp-att-7545\"><img loading=\"lazy\" decoding=\"async\" class=\"aligncenter size-large wp-image-7545\" src=\"https:\/\/turisme.dival.es\/wp-content\/uploads\/2022\/01\/27_001.jpg\" alt=\"27_001\" width=\"630\" height=\"472\" \/><\/a><\/p>\n<p>La cueva presenta dos tramos bien diferenciados:<br \/>\n&#8211; el primero y m\u00e1s cercano a la entrada es el tramo seco y f\u00f3sil,<br \/>\n&#8211; y en la parte interna est\u00e1 el tramo h\u00famedo y en constante crecimiento.<\/p>\n<p><strong>PARA VISITAR LA CUEVA<\/strong><\/p>\n<p><span class=\"txt06\">CUEVA DE DON JUAN<\/span><\/p>\n<p>www.cuevadedonjuan.es<br \/>\nMail: <a class=\"txt07_lnk\" href=\"mailto:info@cuevadedonjuan.com\">cuevadedonjuan@outlook.es<\/a><br \/>\nTel. +34 962196011<br \/>\nEnlace con la web del ayuntamiento<br \/>\n<a class=\"txt07_lnk\" href=\"http:\/\/www.jalance.es\" target=\"_blank\" rel=\"noopener\">http:\/\/www.jalance.es<\/a><\/p>\n","protected":false},"excerpt":{"rendered":"<p>Os invitamos a realizar una excursi\u00f3n al interior de la Provincia, pero al interior nunca mejor dicho; a las entra\u00f1as de la tierra, la visita a una de las pocas cuevas visitable de la Comunidad Valenciana, La Cueva de Don Juan, esta situada en el municipio de Jalance, en el Valle de Ayora y se [&hellip;]<\/p>\n","protected":false},"author":1,"featured_media":15062,"comment_status":"open","ping_status":"open","sticky":false,"template":"","format":"standard","meta":{"_acf_changed":false,"_et_pb_use_builder":"","_et_pb_old_content":"","_et_gb_content_width":"","footnotes":""},"categories":[1951,1945,1942,1943],"tags":[],"class_list":["post-128089","post","type-post","status-publish","format-standard","has-post-thumbnail","hentry","category-entrades","category-destacados","category-platges","category-racons-i-llocs"],"acf":{"destacado":false},"yoast_head":"<!-- This site is optimized with the Yoast SEO plugin v23.0 - https:\/\/yoast.com\/wordpress\/plugins\/seo\/ -->\n<title>LA CUEVA DE DON JUAN EN JALANCE &#060; Valencia Turismo<\/title>\n<meta name=\"robots\" content=\"index, follow, max-snippet:-1, max-image-preview:large, max-video-preview:-1\" \/>\n<link rel=\"canonical\" href=\"https:\/\/turisme.dival.es\/ca\/la-cueva-de-don-juan-en-jalance\/\" \/>\n<meta property=\"og:locale\" content=\"en_US\" \/>\n<meta property=\"og:type\" content=\"article\" \/>\n<meta property=\"og:title\" content=\"LA CUEVA DE DON JUAN EN JALANCE &#060; Valencia Turismo\" \/>\n<meta property=\"og:description\" content=\"Os invitamos a realizar una excursi\u00f3n al interior de la Provincia, pero al interior nunca mejor dicho; a las entra\u00f1as de la tierra, la visita a una de las pocas cuevas visitable de la Comunidad Valenciana, La Cueva de Don Juan, esta situada en el municipio de Jalance, en el Valle de Ayora y se [&hellip;]\" \/>\n<meta property=\"og:url\" content=\"https:\/\/turisme.dival.es\/ca\/la-cueva-de-don-juan-en-jalance\/\" \/>\n<meta property=\"og:site_name\" content=\"Valencia Turismo\" \/>\n<meta property=\"article:published_time\" content=\"2015-01-26T08:54:39+00:00\" \/>\n<meta property=\"article:modified_time\" content=\"2024-05-04T05:42:48+00:00\" \/>\n<meta property=\"og:image\" content=\"https:\/\/turisme.dival.es\/wp-content\/uploads\/2021\/09\/Cueva-de-Don-Juan-Nuevo-Horario.jpg\" \/>\n\t<meta property=\"og:image:width\" content=\"1653\" \/>\n\t<meta property=\"og:image:height\" content=\"1169\" \/>\n\t<meta property=\"og:image:type\" content=\"image\/jpeg\" \/>\n<meta name=\"author\" content=\"Val\u00e8ncia Turisme\" \/>\n<meta name=\"twitter:card\" content=\"summary_large_image\" \/>\n<meta name=\"twitter:label1\" content=\"Written by\" \/>\n\t<meta name=\"twitter:data1\" content=\"Val\u00e8ncia Turisme\" \/>\n\t<meta name=\"twitter:label2\" content=\"Est. reading time\" \/>\n\t<meta name=\"twitter:data2\" content=\"4 minutes\" \/>\n<script type=\"application\/ld+json\" class=\"yoast-schema-graph\">{\"@context\":\"https:\/\/schema.org\",\"@graph\":[{\"@type\":\"WebPage\",\"@id\":\"https:\/\/turisme.dival.es\/ca\/la-cueva-de-don-juan-en-jalance\/\",\"url\":\"https:\/\/turisme.dival.es\/ca\/la-cueva-de-don-juan-en-jalance\/\",\"name\":\"LA CUEVA DE DON JUAN EN JALANCE &#060; Valencia Turismo\",\"isPartOf\":{\"@id\":\"https:\/\/turisme.dival.es\/#website\"},\"primaryImageOfPage\":{\"@id\":\"https:\/\/turisme.dival.es\/ca\/la-cueva-de-don-juan-en-jalance\/#primaryimage\"},\"image\":{\"@id\":\"https:\/\/turisme.dival.es\/ca\/la-cueva-de-don-juan-en-jalance\/#primaryimage\"},\"thumbnailUrl\":\"https:\/\/turisme.dival.es\/wp-content\/uploads\/2021\/09\/Cueva-de-Don-Juan-Nuevo-Horario.jpg\",\"datePublished\":\"2015-01-26T08:54:39+00:00\",\"dateModified\":\"2024-05-04T05:42:48+00:00\",\"author\":{\"@id\":\"https:\/\/turisme.dival.es\/#\/schema\/person\/3e0b7dd59fafb4560a54b9a4940574f4\"},\"inLanguage\":\"vl\",\"potentialAction\":[{\"@type\":\"ReadAction\",\"target\":[\"https:\/\/turisme.dival.es\/ca\/la-cueva-de-don-juan-en-jalance\/\"]}]},{\"@type\":\"ImageObject\",\"inLanguage\":\"vl\",\"@id\":\"https:\/\/turisme.dival.es\/ca\/la-cueva-de-don-juan-en-jalance\/#primaryimage\",\"url\":\"https:\/\/turisme.dival.es\/wp-content\/uploads\/2021\/09\/Cueva-de-Don-Juan-Nuevo-Horario.jpg\",\"contentUrl\":\"https:\/\/turisme.dival.es\/wp-content\/uploads\/2021\/09\/Cueva-de-Don-Juan-Nuevo-Horario.jpg\",\"width\":1653,\"height\":1169,\"caption\":\"|||||\"},{\"@type\":\"WebSite\",\"@id\":\"https:\/\/turisme.dival.es\/#website\",\"url\":\"https:\/\/turisme.dival.es\/\",\"name\":\"valenciaturismo.com.mialias.net\",\"description\":\"\",\"potentialAction\":[{\"@type\":\"SearchAction\",\"target\":{\"@type\":\"EntryPoint\",\"urlTemplate\":\"https:\/\/turisme.dival.es\/?s={search_term_string}\"},\"query-input\":\"required name=search_term_string\"}],\"inLanguage\":\"vl\"},{\"@type\":\"Person\",\"@id\":\"https:\/\/turisme.dival.es\/#\/schema\/person\/3e0b7dd59fafb4560a54b9a4940574f4\",\"name\":\"Val\u00e8ncia Turisme\",\"image\":{\"@type\":\"ImageObject\",\"inLanguage\":\"vl\",\"@id\":\"https:\/\/turisme.dival.es\/#\/schema\/person\/image\/\",\"url\":\"https:\/\/secure.gravatar.com\/avatar\/0e9af38f68e5d55d0728b298890449252967999842654f5245c679ec46532ee9?s=96&d=mm&r=g\",\"contentUrl\":\"https:\/\/secure.gravatar.com\/avatar\/0e9af38f68e5d55d0728b298890449252967999842654f5245c679ec46532ee9?s=96&d=mm&r=g\",\"caption\":\"Val\u00e8ncia Turisme\"},\"sameAs\":[\"https:\/\/turisme.dival.es\"]}]}<\/script>\n<!-- \/ Yoast SEO plugin. -->","yoast_head_json":{"title":"LA CUEVA DE DON JUAN EN JALANCE &#060; Valencia Turismo","robots":{"index":"index","follow":"follow","max-snippet":"max-snippet:-1","max-image-preview":"max-image-preview:large","max-video-preview":"max-video-preview:-1"},"canonical":"https:\/\/turisme.dival.es\/ca\/la-cueva-de-don-juan-en-jalance\/","og_locale":"en_US","og_type":"article","og_title":"LA CUEVA DE DON JUAN EN JALANCE &#060; Valencia Turismo","og_description":"Os invitamos a realizar una excursi\u00f3n al interior de la Provincia, pero al interior nunca mejor dicho; a las entra\u00f1as de la tierra, la visita a una de las pocas cuevas visitable de la Comunidad Valenciana, La Cueva de Don Juan, esta situada en el municipio de Jalance, en el Valle de Ayora y se [&hellip;]","og_url":"https:\/\/turisme.dival.es\/ca\/la-cueva-de-don-juan-en-jalance\/","og_site_name":"Valencia Turismo","article_published_time":"2015-01-26T08:54:39+00:00","article_modified_time":"2024-05-04T05:42:48+00:00","og_image":[{"width":1653,"height":1169,"url":"https:\/\/turisme.dival.es\/wp-content\/uploads\/2021\/09\/Cueva-de-Don-Juan-Nuevo-Horario.jpg","type":"image\/jpeg"}],"author":"Val\u00e8ncia Turisme","twitter_card":"summary_large_image","twitter_misc":{"Written by":"Val\u00e8ncia Turisme","Est. reading time":"4 minutes"},"schema":{"@context":"https:\/\/schema.org","@graph":[{"@type":"WebPage","@id":"https:\/\/turisme.dival.es\/ca\/la-cueva-de-don-juan-en-jalance\/","url":"https:\/\/turisme.dival.es\/ca\/la-cueva-de-don-juan-en-jalance\/","name":"LA CUEVA DE DON JUAN EN JALANCE &#060; Valencia Turismo","isPartOf":{"@id":"https:\/\/turisme.dival.es\/#website"},"primaryImageOfPage":{"@id":"https:\/\/turisme.dival.es\/ca\/la-cueva-de-don-juan-en-jalance\/#primaryimage"},"image":{"@id":"https:\/\/turisme.dival.es\/ca\/la-cueva-de-don-juan-en-jalance\/#primaryimage"},"thumbnailUrl":"https:\/\/turisme.dival.es\/wp-content\/uploads\/2021\/09\/Cueva-de-Don-Juan-Nuevo-Horario.jpg","datePublished":"2015-01-26T08:54:39+00:00","dateModified":"2024-05-04T05:42:48+00:00","author":{"@id":"https:\/\/turisme.dival.es\/#\/schema\/person\/3e0b7dd59fafb4560a54b9a4940574f4"},"inLanguage":"vl","potentialAction":[{"@type":"ReadAction","target":["https:\/\/turisme.dival.es\/ca\/la-cueva-de-don-juan-en-jalance\/"]}]},{"@type":"ImageObject","inLanguage":"vl","@id":"https:\/\/turisme.dival.es\/ca\/la-cueva-de-don-juan-en-jalance\/#primaryimage","url":"https:\/\/turisme.dival.es\/wp-content\/uploads\/2021\/09\/Cueva-de-Don-Juan-Nuevo-Horario.jpg","contentUrl":"https:\/\/turisme.dival.es\/wp-content\/uploads\/2021\/09\/Cueva-de-Don-Juan-Nuevo-Horario.jpg","width":1653,"height":1169,"caption":"|||||"},{"@type":"WebSite","@id":"https:\/\/turisme.dival.es\/#website","url":"https:\/\/turisme.dival.es\/","name":"valenciaturismo.com.mialias.net","description":"","potentialAction":[{"@type":"SearchAction","target":{"@type":"EntryPoint","urlTemplate":"https:\/\/turisme.dival.es\/?s={search_term_string}"},"query-input":"required name=search_term_string"}],"inLanguage":"vl"},{"@type":"Person","@id":"https:\/\/turisme.dival.es\/#\/schema\/person\/3e0b7dd59fafb4560a54b9a4940574f4","name":"Val\u00e8ncia Turisme","image":{"@type":"ImageObject","inLanguage":"vl","@id":"https:\/\/turisme.dival.es\/#\/schema\/person\/image\/","url":"https:\/\/secure.gravatar.com\/avatar\/0e9af38f68e5d55d0728b298890449252967999842654f5245c679ec46532ee9?s=96&d=mm&r=g","contentUrl":"https:\/\/secure.gravatar.com\/avatar\/0e9af38f68e5d55d0728b298890449252967999842654f5245c679ec46532ee9?s=96&d=mm&r=g","caption":"Val\u00e8ncia Turisme"},"sameAs":["https:\/\/turisme.dival.es"]}]}},"_links":{"self":[{"href":"https:\/\/turisme.dival.es\/ca\/wp-json\/wp\/v2\/posts\/128089","targetHints":{"allow":["GET"]}}],"collection":[{"href":"https:\/\/turisme.dival.es\/ca\/wp-json\/wp\/v2\/posts"}],"about":[{"href":"https:\/\/turisme.dival.es\/ca\/wp-json\/wp\/v2\/types\/post"}],"author":[{"embeddable":true,"href":"https:\/\/turisme.dival.es\/ca\/wp-json\/wp\/v2\/users\/1"}],"replies":[{"embeddable":true,"href":"https:\/\/turisme.dival.es\/ca\/wp-json\/wp\/v2\/comments?post=128089"}],"version-history":[{"count":1,"href":"https:\/\/turisme.dival.es\/ca\/wp-json\/wp\/v2\/posts\/128089\/revisions"}],"predecessor-version":[{"id":128090,"href":"https:\/\/turisme.dival.es\/ca\/wp-json\/wp\/v2\/posts\/128089\/revisions\/128090"}],"wp:featuredmedia":[{"embeddable":true,"href":"https:\/\/turisme.dival.es\/ca\/wp-json\/wp\/v2\/media\/15062"}],"wp:attachment":[{"href":"https:\/\/turisme.dival.es\/ca\/wp-json\/wp\/v2\/media?parent=128089"}],"wp:term":[{"taxonomy":"category","embeddable":true,"href":"https:\/\/turisme.dival.es\/ca\/wp-json\/wp\/v2\/categories?post=128089"},{"taxonomy":"post_tag","embeddable":true,"href":"https:\/\/turisme.dival.es\/ca\/wp-json\/wp\/v2\/tags?post=128089"}],"curies":[{"name":"wp","href":"https:\/\/api.w.org\/{rel}","templated":true}]}}