{"id":128071,"date":"2015-01-07T12:07:22","date_gmt":"2015-01-07T12:07:22","guid":{"rendered":"https:\/\/turisme.dival.es\/la-ruta-dels-borja-en-la-provincia-de-valencia\/"},"modified":"2024-05-05T15:16:44","modified_gmt":"2024-05-05T15:16:44","slug":"la-ruta-dels-borja-en-la-provincia-de-valencia","status":"publish","type":"post","link":"https:\/\/turisme.dival.es\/ca\/la-ruta-dels-borja-en-la-provincia-de-valencia\/","title":{"rendered":"LA RUTA DELS BORJA EN LA PROVINCIA DE VALENCIA"},"content":{"rendered":"<p>La Ruta de los Borja es el itinerario tur\u00edstico-cultural que nos aproxima a los or\u00edgenes y la historia de la familia valenciana m\u00e1s internacional: \u201cEls Borja\u201d, los Borgia.<\/p>\n<p>\u00bfQuienes fueron los Borja? Una familia de or\u00edgen valenciano, de la que en 50 a\u00f1os dos de sus miembros se proclamaron Papas, cuyos descendientes entroncaron con las familias m\u00e1s nobles, conquistaron una parte de Italia, e inspiraron gran cantidad de biograf\u00edas, novelas y pel\u00edculas.<\/p>\n<p>&nbsp;<\/p>\n<p><a href=\"https:\/\/www.valenciaturisme.org\/blog\/2015\/01\/la-ruta-de-los-borgia-en-la-provincia-de-valencia\/palau-dels-borja-gandia\/\" rel=\"attachment wp-att-7480\"><img loading=\"lazy\" decoding=\"async\" class=\"aligncenter  wp-image-7480\" src=\"https:\/\/turisme.dival.es\/wp-content\/uploads\/2022\/01\/PALAU-DELS-BORJA-Gandia.jpg\" alt=\"PALAU DELS BORJA-Gandia\" width=\"492\" height=\"532\" \/><\/a><\/p>\n<p>Una historia asombrosa que descubriremos visitando los lugares de or\u00edgen y paso de los Borja: Canals, X\u00e0tiva, Simat de la Valldigna, Gandia y Valencia.<\/p>\n<p>En Canals, donde naci\u00f3 Calixto III, es de obligada visita la casa natal y su torre, \u00fanico resto visible del antiguo palacio familiar de los Borja. Se trata de una torre fortificada de planta cuadrada realizada con mamposter\u00eda y ladrillo, consta de varias alturas y s\u00f3tanos, con terraza almenada, la torre fue rehabilitada en 1995, demoliendo las casa adosadas y recuperando su altura original, muy cerca se encuentra el oratorio de los Borja o Ermita de la Santa Cruz, donde podremos admirar un interesante retablo de los siglos XV y XVI, as\u00ed como la iglesia parroquial.<br \/>\nEn X\u00e0tiva caminaremos por sus calles medievales encontr\u00e1ndonos con multitud de fuentes que desde tiempos isl\u00e1micos resuenan en sus plazas. La Seu-Colegiata y el antiguo Hospital Medieval, el museo del Almod\u00ed o la casa natal de Alejandro VI son visitas muy recomendables.<\/p>\n<p>En su castillo entraremos a la prisi\u00f3n donde estuvo el Conde d\u2019Urgell, candidato a rey de la corona de Arag\u00f3n y que perdi\u00f3 sus opciones de serlo en el Compromiso de Caspe de 1412.<\/p>\n<p>Pero no podemos dejar X\u00e0tiva sin probar los dulces t\u00edpicos de la \u00e9poca isl\u00e1mica como el famoso arnad\u00ed, hecho de calabaza cocida al horno con az\u00facar, canela, almendra y pi\u00f1ones, o el mundialmente famoso arroz al horno.<\/p>\n<p>Monasterio de Simat de la Valldigna, de estilo cisterciense, fundado por Jaime II en el a\u00f1o 1298, de este monasterio fue abad Rodrigo de Borja (futuro Papa Alejandro VI) y durante su estancia se construy\u00f3 una de las estancias mejor conservadas actualmente, la Sala Capitular siendo finalizadas sus obras siendo abad su hijo Cesar Borja. Habitado hasta la desamortizaci\u00f3n de Mendiz\u00e1bal trajo consigo desde ese momento un notable deterioro y expolio de sus dependencias, no siendo posible su rehabilitaci\u00f3n hasta la adquisici\u00f3n del mismo en 1991 por la Generalitat Valenciana. Actualmente y tras un proceso de restauraci\u00f3n y consolidaci\u00f3n, puede visitarse la iglesia, jardines aleda\u00f1os y algunas dependencias del Monasterio.<\/p>\n<p>Gandia. El Ducado que Rodrigo de Borja compr\u00f3 al rey Fernando el Cat\u00f3lico en 1485. Su huella permanece en las calles y edificios del Centro Hist\u00f3rico: La Seu, el Antiguo Hospital o la Universidad que fund\u00f3 San Francisco de Borja, para acabar visitando el Palacio Ducal, uno de los m\u00e1s importantes edificios de arquitectura civil valenciana.<\/p>\n<p><a href=\"https:\/\/www.valenciaturisme.org\/blog\/2015\/01\/la-ruta-de-los-borgia-en-la-provincia-de-valencia\/borja-xativa\/\" rel=\"attachment wp-att-7494\"><img loading=\"lazy\" decoding=\"async\" class=\"aligncenter size-full wp-image-7494\" src=\"https:\/\/turisme.dival.es\/wp-content\/uploads\/2022\/01\/BORJA-XATIVA.jpg\" alt=\"BORJA-XATIVA\" width=\"500\" height=\"357\" \/><\/a><\/p>\n<p>No olvidaremos que Gandia fue cuna de poetas insignes e internacionales: Ausi\u00e0s March, Joanot Martorell o Roig de Corella. Visitaremos el cercano monasterio de Sant Jeroni de Cotalba en la poblaci\u00f3n de Alfauir, en cuya biblioteca recibi\u00f3 formaci\u00f3n Ausi\u00e0s March.<\/p>\n<p>Antes de regresar comeremos el plato estrella de Gandia, la Fideu\u00e0, inventado en esta poblaci\u00f3n de forma casual, cuando unos pescadores no ten\u00edan arroz para hacer la paella y cambiaron este ingrediente por fideos.<\/p>\n<p>&nbsp;<\/p>\n<p><a href=\"https:\/\/www.valenciaturisme.org\/blog\/2015\/01\/la-ruta-de-los-borgia-en-la-provincia-de-valencia\/canals-torreta-dels-borja\/\" rel=\"attachment wp-att-7484\"><img loading=\"lazy\" decoding=\"async\" class=\"aligncenter  wp-image-7484\" src=\"https:\/\/turisme.dival.es\/wp-content\/uploads\/2022\/01\/canals-torreta-dels-Borja.jpg\" alt=\"canals torreta dels Borja\" width=\"401\" height=\"550\" \/><\/a><\/p>\n<p>Valencia, fue la ciudad desde donde los Borja partieron hacia Italia para convertirse en una de las familias m\u00e1s poderosas del siglo XV. Conserva el palacio familiar, donde hoy tiene su sede las Cortes Valencianas. En la Catedral admiraremos los magn\u00edficos frescos que Rodrigo de Borja (futuro Papa Alejandro VI) encarg\u00f3 al artista italiano Paolo Da San Leocadi, pintor que introdujo el estilo renacentista en la Pen\u00ednsula.<br \/>\nAprovecharemos para visitar l\u2019Albufera, uno de los parques naturales m\u00e1s singulares de la C.Valenciana. Sus paisajes y su gastronom\u00eda nos har\u00e1 recordar las descripciones de Blasco Ib\u00e1\u00f1ez; las barracas, el all i pebre, sus arroces y un inolvidable pase en barca por sus aguas.<\/p>\n","protected":false},"excerpt":{"rendered":"<p>La Ruta de los Borja es el itinerario tur\u00edstico-cultural que nos aproxima a los or\u00edgenes y la historia de la familia valenciana m\u00e1s internacional: \u201cEls Borja\u201d, los Borgia. \u00bfQuienes fueron los Borja? Una familia de or\u00edgen valenciano, de la que en 50 a\u00f1os dos de sus miembros se proclamaron Papas, cuyos descendientes entroncaron con las [&hellip;]<\/p>\n","protected":false},"author":1,"featured_media":15037,"comment_status":"open","ping_status":"open","sticky":false,"template":"","format":"standard","meta":{"_acf_changed":false,"_et_pb_use_builder":"","_et_pb_old_content":"","_et_gb_content_width":"","footnotes":""},"categories":[1951,1940,1941],"tags":[],"class_list":["post-128071","post","type-post","status-publish","format-standard","has-post-thumbnail","hentry","category-entrades","category-cultura","category-festes-i-oci"],"acf":{"destacado":false},"yoast_head":"<!-- This site is optimized with the Yoast SEO plugin v23.0 - https:\/\/yoast.com\/wordpress\/plugins\/seo\/ -->\n<title>LA RUTA DELS BORJA EN LA PROVINCIA DE VALENCIA &#060; Valencia Turismo<\/title>\n<meta name=\"robots\" content=\"index, follow, max-snippet:-1, max-image-preview:large, max-video-preview:-1\" \/>\n<link rel=\"canonical\" href=\"https:\/\/turisme.dival.es\/ca\/la-ruta-dels-borja-en-la-provincia-de-valencia\/\" \/>\n<meta property=\"og:locale\" content=\"en_US\" \/>\n<meta property=\"og:type\" content=\"article\" \/>\n<meta property=\"og:title\" content=\"LA RUTA DELS BORJA EN LA PROVINCIA DE VALENCIA &#060; Valencia Turismo\" \/>\n<meta property=\"og:description\" content=\"La Ruta de los Borja es el itinerario tur\u00edstico-cultural que nos aproxima a los or\u00edgenes y la historia de la familia valenciana m\u00e1s internacional: \u201cEls Borja\u201d, los Borgia. \u00bfQuienes fueron los Borja? Una familia de or\u00edgen valenciano, de la que en 50 a\u00f1os dos de sus miembros se proclamaron Papas, cuyos descendientes entroncaron con las [&hellip;]\" \/>\n<meta property=\"og:url\" content=\"https:\/\/turisme.dival.es\/ca\/la-ruta-dels-borja-en-la-provincia-de-valencia\/\" \/>\n<meta property=\"og:site_name\" content=\"Valencia Turismo\" \/>\n<meta property=\"article:published_time\" content=\"2015-01-07T12:07:22+00:00\" \/>\n<meta property=\"article:modified_time\" content=\"2024-05-05T15:16:44+00:00\" \/>\n<meta property=\"og:image\" content=\"https:\/\/turisme.dival.es\/wp-content\/uploads\/2021\/09\/ruta-dels-BORJA-2.jpg\" \/>\n\t<meta property=\"og:image:width\" content=\"504\" \/>\n\t<meta property=\"og:image:height\" content=\"756\" \/>\n\t<meta property=\"og:image:type\" content=\"image\/jpeg\" \/>\n<meta name=\"author\" content=\"Val\u00e8ncia Turisme\" \/>\n<meta name=\"twitter:card\" content=\"summary_large_image\" \/>\n<meta name=\"twitter:label1\" content=\"Written by\" \/>\n\t<meta name=\"twitter:data1\" content=\"Val\u00e8ncia Turisme\" \/>\n\t<meta name=\"twitter:label2\" content=\"Est. reading time\" \/>\n\t<meta name=\"twitter:data2\" content=\"4 minutes\" \/>\n<script type=\"application\/ld+json\" class=\"yoast-schema-graph\">{\"@context\":\"https:\/\/schema.org\",\"@graph\":[{\"@type\":\"WebPage\",\"@id\":\"https:\/\/turisme.dival.es\/ca\/la-ruta-dels-borja-en-la-provincia-de-valencia\/\",\"url\":\"https:\/\/turisme.dival.es\/ca\/la-ruta-dels-borja-en-la-provincia-de-valencia\/\",\"name\":\"LA RUTA DELS BORJA EN LA PROVINCIA DE VALENCIA &#060; Valencia Turismo\",\"isPartOf\":{\"@id\":\"https:\/\/turisme.dival.es\/#website\"},\"primaryImageOfPage\":{\"@id\":\"https:\/\/turisme.dival.es\/ca\/la-ruta-dels-borja-en-la-provincia-de-valencia\/#primaryimage\"},\"image\":{\"@id\":\"https:\/\/turisme.dival.es\/ca\/la-ruta-dels-borja-en-la-provincia-de-valencia\/#primaryimage\"},\"thumbnailUrl\":\"https:\/\/turisme.dival.es\/wp-content\/uploads\/2021\/09\/ruta-dels-BORJA-2.jpg\",\"datePublished\":\"2015-01-07T12:07:22+00:00\",\"dateModified\":\"2024-05-05T15:16:44+00:00\",\"author\":{\"@id\":\"https:\/\/turisme.dival.es\/#\/schema\/person\/3e0b7dd59fafb4560a54b9a4940574f4\"},\"inLanguage\":\"vl\",\"potentialAction\":[{\"@type\":\"ReadAction\",\"target\":[\"https:\/\/turisme.dival.es\/ca\/la-ruta-dels-borja-en-la-provincia-de-valencia\/\"]}]},{\"@type\":\"ImageObject\",\"inLanguage\":\"vl\",\"@id\":\"https:\/\/turisme.dival.es\/ca\/la-ruta-dels-borja-en-la-provincia-de-valencia\/#primaryimage\",\"url\":\"https:\/\/turisme.dival.es\/wp-content\/uploads\/2021\/09\/ruta-dels-BORJA-2.jpg\",\"contentUrl\":\"https:\/\/turisme.dival.es\/wp-content\/uploads\/2021\/09\/ruta-dels-BORJA-2.jpg\",\"width\":504,\"height\":756,\"caption\":\"||||\"},{\"@type\":\"WebSite\",\"@id\":\"https:\/\/turisme.dival.es\/#website\",\"url\":\"https:\/\/turisme.dival.es\/\",\"name\":\"valenciaturismo.com.mialias.net\",\"description\":\"\",\"potentialAction\":[{\"@type\":\"SearchAction\",\"target\":{\"@type\":\"EntryPoint\",\"urlTemplate\":\"https:\/\/turisme.dival.es\/?s={search_term_string}\"},\"query-input\":\"required name=search_term_string\"}],\"inLanguage\":\"vl\"},{\"@type\":\"Person\",\"@id\":\"https:\/\/turisme.dival.es\/#\/schema\/person\/3e0b7dd59fafb4560a54b9a4940574f4\",\"name\":\"Val\u00e8ncia Turisme\",\"image\":{\"@type\":\"ImageObject\",\"inLanguage\":\"vl\",\"@id\":\"https:\/\/turisme.dival.es\/#\/schema\/person\/image\/\",\"url\":\"https:\/\/secure.gravatar.com\/avatar\/0e9af38f68e5d55d0728b298890449252967999842654f5245c679ec46532ee9?s=96&d=mm&r=g\",\"contentUrl\":\"https:\/\/secure.gravatar.com\/avatar\/0e9af38f68e5d55d0728b298890449252967999842654f5245c679ec46532ee9?s=96&d=mm&r=g\",\"caption\":\"Val\u00e8ncia Turisme\"},\"sameAs\":[\"https:\/\/turisme.dival.es\"]}]}<\/script>\n<!-- \/ Yoast SEO plugin. -->","yoast_head_json":{"title":"LA RUTA DELS BORJA EN LA PROVINCIA DE VALENCIA &#060; Valencia Turismo","robots":{"index":"index","follow":"follow","max-snippet":"max-snippet:-1","max-image-preview":"max-image-preview:large","max-video-preview":"max-video-preview:-1"},"canonical":"https:\/\/turisme.dival.es\/ca\/la-ruta-dels-borja-en-la-provincia-de-valencia\/","og_locale":"en_US","og_type":"article","og_title":"LA RUTA DELS BORJA EN LA PROVINCIA DE VALENCIA &#060; Valencia Turismo","og_description":"La Ruta de los Borja es el itinerario tur\u00edstico-cultural que nos aproxima a los or\u00edgenes y la historia de la familia valenciana m\u00e1s internacional: \u201cEls Borja\u201d, los Borgia. \u00bfQuienes fueron los Borja? Una familia de or\u00edgen valenciano, de la que en 50 a\u00f1os dos de sus miembros se proclamaron Papas, cuyos descendientes entroncaron con las [&hellip;]","og_url":"https:\/\/turisme.dival.es\/ca\/la-ruta-dels-borja-en-la-provincia-de-valencia\/","og_site_name":"Valencia Turismo","article_published_time":"2015-01-07T12:07:22+00:00","article_modified_time":"2024-05-05T15:16:44+00:00","og_image":[{"width":504,"height":756,"url":"https:\/\/turisme.dival.es\/wp-content\/uploads\/2021\/09\/ruta-dels-BORJA-2.jpg","type":"image\/jpeg"}],"author":"Val\u00e8ncia Turisme","twitter_card":"summary_large_image","twitter_misc":{"Written by":"Val\u00e8ncia Turisme","Est. reading time":"4 minutes"},"schema":{"@context":"https:\/\/schema.org","@graph":[{"@type":"WebPage","@id":"https:\/\/turisme.dival.es\/ca\/la-ruta-dels-borja-en-la-provincia-de-valencia\/","url":"https:\/\/turisme.dival.es\/ca\/la-ruta-dels-borja-en-la-provincia-de-valencia\/","name":"LA RUTA DELS BORJA EN LA PROVINCIA DE VALENCIA &#060; Valencia Turismo","isPartOf":{"@id":"https:\/\/turisme.dival.es\/#website"},"primaryImageOfPage":{"@id":"https:\/\/turisme.dival.es\/ca\/la-ruta-dels-borja-en-la-provincia-de-valencia\/#primaryimage"},"image":{"@id":"https:\/\/turisme.dival.es\/ca\/la-ruta-dels-borja-en-la-provincia-de-valencia\/#primaryimage"},"thumbnailUrl":"https:\/\/turisme.dival.es\/wp-content\/uploads\/2021\/09\/ruta-dels-BORJA-2.jpg","datePublished":"2015-01-07T12:07:22+00:00","dateModified":"2024-05-05T15:16:44+00:00","author":{"@id":"https:\/\/turisme.dival.es\/#\/schema\/person\/3e0b7dd59fafb4560a54b9a4940574f4"},"inLanguage":"vl","potentialAction":[{"@type":"ReadAction","target":["https:\/\/turisme.dival.es\/ca\/la-ruta-dels-borja-en-la-provincia-de-valencia\/"]}]},{"@type":"ImageObject","inLanguage":"vl","@id":"https:\/\/turisme.dival.es\/ca\/la-ruta-dels-borja-en-la-provincia-de-valencia\/#primaryimage","url":"https:\/\/turisme.dival.es\/wp-content\/uploads\/2021\/09\/ruta-dels-BORJA-2.jpg","contentUrl":"https:\/\/turisme.dival.es\/wp-content\/uploads\/2021\/09\/ruta-dels-BORJA-2.jpg","width":504,"height":756,"caption":"||||"},{"@type":"WebSite","@id":"https:\/\/turisme.dival.es\/#website","url":"https:\/\/turisme.dival.es\/","name":"valenciaturismo.com.mialias.net","description":"","potentialAction":[{"@type":"SearchAction","target":{"@type":"EntryPoint","urlTemplate":"https:\/\/turisme.dival.es\/?s={search_term_string}"},"query-input":"required name=search_term_string"}],"inLanguage":"vl"},{"@type":"Person","@id":"https:\/\/turisme.dival.es\/#\/schema\/person\/3e0b7dd59fafb4560a54b9a4940574f4","name":"Val\u00e8ncia Turisme","image":{"@type":"ImageObject","inLanguage":"vl","@id":"https:\/\/turisme.dival.es\/#\/schema\/person\/image\/","url":"https:\/\/secure.gravatar.com\/avatar\/0e9af38f68e5d55d0728b298890449252967999842654f5245c679ec46532ee9?s=96&d=mm&r=g","contentUrl":"https:\/\/secure.gravatar.com\/avatar\/0e9af38f68e5d55d0728b298890449252967999842654f5245c679ec46532ee9?s=96&d=mm&r=g","caption":"Val\u00e8ncia Turisme"},"sameAs":["https:\/\/turisme.dival.es"]}]}},"_links":{"self":[{"href":"https:\/\/turisme.dival.es\/ca\/wp-json\/wp\/v2\/posts\/128071","targetHints":{"allow":["GET"]}}],"collection":[{"href":"https:\/\/turisme.dival.es\/ca\/wp-json\/wp\/v2\/posts"}],"about":[{"href":"https:\/\/turisme.dival.es\/ca\/wp-json\/wp\/v2\/types\/post"}],"author":[{"embeddable":true,"href":"https:\/\/turisme.dival.es\/ca\/wp-json\/wp\/v2\/users\/1"}],"replies":[{"embeddable":true,"href":"https:\/\/turisme.dival.es\/ca\/wp-json\/wp\/v2\/comments?post=128071"}],"version-history":[{"count":3,"href":"https:\/\/turisme.dival.es\/ca\/wp-json\/wp\/v2\/posts\/128071\/revisions"}],"predecessor-version":[{"id":130847,"href":"https:\/\/turisme.dival.es\/ca\/wp-json\/wp\/v2\/posts\/128071\/revisions\/130847"}],"wp:featuredmedia":[{"embeddable":true,"href":"https:\/\/turisme.dival.es\/ca\/wp-json\/wp\/v2\/media\/15037"}],"wp:attachment":[{"href":"https:\/\/turisme.dival.es\/ca\/wp-json\/wp\/v2\/media?parent=128071"}],"wp:term":[{"taxonomy":"category","embeddable":true,"href":"https:\/\/turisme.dival.es\/ca\/wp-json\/wp\/v2\/categories?post=128071"},{"taxonomy":"post_tag","embeddable":true,"href":"https:\/\/turisme.dival.es\/ca\/wp-json\/wp\/v2\/tags?post=128071"}],"curies":[{"name":"wp","href":"https:\/\/api.w.org\/{rel}","templated":true}]}}