{"id":128034,"date":"2014-11-27T08:56:48","date_gmt":"2014-11-27T08:56:48","guid":{"rendered":"https:\/\/turisme.dival.es\/llanera-de-ranes-cuna-del-arnadi\/"},"modified":"2024-05-04T05:41:10","modified_gmt":"2024-05-04T05:41:10","slug":"llanera-de-ranes-cuna-del-arnadi","status":"publish","type":"post","link":"https:\/\/turisme.dival.es\/ca\/llanera-de-ranes-cuna-del-arnadi\/","title":{"rendered":"Llanera de Ranes, cuna del arnad\u00ed"},"content":{"rendered":"<p>L&#8217;Arnad\u00ed es un dulce t\u00edpico de <a title=\"la comarca de La Costera\" href=\"http:\/\/www.valenciaterraimar.org\/es__comarca.html?cnt_id=265\" target=\"_blank\" rel=\"noopener\">la comarca de la Costera<\/a>, que se elabora en una cazuela de barro a partir de calabaza y boniato. Pero si hay un lugar en esta comarca del interior valenciano donde el arnad\u00ed es un elemento imprescindible de la gastronom\u00eda local, este es Llanera de Ranes, un peque\u00f1o municipio situado en las faldas de la Sierra de Enguera que cada mes de diciembre celebra el Concurso Nacional de Arnad\u00ed, lo que le ha llevado a conocerlo como <strong>Llanera, cuna del arnad\u00ed en Espa\u00f1a<\/strong>.<\/p>\n<h2><strong>El concurso<\/strong><\/h2>\n<p>Aunque el arnad\u00ed es un dulce tradicional de Semana Santa, <strong>el Concurso Nacional de Arnad\u00ed de Llanera de Ranes se celebra a finales de a\u00f1o<\/strong>, en el mes de diciembre. Este a\u00f1o alcanza su edici\u00f3n n\u00famero 32, y desde sus or\u00edgenes tiene el objetivo de impulsar el conocimiento de los dulces tradicionales de la comarca, como el propio arnad\u00ed, por toda Espa\u00f1a. Para el concurso se debe seguir una receta obligada, y tambi\u00e9n se limitan las medidas de la cazuela de barro.<\/p>\n<p>Cada a\u00f1o cambia el jurado del concurso. El Ayuntamiento de Llanera de Ranes lo elige entre representantes de diferentes asociaciones, miembros del gremio de panaderos, personalidades del mundo de la hosteler\u00eda y miembros de la Diputaci\u00f3n de Valencia y de la Generalitat Valenciana. Como no pod\u00eda ser de otra manera, los cocineros que hayan preparado el mejor arnad\u00ed se volver\u00e1n a casa con un premio que cada d\u00eda goza de m\u00e1s prestigio.<!--more--><\/p>\n<h2><strong>El Arnad\u00ed<\/strong><\/h2>\n<p>Ya os explicamos en su d\u00eda como se prepara el arnad\u00ed, un <strong>postre ideal para las comidas familiares<\/strong> y que se suma a la gran lista de <a href=\"https:\/\/www.valenciaturisme.org\/blog\/2013\/08\/dulces-tipicos-valencianos-para-paladares-golosos\/\">postres dulces valencianos<\/a> que hacen las delicias de los paladares de grandes y peque\u00f1os. Adem\u00e1s de un kilo de calabaza y 800 gramos de boniato, para preparar el arnad\u00ed se necesitan 250 o 300 gramos de almendra molida, ralladura de lim\u00f3n, cuatro yemas de huevo y almendras o pi\u00f1ones fritos que se utilizan para decorar el arnad\u00ed una vez preparada la masa.<\/p>\n<p><a href=\"https:\/\/www.valenciaturisme.org\/blog\/?attachment_id=7014\"><img loading=\"lazy\" decoding=\"async\" class=\"aligncenter wp-image-7014 size-large\" src=\"https:\/\/turisme.dival.es\/wp-content\/uploads\/2021\/09\/Platos-de-Arnadi.jpg\" alt=\"Platos de Arnadi\" width=\"630\" height=\"472\" \/><\/a><\/p>\n<h2><strong>Llanera de Ranes<\/strong><\/h2>\n<p>Adem\u00e1s de disfrutar del arnad\u00ed, en Llanera de Ranes podemos visitar alguno de los puntos m\u00e1s emblem\u00e1ticos del municipio. Por ejemplo, la Iglesia Parroquial de San Juan Bautista, que data del siglo XIX, o el Calvario Ermita que est\u00e1 en la fase del monte. Tambi\u00e9n destaca el Museo Rafael Boluda, dedicado al mundo de la acuarela, en el que encontramos obras del acuarelista local y de alguno de los artistas de este g\u00e9nero m\u00e1s destacados del panorama espa\u00f1ol.<\/p>\n<p>Fotos: <a title=\"Ajuntament de Llanera de Ranes\" href=\"http:\/\/www.llaneraderanes.es\/es\/content\/concurso-nacional-de-arnadi\" target=\"_blank\" rel=\"nofollow noopener\">Ajuntament de Llanera de Ranes<\/a>\u00a0\/ <a title=\"Pacopac \" href=\"http:\/\/ca.wikipedia.org\/wiki\/Arnad%C3%AD#mediaviewer\/File:Arnad%C3%AD.jpg\" target=\"_blank\" rel=\"nofollow noopener\">Pacopac<\/a><\/p>\n","protected":false},"excerpt":{"rendered":"<p>L&#8217;Arnad\u00ed es un dulce t\u00edpico de la comarca de la Costera, que se elabora en una cazuela de barro a partir de calabaza y boniato. Pero si hay un lugar en esta comarca del interior valenciano donde el arnad\u00ed es un elemento imprescindible de la gastronom\u00eda local, este es Llanera de Ranes, un peque\u00f1o municipio [&hellip;]<\/p>\n","protected":false},"author":1,"featured_media":14952,"comment_status":"open","ping_status":"open","sticky":false,"template":"","format":"standard","meta":{"_acf_changed":false,"_et_pb_use_builder":"","_et_pb_old_content":"","_et_gb_content_width":"","footnotes":""},"categories":[1951,1945,1938],"tags":[],"class_list":["post-128034","post","type-post","status-publish","format-standard","has-post-thumbnail","hentry","category-entrades","category-destacados","category-gastronomia"],"acf":{"destacado":false},"yoast_head":"<!-- This site is optimized with the Yoast SEO plugin v23.0 - https:\/\/yoast.com\/wordpress\/plugins\/seo\/ -->\n<title>Llanera de Ranes, cuna del arnad\u00ed &#060; Valencia Turismo<\/title>\n<meta name=\"robots\" content=\"index, follow, max-snippet:-1, max-image-preview:large, max-video-preview:-1\" \/>\n<link rel=\"canonical\" href=\"https:\/\/turisme.dival.es\/ca\/llanera-de-ranes-cuna-del-arnadi\/\" \/>\n<meta property=\"og:locale\" content=\"en_US\" \/>\n<meta property=\"og:type\" content=\"article\" \/>\n<meta property=\"og:title\" content=\"Llanera de Ranes, cuna del arnad\u00ed &#060; Valencia Turismo\" \/>\n<meta property=\"og:description\" content=\"L&#8217;Arnad\u00ed es un dulce t\u00edpico de la comarca de la Costera, que se elabora en una cazuela de barro a partir de calabaza y boniato. Pero si hay un lugar en esta comarca del interior valenciano donde el arnad\u00ed es un elemento imprescindible de la gastronom\u00eda local, este es Llanera de Ranes, un peque\u00f1o municipio [&hellip;]\" \/>\n<meta property=\"og:url\" content=\"https:\/\/turisme.dival.es\/ca\/llanera-de-ranes-cuna-del-arnadi\/\" \/>\n<meta property=\"og:site_name\" content=\"Valencia Turismo\" \/>\n<meta property=\"article:published_time\" content=\"2014-11-27T08:56:48+00:00\" \/>\n<meta property=\"article:modified_time\" content=\"2024-05-04T05:41:10+00:00\" \/>\n<meta property=\"og:image\" content=\"https:\/\/turisme.dival.es\/wp-content\/uploads\/2021\/09\/Llanera-de-Ranes-cuna-arnadi.jpg\" \/>\n\t<meta property=\"og:image:width\" content=\"821\" \/>\n\t<meta property=\"og:image:height\" content=\"593\" \/>\n\t<meta property=\"og:image:type\" content=\"image\/jpeg\" \/>\n<meta name=\"author\" content=\"Val\u00e8ncia Turisme\" \/>\n<meta name=\"twitter:card\" content=\"summary_large_image\" \/>\n<meta name=\"twitter:label1\" content=\"Written by\" \/>\n\t<meta name=\"twitter:data1\" content=\"Val\u00e8ncia Turisme\" \/>\n\t<meta name=\"twitter:label2\" content=\"Est. reading time\" \/>\n\t<meta name=\"twitter:data2\" content=\"2 minutes\" \/>\n<script type=\"application\/ld+json\" class=\"yoast-schema-graph\">{\"@context\":\"https:\/\/schema.org\",\"@graph\":[{\"@type\":\"WebPage\",\"@id\":\"https:\/\/turisme.dival.es\/ca\/llanera-de-ranes-cuna-del-arnadi\/\",\"url\":\"https:\/\/turisme.dival.es\/ca\/llanera-de-ranes-cuna-del-arnadi\/\",\"name\":\"Llanera de Ranes, cuna del arnad\u00ed &#060; Valencia Turismo\",\"isPartOf\":{\"@id\":\"https:\/\/turisme.dival.es\/#website\"},\"primaryImageOfPage\":{\"@id\":\"https:\/\/turisme.dival.es\/ca\/llanera-de-ranes-cuna-del-arnadi\/#primaryimage\"},\"image\":{\"@id\":\"https:\/\/turisme.dival.es\/ca\/llanera-de-ranes-cuna-del-arnadi\/#primaryimage\"},\"thumbnailUrl\":\"https:\/\/turisme.dival.es\/wp-content\/uploads\/2021\/09\/Llanera-de-Ranes-cuna-arnadi.jpg\",\"datePublished\":\"2014-11-27T08:56:48+00:00\",\"dateModified\":\"2024-05-04T05:41:10+00:00\",\"author\":{\"@id\":\"https:\/\/turisme.dival.es\/#\/schema\/person\/3e0b7dd59fafb4560a54b9a4940574f4\"},\"inLanguage\":\"vl\",\"potentialAction\":[{\"@type\":\"ReadAction\",\"target\":[\"https:\/\/turisme.dival.es\/ca\/llanera-de-ranes-cuna-del-arnadi\/\"]}]},{\"@type\":\"ImageObject\",\"inLanguage\":\"vl\",\"@id\":\"https:\/\/turisme.dival.es\/ca\/llanera-de-ranes-cuna-del-arnadi\/#primaryimage\",\"url\":\"https:\/\/turisme.dival.es\/wp-content\/uploads\/2021\/09\/Llanera-de-Ranes-cuna-arnadi.jpg\",\"contentUrl\":\"https:\/\/turisme.dival.es\/wp-content\/uploads\/2021\/09\/Llanera-de-Ranes-cuna-arnadi.jpg\",\"width\":821,\"height\":593},{\"@type\":\"WebSite\",\"@id\":\"https:\/\/turisme.dival.es\/#website\",\"url\":\"https:\/\/turisme.dival.es\/\",\"name\":\"valenciaturismo.com.mialias.net\",\"description\":\"\",\"potentialAction\":[{\"@type\":\"SearchAction\",\"target\":{\"@type\":\"EntryPoint\",\"urlTemplate\":\"https:\/\/turisme.dival.es\/?s={search_term_string}\"},\"query-input\":\"required name=search_term_string\"}],\"inLanguage\":\"vl\"},{\"@type\":\"Person\",\"@id\":\"https:\/\/turisme.dival.es\/#\/schema\/person\/3e0b7dd59fafb4560a54b9a4940574f4\",\"name\":\"Val\u00e8ncia Turisme\",\"image\":{\"@type\":\"ImageObject\",\"inLanguage\":\"vl\",\"@id\":\"https:\/\/turisme.dival.es\/#\/schema\/person\/image\/\",\"url\":\"https:\/\/secure.gravatar.com\/avatar\/0e9af38f68e5d55d0728b298890449252967999842654f5245c679ec46532ee9?s=96&d=mm&r=g\",\"contentUrl\":\"https:\/\/secure.gravatar.com\/avatar\/0e9af38f68e5d55d0728b298890449252967999842654f5245c679ec46532ee9?s=96&d=mm&r=g\",\"caption\":\"Val\u00e8ncia Turisme\"},\"sameAs\":[\"https:\/\/turisme.dival.es\"]}]}<\/script>\n<!-- \/ Yoast SEO plugin. -->","yoast_head_json":{"title":"Llanera de Ranes, cuna del arnad\u00ed &#060; Valencia Turismo","robots":{"index":"index","follow":"follow","max-snippet":"max-snippet:-1","max-image-preview":"max-image-preview:large","max-video-preview":"max-video-preview:-1"},"canonical":"https:\/\/turisme.dival.es\/ca\/llanera-de-ranes-cuna-del-arnadi\/","og_locale":"en_US","og_type":"article","og_title":"Llanera de Ranes, cuna del arnad\u00ed &#060; Valencia Turismo","og_description":"L&#8217;Arnad\u00ed es un dulce t\u00edpico de la comarca de la Costera, que se elabora en una cazuela de barro a partir de calabaza y boniato. Pero si hay un lugar en esta comarca del interior valenciano donde el arnad\u00ed es un elemento imprescindible de la gastronom\u00eda local, este es Llanera de Ranes, un peque\u00f1o municipio [&hellip;]","og_url":"https:\/\/turisme.dival.es\/ca\/llanera-de-ranes-cuna-del-arnadi\/","og_site_name":"Valencia Turismo","article_published_time":"2014-11-27T08:56:48+00:00","article_modified_time":"2024-05-04T05:41:10+00:00","og_image":[{"width":821,"height":593,"url":"https:\/\/turisme.dival.es\/wp-content\/uploads\/2021\/09\/Llanera-de-Ranes-cuna-arnadi.jpg","type":"image\/jpeg"}],"author":"Val\u00e8ncia Turisme","twitter_card":"summary_large_image","twitter_misc":{"Written by":"Val\u00e8ncia Turisme","Est. reading time":"2 minutes"},"schema":{"@context":"https:\/\/schema.org","@graph":[{"@type":"WebPage","@id":"https:\/\/turisme.dival.es\/ca\/llanera-de-ranes-cuna-del-arnadi\/","url":"https:\/\/turisme.dival.es\/ca\/llanera-de-ranes-cuna-del-arnadi\/","name":"Llanera de Ranes, cuna del arnad\u00ed &#060; Valencia Turismo","isPartOf":{"@id":"https:\/\/turisme.dival.es\/#website"},"primaryImageOfPage":{"@id":"https:\/\/turisme.dival.es\/ca\/llanera-de-ranes-cuna-del-arnadi\/#primaryimage"},"image":{"@id":"https:\/\/turisme.dival.es\/ca\/llanera-de-ranes-cuna-del-arnadi\/#primaryimage"},"thumbnailUrl":"https:\/\/turisme.dival.es\/wp-content\/uploads\/2021\/09\/Llanera-de-Ranes-cuna-arnadi.jpg","datePublished":"2014-11-27T08:56:48+00:00","dateModified":"2024-05-04T05:41:10+00:00","author":{"@id":"https:\/\/turisme.dival.es\/#\/schema\/person\/3e0b7dd59fafb4560a54b9a4940574f4"},"inLanguage":"vl","potentialAction":[{"@type":"ReadAction","target":["https:\/\/turisme.dival.es\/ca\/llanera-de-ranes-cuna-del-arnadi\/"]}]},{"@type":"ImageObject","inLanguage":"vl","@id":"https:\/\/turisme.dival.es\/ca\/llanera-de-ranes-cuna-del-arnadi\/#primaryimage","url":"https:\/\/turisme.dival.es\/wp-content\/uploads\/2021\/09\/Llanera-de-Ranes-cuna-arnadi.jpg","contentUrl":"https:\/\/turisme.dival.es\/wp-content\/uploads\/2021\/09\/Llanera-de-Ranes-cuna-arnadi.jpg","width":821,"height":593},{"@type":"WebSite","@id":"https:\/\/turisme.dival.es\/#website","url":"https:\/\/turisme.dival.es\/","name":"valenciaturismo.com.mialias.net","description":"","potentialAction":[{"@type":"SearchAction","target":{"@type":"EntryPoint","urlTemplate":"https:\/\/turisme.dival.es\/?s={search_term_string}"},"query-input":"required name=search_term_string"}],"inLanguage":"vl"},{"@type":"Person","@id":"https:\/\/turisme.dival.es\/#\/schema\/person\/3e0b7dd59fafb4560a54b9a4940574f4","name":"Val\u00e8ncia Turisme","image":{"@type":"ImageObject","inLanguage":"vl","@id":"https:\/\/turisme.dival.es\/#\/schema\/person\/image\/","url":"https:\/\/secure.gravatar.com\/avatar\/0e9af38f68e5d55d0728b298890449252967999842654f5245c679ec46532ee9?s=96&d=mm&r=g","contentUrl":"https:\/\/secure.gravatar.com\/avatar\/0e9af38f68e5d55d0728b298890449252967999842654f5245c679ec46532ee9?s=96&d=mm&r=g","caption":"Val\u00e8ncia Turisme"},"sameAs":["https:\/\/turisme.dival.es"]}]}},"_links":{"self":[{"href":"https:\/\/turisme.dival.es\/ca\/wp-json\/wp\/v2\/posts\/128034","targetHints":{"allow":["GET"]}}],"collection":[{"href":"https:\/\/turisme.dival.es\/ca\/wp-json\/wp\/v2\/posts"}],"about":[{"href":"https:\/\/turisme.dival.es\/ca\/wp-json\/wp\/v2\/types\/post"}],"author":[{"embeddable":true,"href":"https:\/\/turisme.dival.es\/ca\/wp-json\/wp\/v2\/users\/1"}],"replies":[{"embeddable":true,"href":"https:\/\/turisme.dival.es\/ca\/wp-json\/wp\/v2\/comments?post=128034"}],"version-history":[{"count":1,"href":"https:\/\/turisme.dival.es\/ca\/wp-json\/wp\/v2\/posts\/128034\/revisions"}],"predecessor-version":[{"id":128035,"href":"https:\/\/turisme.dival.es\/ca\/wp-json\/wp\/v2\/posts\/128034\/revisions\/128035"}],"wp:featuredmedia":[{"embeddable":true,"href":"https:\/\/turisme.dival.es\/ca\/wp-json\/wp\/v2\/media\/14952"}],"wp:attachment":[{"href":"https:\/\/turisme.dival.es\/ca\/wp-json\/wp\/v2\/media?parent=128034"}],"wp:term":[{"taxonomy":"category","embeddable":true,"href":"https:\/\/turisme.dival.es\/ca\/wp-json\/wp\/v2\/categories?post=128034"},{"taxonomy":"post_tag","embeddable":true,"href":"https:\/\/turisme.dival.es\/ca\/wp-json\/wp\/v2\/tags?post=128034"}],"curies":[{"name":"wp","href":"https:\/\/api.w.org\/{rel}","templated":true}]}}