{"id":127980,"date":"2014-10-12T09:01:07","date_gmt":"2014-10-12T09:01:07","guid":{"rendered":"https:\/\/turisme.dival.es\/conoce-las-proximas-rutas-senderistas-de-la-vall-dalbaida\/"},"modified":"2014-10-12T09:01:07","modified_gmt":"2014-10-12T09:01:07","slug":"conoce-las-proximas-rutas-senderistas-de-la-vall-dalbaida","status":"publish","type":"post","link":"https:\/\/turisme.dival.es\/ca\/conoce-las-proximas-rutas-senderistas-de-la-vall-dalbaida\/","title":{"rendered":"Conoce las pr\u00f3ximas rutas senderistas de la Vall d&#039;Albaida"},"content":{"rendered":"<p>El invierno se acerca, y con \u00e9l tambi\u00e9n el fr\u00edo. Pero mientras no llega nosotros nos calzamos las botas de andar, preparamos la mochila y nos dirigimos hacia el sur de la provincia de Valencia, concretamente a la comarca de <strong>la Vall d&#8217;Albaida, para descubrir las rutas senderistas<\/strong> que se han organizado en la comarca.<\/p>\n<h2><strong>Octubre<\/strong><\/h2>\n<p>Quedan dos fines de semana en los que hay cuatro excursiones prevista. El s\u00e1bado 18 est\u00e1 programada una que parte desde el Polideportivo de Ontinyent que recorre la zona baja de la Serra Grossa y que nos permitir\u00e1 conocer los tradicionales cultivos de secano. Para el domingo 19 en <strong>Aielo de Malferit<\/strong> se recorrer\u00e1n los 10 kil\u00f3metros de la Senda de la Solana; mientras que el \u00faltimo fin de semana podremos descubrir la Ruta Ib\u00e9rica de Mariola desde <strong>Bocairent<\/strong> (s\u00e1bado 25) o los Neveros en <strong>Salem<\/strong> (domingo 26).<\/p>\n<h2><strong>Noviembre<\/strong><\/h2>\n<p>El d\u00eda 1 es fiesta, pero el 2 de noviembre est\u00e1 prevista la Ruta al Surar de <strong>Pinet<\/strong>. Tras Pinet, se celebrar\u00e1n excursiones en <strong>Agullent (d\u00eda 8), B\u00e8lgida (9), l&#8217;Olleria (15), Castell\u00f3 de Rugat (16), La Pobla del Duc (22), Atzeneta d&#8217;Albaida (23), El Palomar (29) y Montitxelvo (30)<\/strong>. Se trata de excursiones de una cuatro horas de duraci\u00f3n, la mayor\u00eda de ellas con distancias en torno a los 10 kil\u00f3metros y de dificultad media.<!--more--><\/p>\n<p>Entre las m\u00e1s atractivas est\u00e1n la de La Pobla de Duc, que tiene como protagonistas los <a href=\"http:\/\/blog.valenciaterraimar.org\/index.php\/2013\/11\/ruta-de-los-refugios-antiaereos-de-la-guerra-civil-en-la-pobla-del-duc\/\">refugios antia\u00e9reos de la Guerra Civil<\/a> o la d&#8217;Atzeneta d&#8217;Albaida, en la que se pasar\u00e1 por los \u00e1rboles monumentales del municipio. Esta \u00faltima tiene una dificultad media alta, mientras que la de los refugios de La Pobla del Duc es baja. Tambi\u00e9n destaca la ruta entre El Palomar y el Castillo de Carr\u00edcola el d\u00eda 29.<\/p>\n<h2><strong>Diciembre<\/strong><\/h2>\n<p>Antes de Navidad hay previstas cuatro rutas m\u00e1s: la subida a la Covalta desde <strong>Benissoda<\/strong> el d\u00eda 6 y el recorrido por el <a href=\"http:\/\/blog.valenciaterraimar.org\/index.php\/2014\/01\/la-cova-de-la-petxina-i-el-estret-de-les-aigues-en-bellus\/\">Paraje del Estrecho de las Aguas en Bell\u00fas<\/a>, el d\u00eda 7, se presentan como la excusa perfecta para pasar el puente de diciembre en la Vall d&#8217;Albaida. El fin de semana siguiente tenemos la Ruta roja en el paraje protegido de la Umbr\u00eda de Benicadell de <strong>Otos<\/strong> el s\u00e1bado 13 y l&#8217;Avenc en <strong>Quatretonda<\/strong> el d\u00eda 14.<\/p>\n<p>Para poder participar en estas rutas, solo hay que <a href=\"http:\/\/valldalbaida.com\/index.php?option=com_content&amp;view=article&amp;id=1995:7ena-edici%C3%B3-senderisme-vall-d-albaida&amp;catid=351:un-castellano&amp;Itemid=294&amp;lang=ES\" rel=\"nofollow\">visitar la web de Vall d&#8217;Albaida e inscribirnos<\/a>. En ella encontramos toda la informaci\u00f3n sobre los puntos de salida de las excursiones -siempre empiezan a las 9 de la ma\u00f1ana-, y nos recomiendan llevar agua y el almuerzo, adem\u00e1s de protecci\u00f3n solar y la ropa adecuada para andar.<\/p>\n<p>Foto: <a href=\"https:\/\/www.flickr.com\/photos\/41836294@N03\/6973651927\/sizes\/l\" target=\"_blank\" rel=\"nofollow noopener\">Centelleja<\/a><\/p>\n","protected":false},"excerpt":{"rendered":"<p>El invierno se acerca, y con \u00e9l tambi\u00e9n el fr\u00edo. Pero mientras no llega nosotros nos calzamos las botas de andar, preparamos la mochila y nos dirigimos hacia el sur de la provincia de Valencia, concretamente a la comarca de la Vall d&#8217;Albaida, para descubrir las rutas senderistas que se han organizado en la comarca. [&hellip;]<\/p>\n","protected":false},"author":1,"featured_media":28549,"comment_status":"open","ping_status":"open","sticky":false,"template":"","format":"standard","meta":{"_acf_changed":false,"_et_pb_use_builder":"","_et_pb_old_content":"","_et_gb_content_width":"","footnotes":""},"categories":[1951,1945,1946,1947],"tags":[],"class_list":["post-127980","post","type-post","status-publish","format-standard","has-post-thumbnail","hentry","category-entrades","category-destacados","category-esports","category-nautica-i-aventura"],"acf":{"destacado":false},"yoast_head":"<!-- This site is optimized with the Yoast SEO plugin v23.0 - https:\/\/yoast.com\/wordpress\/plugins\/seo\/ -->\n<title>Conoce las pr\u00f3ximas rutas senderistas de la Vall d&#039;Albaida &#060; Valencia Turismo<\/title>\n<meta name=\"robots\" content=\"index, follow, max-snippet:-1, max-image-preview:large, max-video-preview:-1\" \/>\n<link rel=\"canonical\" href=\"https:\/\/turisme.dival.es\/ca\/conoce-las-proximas-rutas-senderistas-de-la-vall-dalbaida\/\" \/>\n<meta property=\"og:locale\" content=\"en_US\" \/>\n<meta property=\"og:type\" content=\"article\" \/>\n<meta property=\"og:title\" content=\"Conoce las pr\u00f3ximas rutas senderistas de la Vall d&#039;Albaida &#060; Valencia Turismo\" \/>\n<meta property=\"og:description\" content=\"El invierno se acerca, y con \u00e9l tambi\u00e9n el fr\u00edo. Pero mientras no llega nosotros nos calzamos las botas de andar, preparamos la mochila y nos dirigimos hacia el sur de la provincia de Valencia, concretamente a la comarca de la Vall d&#8217;Albaida, para descubrir las rutas senderistas que se han organizado en la comarca. [&hellip;]\" \/>\n<meta property=\"og:url\" content=\"https:\/\/turisme.dival.es\/ca\/conoce-las-proximas-rutas-senderistas-de-la-vall-dalbaida\/\" \/>\n<meta property=\"og:site_name\" content=\"Valencia Turismo\" \/>\n<meta property=\"article:published_time\" content=\"2014-10-12T09:01:07+00:00\" \/>\n<meta property=\"og:image\" content=\"https:\/\/turisme.dival.es\/wp-content\/uploads\/2021\/09\/Senderismo-scaled.jpg\" \/>\n\t<meta property=\"og:image:width\" content=\"2560\" \/>\n\t<meta property=\"og:image:height\" content=\"1707\" \/>\n\t<meta property=\"og:image:type\" content=\"image\/jpeg\" \/>\n<meta name=\"author\" content=\"Val\u00e8ncia Turisme\" \/>\n<meta name=\"twitter:card\" content=\"summary_large_image\" \/>\n<meta name=\"twitter:label1\" content=\"Written by\" \/>\n\t<meta name=\"twitter:data1\" content=\"Val\u00e8ncia Turisme\" \/>\n\t<meta name=\"twitter:label2\" content=\"Est. reading time\" \/>\n\t<meta name=\"twitter:data2\" content=\"2 minutes\" \/>\n<script type=\"application\/ld+json\" class=\"yoast-schema-graph\">{\"@context\":\"https:\/\/schema.org\",\"@graph\":[{\"@type\":\"WebPage\",\"@id\":\"https:\/\/turisme.dival.es\/ca\/conoce-las-proximas-rutas-senderistas-de-la-vall-dalbaida\/\",\"url\":\"https:\/\/turisme.dival.es\/ca\/conoce-las-proximas-rutas-senderistas-de-la-vall-dalbaida\/\",\"name\":\"Conoce las pr\u00f3ximas rutas senderistas de la Vall d&#039;Albaida &#060; Valencia Turismo\",\"isPartOf\":{\"@id\":\"https:\/\/turisme.dival.es\/#website\"},\"primaryImageOfPage\":{\"@id\":\"https:\/\/turisme.dival.es\/ca\/conoce-las-proximas-rutas-senderistas-de-la-vall-dalbaida\/#primaryimage\"},\"image\":{\"@id\":\"https:\/\/turisme.dival.es\/ca\/conoce-las-proximas-rutas-senderistas-de-la-vall-dalbaida\/#primaryimage\"},\"thumbnailUrl\":\"https:\/\/turisme.dival.es\/wp-content\/uploads\/2021\/09\/Senderismo-scaled.jpg\",\"datePublished\":\"2014-10-12T09:01:07+00:00\",\"dateModified\":\"2014-10-12T09:01:07+00:00\",\"author\":{\"@id\":\"https:\/\/turisme.dival.es\/#\/schema\/person\/3e0b7dd59fafb4560a54b9a4940574f4\"},\"inLanguage\":\"vl\",\"potentialAction\":[{\"@type\":\"ReadAction\",\"target\":[\"https:\/\/turisme.dival.es\/ca\/conoce-las-proximas-rutas-senderistas-de-la-vall-dalbaida\/\"]}]},{\"@type\":\"ImageObject\",\"inLanguage\":\"vl\",\"@id\":\"https:\/\/turisme.dival.es\/ca\/conoce-las-proximas-rutas-senderistas-de-la-vall-dalbaida\/#primaryimage\",\"url\":\"https:\/\/turisme.dival.es\/wp-content\/uploads\/2021\/09\/Senderismo-scaled.jpg\",\"contentUrl\":\"https:\/\/turisme.dival.es\/wp-content\/uploads\/2021\/09\/Senderismo-scaled.jpg\",\"width\":2560,\"height\":1707},{\"@type\":\"WebSite\",\"@id\":\"https:\/\/turisme.dival.es\/#website\",\"url\":\"https:\/\/turisme.dival.es\/\",\"name\":\"valenciaturismo.com.mialias.net\",\"description\":\"\",\"potentialAction\":[{\"@type\":\"SearchAction\",\"target\":{\"@type\":\"EntryPoint\",\"urlTemplate\":\"https:\/\/turisme.dival.es\/?s={search_term_string}\"},\"query-input\":\"required name=search_term_string\"}],\"inLanguage\":\"vl\"},{\"@type\":\"Person\",\"@id\":\"https:\/\/turisme.dival.es\/#\/schema\/person\/3e0b7dd59fafb4560a54b9a4940574f4\",\"name\":\"Val\u00e8ncia Turisme\",\"image\":{\"@type\":\"ImageObject\",\"inLanguage\":\"vl\",\"@id\":\"https:\/\/turisme.dival.es\/#\/schema\/person\/image\/\",\"url\":\"https:\/\/secure.gravatar.com\/avatar\/0e9af38f68e5d55d0728b298890449252967999842654f5245c679ec46532ee9?s=96&d=mm&r=g\",\"contentUrl\":\"https:\/\/secure.gravatar.com\/avatar\/0e9af38f68e5d55d0728b298890449252967999842654f5245c679ec46532ee9?s=96&d=mm&r=g\",\"caption\":\"Val\u00e8ncia Turisme\"},\"sameAs\":[\"https:\/\/turisme.dival.es\"]}]}<\/script>\n<!-- \/ Yoast SEO plugin. -->","yoast_head_json":{"title":"Conoce las pr\u00f3ximas rutas senderistas de la Vall d&#039;Albaida &#060; Valencia Turismo","robots":{"index":"index","follow":"follow","max-snippet":"max-snippet:-1","max-image-preview":"max-image-preview:large","max-video-preview":"max-video-preview:-1"},"canonical":"https:\/\/turisme.dival.es\/ca\/conoce-las-proximas-rutas-senderistas-de-la-vall-dalbaida\/","og_locale":"en_US","og_type":"article","og_title":"Conoce las pr\u00f3ximas rutas senderistas de la Vall d&#039;Albaida &#060; Valencia Turismo","og_description":"El invierno se acerca, y con \u00e9l tambi\u00e9n el fr\u00edo. Pero mientras no llega nosotros nos calzamos las botas de andar, preparamos la mochila y nos dirigimos hacia el sur de la provincia de Valencia, concretamente a la comarca de la Vall d&#8217;Albaida, para descubrir las rutas senderistas que se han organizado en la comarca. [&hellip;]","og_url":"https:\/\/turisme.dival.es\/ca\/conoce-las-proximas-rutas-senderistas-de-la-vall-dalbaida\/","og_site_name":"Valencia Turismo","article_published_time":"2014-10-12T09:01:07+00:00","og_image":[{"width":2560,"height":1707,"url":"https:\/\/turisme.dival.es\/wp-content\/uploads\/2021\/09\/Senderismo-scaled.jpg","type":"image\/jpeg"}],"author":"Val\u00e8ncia Turisme","twitter_card":"summary_large_image","twitter_misc":{"Written by":"Val\u00e8ncia Turisme","Est. reading time":"2 minutes"},"schema":{"@context":"https:\/\/schema.org","@graph":[{"@type":"WebPage","@id":"https:\/\/turisme.dival.es\/ca\/conoce-las-proximas-rutas-senderistas-de-la-vall-dalbaida\/","url":"https:\/\/turisme.dival.es\/ca\/conoce-las-proximas-rutas-senderistas-de-la-vall-dalbaida\/","name":"Conoce las pr\u00f3ximas rutas senderistas de la Vall d&#039;Albaida &#060; Valencia Turismo","isPartOf":{"@id":"https:\/\/turisme.dival.es\/#website"},"primaryImageOfPage":{"@id":"https:\/\/turisme.dival.es\/ca\/conoce-las-proximas-rutas-senderistas-de-la-vall-dalbaida\/#primaryimage"},"image":{"@id":"https:\/\/turisme.dival.es\/ca\/conoce-las-proximas-rutas-senderistas-de-la-vall-dalbaida\/#primaryimage"},"thumbnailUrl":"https:\/\/turisme.dival.es\/wp-content\/uploads\/2021\/09\/Senderismo-scaled.jpg","datePublished":"2014-10-12T09:01:07+00:00","dateModified":"2014-10-12T09:01:07+00:00","author":{"@id":"https:\/\/turisme.dival.es\/#\/schema\/person\/3e0b7dd59fafb4560a54b9a4940574f4"},"inLanguage":"vl","potentialAction":[{"@type":"ReadAction","target":["https:\/\/turisme.dival.es\/ca\/conoce-las-proximas-rutas-senderistas-de-la-vall-dalbaida\/"]}]},{"@type":"ImageObject","inLanguage":"vl","@id":"https:\/\/turisme.dival.es\/ca\/conoce-las-proximas-rutas-senderistas-de-la-vall-dalbaida\/#primaryimage","url":"https:\/\/turisme.dival.es\/wp-content\/uploads\/2021\/09\/Senderismo-scaled.jpg","contentUrl":"https:\/\/turisme.dival.es\/wp-content\/uploads\/2021\/09\/Senderismo-scaled.jpg","width":2560,"height":1707},{"@type":"WebSite","@id":"https:\/\/turisme.dival.es\/#website","url":"https:\/\/turisme.dival.es\/","name":"valenciaturismo.com.mialias.net","description":"","potentialAction":[{"@type":"SearchAction","target":{"@type":"EntryPoint","urlTemplate":"https:\/\/turisme.dival.es\/?s={search_term_string}"},"query-input":"required name=search_term_string"}],"inLanguage":"vl"},{"@type":"Person","@id":"https:\/\/turisme.dival.es\/#\/schema\/person\/3e0b7dd59fafb4560a54b9a4940574f4","name":"Val\u00e8ncia Turisme","image":{"@type":"ImageObject","inLanguage":"vl","@id":"https:\/\/turisme.dival.es\/#\/schema\/person\/image\/","url":"https:\/\/secure.gravatar.com\/avatar\/0e9af38f68e5d55d0728b298890449252967999842654f5245c679ec46532ee9?s=96&d=mm&r=g","contentUrl":"https:\/\/secure.gravatar.com\/avatar\/0e9af38f68e5d55d0728b298890449252967999842654f5245c679ec46532ee9?s=96&d=mm&r=g","caption":"Val\u00e8ncia Turisme"},"sameAs":["https:\/\/turisme.dival.es"]}]}},"_links":{"self":[{"href":"https:\/\/turisme.dival.es\/ca\/wp-json\/wp\/v2\/posts\/127980","targetHints":{"allow":["GET"]}}],"collection":[{"href":"https:\/\/turisme.dival.es\/ca\/wp-json\/wp\/v2\/posts"}],"about":[{"href":"https:\/\/turisme.dival.es\/ca\/wp-json\/wp\/v2\/types\/post"}],"author":[{"embeddable":true,"href":"https:\/\/turisme.dival.es\/ca\/wp-json\/wp\/v2\/users\/1"}],"replies":[{"embeddable":true,"href":"https:\/\/turisme.dival.es\/ca\/wp-json\/wp\/v2\/comments?post=127980"}],"version-history":[{"count":0,"href":"https:\/\/turisme.dival.es\/ca\/wp-json\/wp\/v2\/posts\/127980\/revisions"}],"wp:featuredmedia":[{"embeddable":true,"href":"https:\/\/turisme.dival.es\/ca\/wp-json\/wp\/v2\/media\/28549"}],"wp:attachment":[{"href":"https:\/\/turisme.dival.es\/ca\/wp-json\/wp\/v2\/media?parent=127980"}],"wp:term":[{"taxonomy":"category","embeddable":true,"href":"https:\/\/turisme.dival.es\/ca\/wp-json\/wp\/v2\/categories?post=127980"},{"taxonomy":"post_tag","embeddable":true,"href":"https:\/\/turisme.dival.es\/ca\/wp-json\/wp\/v2\/tags?post=127980"}],"curies":[{"name":"wp","href":"https:\/\/api.w.org\/{rel}","templated":true}]}}