{"id":127688,"date":"2013-12-26T11:20:33","date_gmt":"2013-12-26T11:20:33","guid":{"rendered":"https:\/\/turisme.dival.es\/el-dia-de-los-locos-en-jalance\/"},"modified":"2024-05-05T15:12:57","modified_gmt":"2024-05-05T15:12:57","slug":"el-dia-de-los-locos-en-jalance","status":"publish","type":"post","link":"https:\/\/turisme.dival.es\/ca\/el-dia-de-los-locos-en-jalance\/","title":{"rendered":"El d\u00eda de los Locos en Jalance"},"content":{"rendered":"<p>Hoy estamos a 26 de diciembre, hemos pasado la Nochebuena y el d\u00eda de <a href=\"http:\/\/blog.valenciaterraimar.org\/index.php\/2013\/12\/tradiciones-navidenas-de-la-provincia\/\" target=\"_blank\" rel=\"noopener\">Navidad<\/a>. S\u00f3lo faltan unos pocos d\u00edas para celebrar el Fin de A\u00f1o, pero antes hay otro d\u00eda se\u00f1alado en el calendario de nuestra provincia&#8230; Hablamos del d\u00eda los <strong>Santos Inocentes<\/strong>, que tiene lugar cada 28 de este mes y que en la localidad de <strong>Jalance<\/strong> se celebra\u00a0de una forma muy particular. Esta celebraci\u00f3n se llama la &#8216;<strong>Fiesta de los Loco<\/strong>s&#8217; y goza de una dilatada trayectoria, pues se tiene constancia de ella al menos desde principios del siglo XVII, cuando era la Iglesia quien recaudaba los donativos con el objetivo de sacar las almas del purgatorio y salvarlas. Pero desde entonces ha pasado mucho tiempo y esta fiesta se ha vuelto en un acontecimiento pagano y de lo m\u00e1s divertido.<\/p>\n<p>Se trata de una fiesta muy original que mantiene ocupados a los vecinos de Jalance durante todo el d\u00eda. Ya por la ma\u00f1ana se nombrar\u00e1 un alcalde entre los llamados popularmente &#8216;locos&#8217;, quien recibir\u00e1 la denominada &#8216;vara de mando&#8217; del pueblo por parte del verdadero alcalde del municipio. Este singular &#8216;<strong>alcalde de los locos<\/strong>&#8216; ser\u00e1 el encargado de gobernar Jalance durante las siguientes 24 horas, as\u00ed que lo primero que har\u00e1n ser\u00e1 salir a las calles para empezar a disfrutar de esta <strong>fiesta<\/strong>. Hoy en d\u00eda son los <strong>quintos<\/strong> del municipio quienes celebran esta fiesta y se ponen en el papel de los &#8216;locos&#8217;, para lo cual se vestir\u00e1n especialmente llamativos, se pintar\u00e1n el rostro y llamar\u00e1n a todas las puertas para pedir los populares <strong>donativos<\/strong> que ayudar\u00e1n a que la celebraci\u00f3n tenga lugar. Adem\u00e1s, a cambio del donativo se les puede realizar casi cualquier petici\u00f3n, siempre que contribuya al ambiente festivo. Se trata de una especie de <strong>pasacalle<\/strong> por el pueblo animado con la m\u00fasica de las <a href=\"http:\/\/blog.valenciaterraimar.org\/index.php\/2013\/11\/las-bandas-de-musica-rinden-homenaje-a-su-patrona-santa-cecilia\/\" target=\"_blank\" rel=\"noopener\">bandas<\/a> y de una <strong>charanga<\/strong> local que animar\u00e1n la fiesta para que nadie se quede sin bailar. Aqu\u00e9llos que se resistan, los sacar\u00e1n los locos de dentro de casa, del coche o de cualquier sitio&#8230; As\u00ed que no creemos que valga la pena hacerse de rogar.<\/p>\n<p><!--more-->Los gazpachos son la comida tradicional de este d\u00eda, un momento que, por otra parte, ser\u00e1 pr\u00e1cticamente el \u00fanico periodo de descanso, pues la fiesta se alarga hasta el &#8216;<strong>Baile<\/strong> de los Locos&#8217;, que tiene lugar ya por la noche. En esta parte se siguen formulando extravagantes peticiones entre \u00e9stos y el pueblo, las cuales si no son cumplidas por los vecinos, \u00e9stos deber\u00e1n contribuir econ\u00f3micamente a las ganancias de los quintos. Sin duda es una fiesta digna de ver, as\u00ed que si ten\u00e9is oportunidad \u00a1os recomendamos que no os la perd\u00e1is!<\/p>\n<p>Fuente \/ <a href=\"http:\/\/portales.gva.es\/jalance\/Fiestas.htm\" target=\"_blank\" rel=\"nofollow noopener\">Portal de Fiestas de la Generalitat Valenciana<\/a> y <a href=\"http:\/\/www.jalance.es\/es\/content\/fiestas\" target=\"_blank\" rel=\"nofollow noopener\">Ayuntamiento de Jalance<\/a><\/p>\n<p>Foto \/ <a href=\"http:\/\/www.flickr.com\/photos\/respenda\/5046834411\/sizes\/l\/in\/photolist-8FYm3p-92fPoQ-95kUVT-ds6kSM-aJCFuD-93afc1-hwg7J8-bWipma-hwhebn-fNBDmX-9YuPyx-bg8bon-cC3mzb-aaYPrs-dVdJSd-8erUAU-9o6gin\/\" target=\"_blank\" rel=\"nofollow noopener\">Miguel. (respenda)<\/a><\/p>\n","protected":false},"excerpt":{"rendered":"<p>Hoy estamos a 26 de diciembre, hemos pasado la Nochebuena y el d\u00eda de Navidad. S\u00f3lo faltan unos pocos d\u00edas para celebrar el Fin de A\u00f1o, pero antes hay otro d\u00eda se\u00f1alado en el calendario de nuestra provincia&#8230; Hablamos del d\u00eda los Santos Inocentes, que tiene lugar cada 28 de este mes y que en [&hellip;]<\/p>\n","protected":false},"author":1,"featured_media":14080,"comment_status":"open","ping_status":"open","sticky":false,"template":"","format":"standard","meta":{"_acf_changed":false,"_et_pb_use_builder":"","_et_pb_old_content":"","_et_gb_content_width":"","footnotes":""},"categories":[1951,1940,1945,1941],"tags":[],"class_list":["post-127688","post","type-post","status-publish","format-standard","has-post-thumbnail","hentry","category-entrades","category-cultura","category-destacados","category-festes-i-oci"],"acf":{"destacado":false},"yoast_head":"<!-- This site is optimized with the Yoast SEO plugin v23.0 - https:\/\/yoast.com\/wordpress\/plugins\/seo\/ -->\n<title>El d\u00eda de los Locos en Jalance &#060; Valencia Turismo<\/title>\n<meta name=\"robots\" content=\"index, follow, max-snippet:-1, max-image-preview:large, max-video-preview:-1\" \/>\n<link rel=\"canonical\" href=\"https:\/\/turisme.dival.es\/ca\/el-dia-de-los-locos-en-jalance\/\" \/>\n<meta property=\"og:locale\" content=\"en_US\" \/>\n<meta property=\"og:type\" content=\"article\" \/>\n<meta property=\"og:title\" content=\"El d\u00eda de los Locos en Jalance &#060; Valencia Turismo\" \/>\n<meta property=\"og:description\" content=\"Hoy estamos a 26 de diciembre, hemos pasado la Nochebuena y el d\u00eda de Navidad. S\u00f3lo faltan unos pocos d\u00edas para celebrar el Fin de A\u00f1o, pero antes hay otro d\u00eda se\u00f1alado en el calendario de nuestra provincia&#8230; Hablamos del d\u00eda los Santos Inocentes, que tiene lugar cada 28 de este mes y que en [&hellip;]\" \/>\n<meta property=\"og:url\" content=\"https:\/\/turisme.dival.es\/ca\/el-dia-de-los-locos-en-jalance\/\" \/>\n<meta property=\"og:site_name\" content=\"Valencia Turismo\" \/>\n<meta property=\"article:published_time\" content=\"2013-12-26T11:20:33+00:00\" \/>\n<meta property=\"article:modified_time\" content=\"2024-05-05T15:12:57+00:00\" \/>\n<meta property=\"og:image\" content=\"https:\/\/turisme.dival.es\/wp-content\/uploads\/2021\/09\/Confeti.jpg\" \/>\n\t<meta property=\"og:image:width\" content=\"1024\" \/>\n\t<meta property=\"og:image:height\" content=\"683\" \/>\n\t<meta property=\"og:image:type\" content=\"image\/jpeg\" \/>\n<meta name=\"author\" content=\"Val\u00e8ncia Turisme\" \/>\n<meta name=\"twitter:card\" content=\"summary_large_image\" \/>\n<meta name=\"twitter:label1\" content=\"Written by\" \/>\n\t<meta name=\"twitter:data1\" content=\"Val\u00e8ncia Turisme\" \/>\n\t<meta name=\"twitter:label2\" content=\"Est. reading time\" \/>\n\t<meta name=\"twitter:data2\" content=\"2 minutes\" \/>\n<script type=\"application\/ld+json\" class=\"yoast-schema-graph\">{\"@context\":\"https:\/\/schema.org\",\"@graph\":[{\"@type\":\"WebPage\",\"@id\":\"https:\/\/turisme.dival.es\/ca\/el-dia-de-los-locos-en-jalance\/\",\"url\":\"https:\/\/turisme.dival.es\/ca\/el-dia-de-los-locos-en-jalance\/\",\"name\":\"El d\u00eda de los Locos en Jalance &#060; Valencia Turismo\",\"isPartOf\":{\"@id\":\"https:\/\/turisme.dival.es\/#website\"},\"primaryImageOfPage\":{\"@id\":\"https:\/\/turisme.dival.es\/ca\/el-dia-de-los-locos-en-jalance\/#primaryimage\"},\"image\":{\"@id\":\"https:\/\/turisme.dival.es\/ca\/el-dia-de-los-locos-en-jalance\/#primaryimage\"},\"thumbnailUrl\":\"https:\/\/turisme.dival.es\/wp-content\/uploads\/2021\/09\/Confeti.jpg\",\"datePublished\":\"2013-12-26T11:20:33+00:00\",\"dateModified\":\"2024-05-05T15:12:57+00:00\",\"author\":{\"@id\":\"https:\/\/turisme.dival.es\/#\/schema\/person\/3e0b7dd59fafb4560a54b9a4940574f4\"},\"inLanguage\":\"vl\",\"potentialAction\":[{\"@type\":\"ReadAction\",\"target\":[\"https:\/\/turisme.dival.es\/ca\/el-dia-de-los-locos-en-jalance\/\"]}]},{\"@type\":\"ImageObject\",\"inLanguage\":\"vl\",\"@id\":\"https:\/\/turisme.dival.es\/ca\/el-dia-de-los-locos-en-jalance\/#primaryimage\",\"url\":\"https:\/\/turisme.dival.es\/wp-content\/uploads\/2021\/09\/Confeti.jpg\",\"contentUrl\":\"https:\/\/turisme.dival.es\/wp-content\/uploads\/2021\/09\/Confeti.jpg\",\"width\":1024,\"height\":683},{\"@type\":\"WebSite\",\"@id\":\"https:\/\/turisme.dival.es\/#website\",\"url\":\"https:\/\/turisme.dival.es\/\",\"name\":\"valenciaturismo.com.mialias.net\",\"description\":\"\",\"potentialAction\":[{\"@type\":\"SearchAction\",\"target\":{\"@type\":\"EntryPoint\",\"urlTemplate\":\"https:\/\/turisme.dival.es\/?s={search_term_string}\"},\"query-input\":\"required name=search_term_string\"}],\"inLanguage\":\"vl\"},{\"@type\":\"Person\",\"@id\":\"https:\/\/turisme.dival.es\/#\/schema\/person\/3e0b7dd59fafb4560a54b9a4940574f4\",\"name\":\"Val\u00e8ncia Turisme\",\"image\":{\"@type\":\"ImageObject\",\"inLanguage\":\"vl\",\"@id\":\"https:\/\/turisme.dival.es\/#\/schema\/person\/image\/\",\"url\":\"https:\/\/secure.gravatar.com\/avatar\/0e9af38f68e5d55d0728b298890449252967999842654f5245c679ec46532ee9?s=96&d=mm&r=g\",\"contentUrl\":\"https:\/\/secure.gravatar.com\/avatar\/0e9af38f68e5d55d0728b298890449252967999842654f5245c679ec46532ee9?s=96&d=mm&r=g\",\"caption\":\"Val\u00e8ncia Turisme\"},\"sameAs\":[\"https:\/\/turisme.dival.es\"]}]}<\/script>\n<!-- \/ Yoast SEO plugin. -->","yoast_head_json":{"title":"El d\u00eda de los Locos en Jalance &#060; Valencia Turismo","robots":{"index":"index","follow":"follow","max-snippet":"max-snippet:-1","max-image-preview":"max-image-preview:large","max-video-preview":"max-video-preview:-1"},"canonical":"https:\/\/turisme.dival.es\/ca\/el-dia-de-los-locos-en-jalance\/","og_locale":"en_US","og_type":"article","og_title":"El d\u00eda de los Locos en Jalance &#060; Valencia Turismo","og_description":"Hoy estamos a 26 de diciembre, hemos pasado la Nochebuena y el d\u00eda de Navidad. S\u00f3lo faltan unos pocos d\u00edas para celebrar el Fin de A\u00f1o, pero antes hay otro d\u00eda se\u00f1alado en el calendario de nuestra provincia&#8230; Hablamos del d\u00eda los Santos Inocentes, que tiene lugar cada 28 de este mes y que en [&hellip;]","og_url":"https:\/\/turisme.dival.es\/ca\/el-dia-de-los-locos-en-jalance\/","og_site_name":"Valencia Turismo","article_published_time":"2013-12-26T11:20:33+00:00","article_modified_time":"2024-05-05T15:12:57+00:00","og_image":[{"width":1024,"height":683,"url":"https:\/\/turisme.dival.es\/wp-content\/uploads\/2021\/09\/Confeti.jpg","type":"image\/jpeg"}],"author":"Val\u00e8ncia Turisme","twitter_card":"summary_large_image","twitter_misc":{"Written by":"Val\u00e8ncia Turisme","Est. reading time":"2 minutes"},"schema":{"@context":"https:\/\/schema.org","@graph":[{"@type":"WebPage","@id":"https:\/\/turisme.dival.es\/ca\/el-dia-de-los-locos-en-jalance\/","url":"https:\/\/turisme.dival.es\/ca\/el-dia-de-los-locos-en-jalance\/","name":"El d\u00eda de los Locos en Jalance &#060; Valencia Turismo","isPartOf":{"@id":"https:\/\/turisme.dival.es\/#website"},"primaryImageOfPage":{"@id":"https:\/\/turisme.dival.es\/ca\/el-dia-de-los-locos-en-jalance\/#primaryimage"},"image":{"@id":"https:\/\/turisme.dival.es\/ca\/el-dia-de-los-locos-en-jalance\/#primaryimage"},"thumbnailUrl":"https:\/\/turisme.dival.es\/wp-content\/uploads\/2021\/09\/Confeti.jpg","datePublished":"2013-12-26T11:20:33+00:00","dateModified":"2024-05-05T15:12:57+00:00","author":{"@id":"https:\/\/turisme.dival.es\/#\/schema\/person\/3e0b7dd59fafb4560a54b9a4940574f4"},"inLanguage":"vl","potentialAction":[{"@type":"ReadAction","target":["https:\/\/turisme.dival.es\/ca\/el-dia-de-los-locos-en-jalance\/"]}]},{"@type":"ImageObject","inLanguage":"vl","@id":"https:\/\/turisme.dival.es\/ca\/el-dia-de-los-locos-en-jalance\/#primaryimage","url":"https:\/\/turisme.dival.es\/wp-content\/uploads\/2021\/09\/Confeti.jpg","contentUrl":"https:\/\/turisme.dival.es\/wp-content\/uploads\/2021\/09\/Confeti.jpg","width":1024,"height":683},{"@type":"WebSite","@id":"https:\/\/turisme.dival.es\/#website","url":"https:\/\/turisme.dival.es\/","name":"valenciaturismo.com.mialias.net","description":"","potentialAction":[{"@type":"SearchAction","target":{"@type":"EntryPoint","urlTemplate":"https:\/\/turisme.dival.es\/?s={search_term_string}"},"query-input":"required name=search_term_string"}],"inLanguage":"vl"},{"@type":"Person","@id":"https:\/\/turisme.dival.es\/#\/schema\/person\/3e0b7dd59fafb4560a54b9a4940574f4","name":"Val\u00e8ncia Turisme","image":{"@type":"ImageObject","inLanguage":"vl","@id":"https:\/\/turisme.dival.es\/#\/schema\/person\/image\/","url":"https:\/\/secure.gravatar.com\/avatar\/0e9af38f68e5d55d0728b298890449252967999842654f5245c679ec46532ee9?s=96&d=mm&r=g","contentUrl":"https:\/\/secure.gravatar.com\/avatar\/0e9af38f68e5d55d0728b298890449252967999842654f5245c679ec46532ee9?s=96&d=mm&r=g","caption":"Val\u00e8ncia Turisme"},"sameAs":["https:\/\/turisme.dival.es"]}]}},"_links":{"self":[{"href":"https:\/\/turisme.dival.es\/ca\/wp-json\/wp\/v2\/posts\/127688","targetHints":{"allow":["GET"]}}],"collection":[{"href":"https:\/\/turisme.dival.es\/ca\/wp-json\/wp\/v2\/posts"}],"about":[{"href":"https:\/\/turisme.dival.es\/ca\/wp-json\/wp\/v2\/types\/post"}],"author":[{"embeddable":true,"href":"https:\/\/turisme.dival.es\/ca\/wp-json\/wp\/v2\/users\/1"}],"replies":[{"embeddable":true,"href":"https:\/\/turisme.dival.es\/ca\/wp-json\/wp\/v2\/comments?post=127688"}],"version-history":[{"count":1,"href":"https:\/\/turisme.dival.es\/ca\/wp-json\/wp\/v2\/posts\/127688\/revisions"}],"predecessor-version":[{"id":130772,"href":"https:\/\/turisme.dival.es\/ca\/wp-json\/wp\/v2\/posts\/127688\/revisions\/130772"}],"wp:featuredmedia":[{"embeddable":true,"href":"https:\/\/turisme.dival.es\/ca\/wp-json\/wp\/v2\/media\/14080"}],"wp:attachment":[{"href":"https:\/\/turisme.dival.es\/ca\/wp-json\/wp\/v2\/media?parent=127688"}],"wp:term":[{"taxonomy":"category","embeddable":true,"href":"https:\/\/turisme.dival.es\/ca\/wp-json\/wp\/v2\/categories?post=127688"},{"taxonomy":"post_tag","embeddable":true,"href":"https:\/\/turisme.dival.es\/ca\/wp-json\/wp\/v2\/tags?post=127688"}],"curies":[{"name":"wp","href":"https:\/\/api.w.org\/{rel}","templated":true}]}}