{"id":127681,"date":"2013-12-23T12:39:44","date_gmt":"2013-12-23T12:39:44","guid":{"rendered":"https:\/\/turisme.dival.es\/tradiciones-navidenas-de-la-provincia\/"},"modified":"2024-05-05T15:12:48","modified_gmt":"2024-05-05T15:12:48","slug":"tradiciones-navidenas-de-la-provincia","status":"publish","type":"post","link":"https:\/\/turisme.dival.es\/ca\/tradiciones-navidenas-de-la-provincia\/","title":{"rendered":"Tradiciones navide\u00f1as de la provincia"},"content":{"rendered":"<p>En la provincia de Valencia tenemos <strong>tradiciones<\/strong> a lo largo de todo el a\u00f1o; sin embargo, parece que con la <a href=\"http:\/\/blog.valenciaterraimar.org\/index.php\/2013\/12\/princiaples-mercados-artesanales-y-navidenos-de-la-provincia\/\" target=\"_blank\" rel=\"noopener\">Navidad<\/a> todo se multiplica. Todos los municipios quieren ser part\u00edcipes de estas fiestas tan entra\u00f1ables con la celebraci\u00f3n de numerosos actos que ya se han vuelto imprescindibles en estas fechas.<\/p>\n<h2><strong>Villancicos y felicitaciones, el \u00e1rbol de Navidad<\/strong><\/h2>\n<p>Estos tres elementos forman parte de la Navidad desde hace ya muchos a\u00f1os. Los villancicos se cantan en la calle, en la iglesia y tambi\u00e9n en las escuelas. Estos d\u00edas suenan desde las melod\u00edas m\u00e1s cl\u00e1sicas y conocidas, hasta nuevas versiones. Felicitamos a nuestros conocidos y la mayor\u00eda de hogares ya transmiten el <strong>esp\u00edritu navide\u00f1o<\/strong> a trav\u00e9s del tradicional \u00e1rbol que, por cierto, a\u00f1o tras a\u00f1o ha ido aumentando su tama\u00f1o y cuidando cada vez m\u00e1s su decoraci\u00f3n. Este complemento navide\u00f1o tambi\u00e9n se ha ido modernizando y lo natural ha ido dando paso a la modernidad, con \u00e1rboles de metal y luces en lugar de ramas -ya sean naturales o sint\u00e9ticas- como el de la Plaza del Ayuntamiento de Valencia.<\/p>\n<h2><strong>Visitar los Belenes<\/strong><\/h2>\n<p>Junto al \u00e1rbol de Navidad hay otro ingrediente que no falta en muchas casas: el Bel\u00e9n. Para los que no acostumbr\u00e9is a contar con \u00e9l, u os conform\u00e9is con unas pocas figuritas, siempre puedes visitar los <strong>espectaculares belenes<\/strong> que se montan en tus municipios vecinos. Por ejemplo, en la Albereda Jaume I de X\u00e0tiva encontrar\u00e1s uno de los belenes\u00a0<strong>vivientes<\/strong>\u00a0m\u00e1s grandes de la Comunitat Valenciana, ya que ocupa nada m\u00e1s y nada menos que unos 1.300 metros cuadrados. Otro tambi\u00e9n monumental, esta vez de figuritas, es el <a href=\"http:\/\/blog.valenciaterraimar.org\/index.php\/2013\/12\/conoce-el-popular-belen-de-roca-en-meliana\/\" target=\"_blank\" rel=\"noopener\">Bel\u00e9n de Roca<\/a> que podr\u00e1s visitar en Meliana. En Valencia ciudad estar\u00e1 abierto al p\u00fablico el Bel\u00e9n del artista local Pedro R\u00f3denas Fuentes, el cual ya est\u00e1 expuesto en la sala Lametro de la estaci\u00f3n de Col\u00f3n de Metrovalencia. Ten\u00e9is de tiempo hasta el 5 de enero y la entrada es gratuita.<\/p>\n<p>Y si lo que quer\u00e9is es aprender, en Albaida encontrar\u00e9is el Museo de Belenes y Dioramas. Se trata de una exposici\u00f3n realizada por la Asociaci\u00f3n de Belenistas de Albaida en la que desde 2002 se puede admirar una colecci\u00f3n de pasajes b\u00edblicos.<br \/>\n<!--more--><\/p>\n<h2><strong>Actos religiosos, familiares y festivos<\/strong><\/h2>\n<p>Estas fechas son una buena oportunidad para acudir a los tradicionales <strong>conciertos<\/strong> que las bandas de m\u00fasica suelen ofrecer. En Ontinyent y Gandia destaca el <a title=\"cant de la Sibil\u00b7la\" href=\"http:\/\/blog.valenciaterraimar.org\/index.php\/2013\/12\/el-cant-de-la-sibilla-en-ontinyent\/\" target=\"_blank\" rel=\"noopener\">Cant de la Sibil\u00b7la<\/a> que suele celebrarse el d\u00eda de <strong>Nochebuena<\/strong>, una noche en la que las citas se nos acumulan. Y es que adem\u00e1s tiene lugar la familiar y copiosa cena de Navidad, la <strong>Misa del Gallo<\/strong> y la posterior escapada festiva con nuestros amigos. Al d\u00eda siguiente nos esperar\u00e1 la t\u00edpica comida del d\u00eda 25, que tambi\u00e9n iba seguido de la celebraci\u00f3n de San Esteban el 26, que aunque esta costumbre se ha ido perdiendo poco a poco alguna casa todav\u00eda la mantiene. Por \u00faltimo nos queda comernos las uvas o los gajos de naranja (de tama\u00f1o peque\u00f1o) en <strong>Nochevieja<\/strong> y poner fin a las fiestas los d\u00edas 5 y 6 de enero con la esperada recepci\u00f3n de los <strong>Reyes Magos<\/strong> y sus regalos, que esperamos que puedan llegar a todos los ni\u00f1os.<\/p>\n<p>Por cierto, \u00a1este a\u00f1o no te olvides de cumplir tu t\u00edpico prop\u00f3sito de a\u00f1o nuevo!<\/p>\n<p>\u00a1Felices Fiestas!<\/p>\n<p>M\u00e1s informaci\u00f3n \/ <a href=\"http:\/\/www.fiestasancristobal.es\/articuloesp.htm\" target=\"_blank\" rel=\"nofollow noopener\">Cofrad\u00eda de San Crist\u00f3bal de Valencia<\/a> y <a href=\"http:\/\/www.valenciaterraimar.org\/\" target=\"_blank\" rel=\"nofollow noopener\">Val\u00e8ncia, Terra i Mar<\/a><\/p>\n<p>Foto \/ <a href=\"http:\/\/www.flickr.com\/photos\/07anycolouryoulike\/6566897119\/sizes\/l\/in\/photolist-b1i4J8-2G2qoV-5L25MZ-4gEm2Q-yNBby-yNAxz-yNBpv-yNARy-yNAsp-yNB5U-yNBii-yNAXj-4gAhzF-9gvtBs-bmQadX-tASSR-5CEdeK-vsz4G-vsz4z-fyAgzG-964ao1-961gAM-964f5b-9616WT-961bBi-964c2G-961ihz-964gKE-964dZA-4gAhHg-4gAhPn-4gAhSz-5ZVWYe-7p4xog-2G6JnA-2G6HLb-2G2pun-5ocUJU-5RP1xA-dN2tn2-dN7jB5-5RP63Q-dMPGk9-dMPZLW-5RP7bA-dMPHfs-dN283Z-dMQ3oy-dMJmqD-dMPXhC-dMJfgn\/\" target=\"_blank\" rel=\"nofollow noopener\">lett -\/=<\/a><\/p>\n","protected":false},"excerpt":{"rendered":"<p>En la provincia de Valencia tenemos tradiciones a lo largo de todo el a\u00f1o; sin embargo, parece que con la Navidad todo se multiplica. Todos los municipios quieren ser part\u00edcipes de estas fiestas tan entra\u00f1ables con la celebraci\u00f3n de numerosos actos que ya se han vuelto imprescindibles en estas fechas. Villancicos y felicitaciones, el \u00e1rbol [&hellip;]<\/p>\n","protected":false},"author":1,"featured_media":14059,"comment_status":"open","ping_status":"open","sticky":false,"template":"","format":"standard","meta":{"_acf_changed":false,"_et_pb_use_builder":"","_et_pb_old_content":"","_et_gb_content_width":"","footnotes":""},"categories":[1951,1940,1941],"tags":[],"class_list":["post-127681","post","type-post","status-publish","format-standard","has-post-thumbnail","hentry","category-entrades","category-cultura","category-festes-i-oci"],"acf":{"destacado":false},"yoast_head":"<!-- This site is optimized with the Yoast SEO plugin v23.0 - https:\/\/yoast.com\/wordpress\/plugins\/seo\/ -->\n<title>Tradiciones navide\u00f1as de la provincia &#060; Valencia Turismo<\/title>\n<meta name=\"robots\" content=\"index, follow, max-snippet:-1, max-image-preview:large, max-video-preview:-1\" \/>\n<link rel=\"canonical\" href=\"https:\/\/turisme.dival.es\/ca\/tradiciones-navidenas-de-la-provincia\/\" \/>\n<meta property=\"og:locale\" content=\"en_US\" \/>\n<meta property=\"og:type\" content=\"article\" \/>\n<meta property=\"og:title\" content=\"Tradiciones navide\u00f1as de la provincia &#060; Valencia Turismo\" \/>\n<meta property=\"og:description\" content=\"En la provincia de Valencia tenemos tradiciones a lo largo de todo el a\u00f1o; sin embargo, parece que con la Navidad todo se multiplica. Todos los municipios quieren ser part\u00edcipes de estas fiestas tan entra\u00f1ables con la celebraci\u00f3n de numerosos actos que ya se han vuelto imprescindibles en estas fechas. Villancicos y felicitaciones, el \u00e1rbol [&hellip;]\" \/>\n<meta property=\"og:url\" content=\"https:\/\/turisme.dival.es\/ca\/tradiciones-navidenas-de-la-provincia\/\" \/>\n<meta property=\"og:site_name\" content=\"Valencia Turismo\" \/>\n<meta property=\"article:published_time\" content=\"2013-12-23T12:39:44+00:00\" \/>\n<meta property=\"article:modified_time\" content=\"2024-05-05T15:12:48+00:00\" \/>\n<meta property=\"og:image\" content=\"https:\/\/turisme.dival.es\/wp-content\/uploads\/2021\/09\/Belen.jpg\" \/>\n\t<meta property=\"og:image:width\" content=\"1024\" \/>\n\t<meta property=\"og:image:height\" content=\"683\" \/>\n\t<meta property=\"og:image:type\" content=\"image\/jpeg\" \/>\n<meta name=\"author\" content=\"Val\u00e8ncia Turisme\" \/>\n<meta name=\"twitter:card\" content=\"summary_large_image\" \/>\n<meta name=\"twitter:label1\" content=\"Written by\" \/>\n\t<meta name=\"twitter:data1\" content=\"Val\u00e8ncia Turisme\" \/>\n\t<meta name=\"twitter:label2\" content=\"Est. reading time\" \/>\n\t<meta name=\"twitter:data2\" content=\"3 minutes\" \/>\n<script type=\"application\/ld+json\" class=\"yoast-schema-graph\">{\"@context\":\"https:\/\/schema.org\",\"@graph\":[{\"@type\":\"WebPage\",\"@id\":\"https:\/\/turisme.dival.es\/ca\/tradiciones-navidenas-de-la-provincia\/\",\"url\":\"https:\/\/turisme.dival.es\/ca\/tradiciones-navidenas-de-la-provincia\/\",\"name\":\"Tradiciones navide\u00f1as de la provincia &#060; Valencia Turismo\",\"isPartOf\":{\"@id\":\"https:\/\/turisme.dival.es\/#website\"},\"primaryImageOfPage\":{\"@id\":\"https:\/\/turisme.dival.es\/ca\/tradiciones-navidenas-de-la-provincia\/#primaryimage\"},\"image\":{\"@id\":\"https:\/\/turisme.dival.es\/ca\/tradiciones-navidenas-de-la-provincia\/#primaryimage\"},\"thumbnailUrl\":\"https:\/\/turisme.dival.es\/wp-content\/uploads\/2021\/09\/Belen.jpg\",\"datePublished\":\"2013-12-23T12:39:44+00:00\",\"dateModified\":\"2024-05-05T15:12:48+00:00\",\"author\":{\"@id\":\"https:\/\/turisme.dival.es\/#\/schema\/person\/3e0b7dd59fafb4560a54b9a4940574f4\"},\"inLanguage\":\"vl\",\"potentialAction\":[{\"@type\":\"ReadAction\",\"target\":[\"https:\/\/turisme.dival.es\/ca\/tradiciones-navidenas-de-la-provincia\/\"]}]},{\"@type\":\"ImageObject\",\"inLanguage\":\"vl\",\"@id\":\"https:\/\/turisme.dival.es\/ca\/tradiciones-navidenas-de-la-provincia\/#primaryimage\",\"url\":\"https:\/\/turisme.dival.es\/wp-content\/uploads\/2021\/09\/Belen.jpg\",\"contentUrl\":\"https:\/\/turisme.dival.es\/wp-content\/uploads\/2021\/09\/Belen.jpg\",\"width\":1024,\"height\":683,\"caption\":\"||\"},{\"@type\":\"WebSite\",\"@id\":\"https:\/\/turisme.dival.es\/#website\",\"url\":\"https:\/\/turisme.dival.es\/\",\"name\":\"valenciaturismo.com.mialias.net\",\"description\":\"\",\"potentialAction\":[{\"@type\":\"SearchAction\",\"target\":{\"@type\":\"EntryPoint\",\"urlTemplate\":\"https:\/\/turisme.dival.es\/?s={search_term_string}\"},\"query-input\":\"required name=search_term_string\"}],\"inLanguage\":\"vl\"},{\"@type\":\"Person\",\"@id\":\"https:\/\/turisme.dival.es\/#\/schema\/person\/3e0b7dd59fafb4560a54b9a4940574f4\",\"name\":\"Val\u00e8ncia Turisme\",\"image\":{\"@type\":\"ImageObject\",\"inLanguage\":\"vl\",\"@id\":\"https:\/\/turisme.dival.es\/#\/schema\/person\/image\/\",\"url\":\"https:\/\/secure.gravatar.com\/avatar\/0e9af38f68e5d55d0728b298890449252967999842654f5245c679ec46532ee9?s=96&d=mm&r=g\",\"contentUrl\":\"https:\/\/secure.gravatar.com\/avatar\/0e9af38f68e5d55d0728b298890449252967999842654f5245c679ec46532ee9?s=96&d=mm&r=g\",\"caption\":\"Val\u00e8ncia Turisme\"},\"sameAs\":[\"https:\/\/turisme.dival.es\"]}]}<\/script>\n<!-- \/ Yoast SEO plugin. -->","yoast_head_json":{"title":"Tradiciones navide\u00f1as de la provincia &#060; Valencia Turismo","robots":{"index":"index","follow":"follow","max-snippet":"max-snippet:-1","max-image-preview":"max-image-preview:large","max-video-preview":"max-video-preview:-1"},"canonical":"https:\/\/turisme.dival.es\/ca\/tradiciones-navidenas-de-la-provincia\/","og_locale":"en_US","og_type":"article","og_title":"Tradiciones navide\u00f1as de la provincia &#060; Valencia Turismo","og_description":"En la provincia de Valencia tenemos tradiciones a lo largo de todo el a\u00f1o; sin embargo, parece que con la Navidad todo se multiplica. Todos los municipios quieren ser part\u00edcipes de estas fiestas tan entra\u00f1ables con la celebraci\u00f3n de numerosos actos que ya se han vuelto imprescindibles en estas fechas. Villancicos y felicitaciones, el \u00e1rbol [&hellip;]","og_url":"https:\/\/turisme.dival.es\/ca\/tradiciones-navidenas-de-la-provincia\/","og_site_name":"Valencia Turismo","article_published_time":"2013-12-23T12:39:44+00:00","article_modified_time":"2024-05-05T15:12:48+00:00","og_image":[{"width":1024,"height":683,"url":"https:\/\/turisme.dival.es\/wp-content\/uploads\/2021\/09\/Belen.jpg","type":"image\/jpeg"}],"author":"Val\u00e8ncia Turisme","twitter_card":"summary_large_image","twitter_misc":{"Written by":"Val\u00e8ncia Turisme","Est. reading time":"3 minutes"},"schema":{"@context":"https:\/\/schema.org","@graph":[{"@type":"WebPage","@id":"https:\/\/turisme.dival.es\/ca\/tradiciones-navidenas-de-la-provincia\/","url":"https:\/\/turisme.dival.es\/ca\/tradiciones-navidenas-de-la-provincia\/","name":"Tradiciones navide\u00f1as de la provincia &#060; Valencia Turismo","isPartOf":{"@id":"https:\/\/turisme.dival.es\/#website"},"primaryImageOfPage":{"@id":"https:\/\/turisme.dival.es\/ca\/tradiciones-navidenas-de-la-provincia\/#primaryimage"},"image":{"@id":"https:\/\/turisme.dival.es\/ca\/tradiciones-navidenas-de-la-provincia\/#primaryimage"},"thumbnailUrl":"https:\/\/turisme.dival.es\/wp-content\/uploads\/2021\/09\/Belen.jpg","datePublished":"2013-12-23T12:39:44+00:00","dateModified":"2024-05-05T15:12:48+00:00","author":{"@id":"https:\/\/turisme.dival.es\/#\/schema\/person\/3e0b7dd59fafb4560a54b9a4940574f4"},"inLanguage":"vl","potentialAction":[{"@type":"ReadAction","target":["https:\/\/turisme.dival.es\/ca\/tradiciones-navidenas-de-la-provincia\/"]}]},{"@type":"ImageObject","inLanguage":"vl","@id":"https:\/\/turisme.dival.es\/ca\/tradiciones-navidenas-de-la-provincia\/#primaryimage","url":"https:\/\/turisme.dival.es\/wp-content\/uploads\/2021\/09\/Belen.jpg","contentUrl":"https:\/\/turisme.dival.es\/wp-content\/uploads\/2021\/09\/Belen.jpg","width":1024,"height":683,"caption":"||"},{"@type":"WebSite","@id":"https:\/\/turisme.dival.es\/#website","url":"https:\/\/turisme.dival.es\/","name":"valenciaturismo.com.mialias.net","description":"","potentialAction":[{"@type":"SearchAction","target":{"@type":"EntryPoint","urlTemplate":"https:\/\/turisme.dival.es\/?s={search_term_string}"},"query-input":"required name=search_term_string"}],"inLanguage":"vl"},{"@type":"Person","@id":"https:\/\/turisme.dival.es\/#\/schema\/person\/3e0b7dd59fafb4560a54b9a4940574f4","name":"Val\u00e8ncia Turisme","image":{"@type":"ImageObject","inLanguage":"vl","@id":"https:\/\/turisme.dival.es\/#\/schema\/person\/image\/","url":"https:\/\/secure.gravatar.com\/avatar\/0e9af38f68e5d55d0728b298890449252967999842654f5245c679ec46532ee9?s=96&d=mm&r=g","contentUrl":"https:\/\/secure.gravatar.com\/avatar\/0e9af38f68e5d55d0728b298890449252967999842654f5245c679ec46532ee9?s=96&d=mm&r=g","caption":"Val\u00e8ncia Turisme"},"sameAs":["https:\/\/turisme.dival.es"]}]}},"_links":{"self":[{"href":"https:\/\/turisme.dival.es\/ca\/wp-json\/wp\/v2\/posts\/127681","targetHints":{"allow":["GET"]}}],"collection":[{"href":"https:\/\/turisme.dival.es\/ca\/wp-json\/wp\/v2\/posts"}],"about":[{"href":"https:\/\/turisme.dival.es\/ca\/wp-json\/wp\/v2\/types\/post"}],"author":[{"embeddable":true,"href":"https:\/\/turisme.dival.es\/ca\/wp-json\/wp\/v2\/users\/1"}],"replies":[{"embeddable":true,"href":"https:\/\/turisme.dival.es\/ca\/wp-json\/wp\/v2\/comments?post=127681"}],"version-history":[{"count":1,"href":"https:\/\/turisme.dival.es\/ca\/wp-json\/wp\/v2\/posts\/127681\/revisions"}],"predecessor-version":[{"id":130769,"href":"https:\/\/turisme.dival.es\/ca\/wp-json\/wp\/v2\/posts\/127681\/revisions\/130769"}],"wp:featuredmedia":[{"embeddable":true,"href":"https:\/\/turisme.dival.es\/ca\/wp-json\/wp\/v2\/media\/14059"}],"wp:attachment":[{"href":"https:\/\/turisme.dival.es\/ca\/wp-json\/wp\/v2\/media?parent=127681"}],"wp:term":[{"taxonomy":"category","embeddable":true,"href":"https:\/\/turisme.dival.es\/ca\/wp-json\/wp\/v2\/categories?post=127681"},{"taxonomy":"post_tag","embeddable":true,"href":"https:\/\/turisme.dival.es\/ca\/wp-json\/wp\/v2\/tags?post=127681"}],"curies":[{"name":"wp","href":"https:\/\/api.w.org\/{rel}","templated":true}]}}