{"id":127658,"date":"2013-12-12T09:58:37","date_gmt":"2013-12-12T09:58:37","guid":{"rendered":"https:\/\/turisme.dival.es\/conoce-el-popular-belen-de-roca-en-meliana\/"},"modified":"2024-05-05T15:12:37","modified_gmt":"2024-05-05T15:12:37","slug":"conoce-el-popular-belen-de-roca-en-meliana","status":"publish","type":"post","link":"https:\/\/turisme.dival.es\/ca\/conoce-el-popular-belen-de-roca-en-meliana\/","title":{"rendered":"Conoce el popular Bel\u00e9n de Roca en Meliana"},"content":{"rendered":"<p>\u00bfSabes cu\u00e1l es <strong>el Bel\u00e9n m\u00e1s grande<\/strong> de Valencia? \u00bfY el que tiene m\u00e1s figuras de Espa\u00f1a? Ambas preguntas tienen la misma respuesta y no hace falta buscar mucho porque lo tenemos en Valencia. Se trata del monumental <strong>Bel\u00e9n de Roca<\/strong>, que tiene m\u00e1s de 20 a\u00f1os de historia y mucho m\u00e9rito, pues es familiar y fabricado de forma totalmente <a title=\"artesanal\" href=\"http:\/\/blog.valenciaterraimar.org\/index.php\/2013\/12\/princiaples-mercados-artesanales-y-navidenos-de-la-provincia\/\" target=\"_blank\" rel=\"noopener\">artesanal<\/a>.<\/p>\n<p>El Bel\u00e9n se encuentra situado en el Barrio de Roca de Meliana, en el n\u00famero 43 de la calle San Isidro, justo frente al restaurante Ca Xoret. Para conocer su origen tenemos que retroceder hasta 1989, cuando Melchor Almela Lagarda (<strong>Maestro Belenista<\/strong>, miembro de la Asociaci\u00f3n Belenista de Valencia) y Francisco Pascual Albiach, junto con un grupo de amigos y familiares, decidieron participar en el <strong>concurso de Belenes<\/strong> que organizaba la Pe\u00f1a la Forca y el Ayuntamiento de Meliana. Su sorpresa fue ganar el 3er premio, una recompensa que les anim\u00f3 a seguir ampliando su obra, tanto en tama\u00f1o como en complejidad. El resultado fue un <a title=\"Bel\u00e9n\" href=\"http:\/\/www.valenciaterraimar.org\/es__evento.html?id=12113&amp;\" target=\"_blank\" rel=\"noopener\">Bel\u00e9n<\/a> de 20 metros cuadrados con 200 figuras aproximadamente con el que este grupo de amigos se volvi\u00f3 a presentar al concurso y, esta vez s\u00ed, obtuvieron un merecido <strong>1er premio<\/strong> por su gran trabajo. Cada a\u00f1o el bel\u00e9n se desmontaba y se volv\u00eda a montar, aunque a partir de 2005 se instal\u00f3 definitivamente en su ubicaci\u00f3n actual, lo cual les permite ahorrar trabajo y a nosotros poder disfrutar de \u00e9l no s\u00f3lo en Navidad sino tambi\u00e9n durante el resto del a\u00f1o. Aunque eso s\u00ed, estas fechas son las m\u00e1s indicadas para visitarlo y as\u00ed seguir la tradici\u00f3n.<\/p>\n<p><!--more-->Actualmente ocupa m\u00e1s de 50 metros cuadrados y consta de unas 6000 piezas. Cada una de las figuras son modeladas con <strong>arcilla<\/strong> y definidas con peque\u00f1as esp\u00e1tulas. Se colorean a mano y se reproducen mediante moldes de escayola.<\/p>\n<p>Seguramente os &#8216;pica&#8217; la curiosidad por verlo, en tal caso ya se puede visitar desde el 1 de diciembre y hasta el 6 de enero, en horario de 11 a 14 y de 16:30 a 20:30. El precio es totalmente simb\u00f3lico ya que consiste en un donativo solidario que se destina en parte a Manos Unidas. Para grupos, asociaciones o colegios se puede contactar previamente con ellos para concertar una visita guiada, cuyo precio es 1 euro. Fuera de este periodo establecido s\u00f3lo se admiten <strong>visitas<\/strong> de grupos.<\/p>\n<p>Si quieres ponerte en contacto no dudes en consultar la p\u00e1gina web de <a title=\"El Bel\u00e9n de Roca\" href=\"http:\/\/belenderoca.com\/\" target=\"_blank\" rel=\"noopener\">El Bel\u00e9n de Roca<\/a>, donde encontrar\u00e1s el tel\u00e9fono, la direcci\u00f3n de mail y mucha m\u00e1s informaci\u00f3n.<\/p>\n<p>Foto \/ <a title=\"Facebook Bel\u00e9n de Roca\" href=\"https:\/\/www.facebook.com\/belenderoca\" target=\"_blank\" rel=\"noopener\">Facebook Bel\u00e9n de Roca<\/a><\/p>\n","protected":false},"excerpt":{"rendered":"<p>\u00bfSabes cu\u00e1l es el Bel\u00e9n m\u00e1s grande de Valencia? \u00bfY el que tiene m\u00e1s figuras de Espa\u00f1a? Ambas preguntas tienen la misma respuesta y no hace falta buscar mucho porque lo tenemos en Valencia. Se trata del monumental Bel\u00e9n de Roca, que tiene m\u00e1s de 20 a\u00f1os de historia y mucho m\u00e9rito, pues es familiar [&hellip;]<\/p>\n","protected":false},"author":1,"featured_media":13999,"comment_status":"open","ping_status":"open","sticky":false,"template":"","format":"standard","meta":{"_acf_changed":false,"_et_pb_use_builder":"","_et_pb_old_content":"","_et_gb_content_width":"","footnotes":""},"categories":[1951,1940,1945,1941],"tags":[],"class_list":["post-127658","post","type-post","status-publish","format-standard","has-post-thumbnail","hentry","category-entrades","category-cultura","category-destacados","category-festes-i-oci"],"acf":{"destacado":false},"yoast_head":"<!-- This site is optimized with the Yoast SEO plugin v23.0 - https:\/\/yoast.com\/wordpress\/plugins\/seo\/ -->\n<title>Conoce el popular Bel\u00e9n de Roca en Meliana &#060; Valencia Turismo<\/title>\n<meta name=\"robots\" content=\"index, follow, max-snippet:-1, max-image-preview:large, max-video-preview:-1\" \/>\n<link rel=\"canonical\" href=\"https:\/\/turisme.dival.es\/ca\/conoce-el-popular-belen-de-roca-en-meliana\/\" \/>\n<meta property=\"og:locale\" content=\"en_US\" \/>\n<meta property=\"og:type\" content=\"article\" \/>\n<meta property=\"og:title\" content=\"Conoce el popular Bel\u00e9n de Roca en Meliana &#060; Valencia Turismo\" \/>\n<meta property=\"og:description\" content=\"\u00bfSabes cu\u00e1l es el Bel\u00e9n m\u00e1s grande de Valencia? \u00bfY el que tiene m\u00e1s figuras de Espa\u00f1a? Ambas preguntas tienen la misma respuesta y no hace falta buscar mucho porque lo tenemos en Valencia. Se trata del monumental Bel\u00e9n de Roca, que tiene m\u00e1s de 20 a\u00f1os de historia y mucho m\u00e9rito, pues es familiar [&hellip;]\" \/>\n<meta property=\"og:url\" content=\"https:\/\/turisme.dival.es\/ca\/conoce-el-popular-belen-de-roca-en-meliana\/\" \/>\n<meta property=\"og:site_name\" content=\"Valencia Turismo\" \/>\n<meta property=\"article:published_time\" content=\"2013-12-12T09:58:37+00:00\" \/>\n<meta property=\"article:modified_time\" content=\"2024-05-05T15:12:37+00:00\" \/>\n<meta property=\"og:image\" content=\"https:\/\/turisme.dival.es\/wp-content\/uploads\/2021\/09\/Belen-de-Roca.jpg\" \/>\n\t<meta property=\"og:image:width\" content=\"959\" \/>\n\t<meta property=\"og:image:height\" content=\"793\" \/>\n\t<meta property=\"og:image:type\" content=\"image\/jpeg\" \/>\n<meta name=\"author\" content=\"Val\u00e8ncia Turisme\" \/>\n<meta name=\"twitter:card\" content=\"summary_large_image\" \/>\n<meta name=\"twitter:label1\" content=\"Written by\" \/>\n\t<meta name=\"twitter:data1\" content=\"Val\u00e8ncia Turisme\" \/>\n\t<meta name=\"twitter:label2\" content=\"Est. reading time\" \/>\n\t<meta name=\"twitter:data2\" content=\"2 minutes\" \/>\n<script type=\"application\/ld+json\" class=\"yoast-schema-graph\">{\"@context\":\"https:\/\/schema.org\",\"@graph\":[{\"@type\":\"WebPage\",\"@id\":\"https:\/\/turisme.dival.es\/ca\/conoce-el-popular-belen-de-roca-en-meliana\/\",\"url\":\"https:\/\/turisme.dival.es\/ca\/conoce-el-popular-belen-de-roca-en-meliana\/\",\"name\":\"Conoce el popular Bel\u00e9n de Roca en Meliana &#060; Valencia Turismo\",\"isPartOf\":{\"@id\":\"https:\/\/turisme.dival.es\/#website\"},\"primaryImageOfPage\":{\"@id\":\"https:\/\/turisme.dival.es\/ca\/conoce-el-popular-belen-de-roca-en-meliana\/#primaryimage\"},\"image\":{\"@id\":\"https:\/\/turisme.dival.es\/ca\/conoce-el-popular-belen-de-roca-en-meliana\/#primaryimage\"},\"thumbnailUrl\":\"https:\/\/turisme.dival.es\/wp-content\/uploads\/2021\/09\/Belen-de-Roca.jpg\",\"datePublished\":\"2013-12-12T09:58:37+00:00\",\"dateModified\":\"2024-05-05T15:12:37+00:00\",\"author\":{\"@id\":\"https:\/\/turisme.dival.es\/#\/schema\/person\/3e0b7dd59fafb4560a54b9a4940574f4\"},\"inLanguage\":\"vl\",\"potentialAction\":[{\"@type\":\"ReadAction\",\"target\":[\"https:\/\/turisme.dival.es\/ca\/conoce-el-popular-belen-de-roca-en-meliana\/\"]}]},{\"@type\":\"ImageObject\",\"inLanguage\":\"vl\",\"@id\":\"https:\/\/turisme.dival.es\/ca\/conoce-el-popular-belen-de-roca-en-meliana\/#primaryimage\",\"url\":\"https:\/\/turisme.dival.es\/wp-content\/uploads\/2021\/09\/Belen-de-Roca.jpg\",\"contentUrl\":\"https:\/\/turisme.dival.es\/wp-content\/uploads\/2021\/09\/Belen-de-Roca.jpg\",\"width\":959,\"height\":793},{\"@type\":\"WebSite\",\"@id\":\"https:\/\/turisme.dival.es\/#website\",\"url\":\"https:\/\/turisme.dival.es\/\",\"name\":\"valenciaturismo.com.mialias.net\",\"description\":\"\",\"potentialAction\":[{\"@type\":\"SearchAction\",\"target\":{\"@type\":\"EntryPoint\",\"urlTemplate\":\"https:\/\/turisme.dival.es\/?s={search_term_string}\"},\"query-input\":\"required name=search_term_string\"}],\"inLanguage\":\"vl\"},{\"@type\":\"Person\",\"@id\":\"https:\/\/turisme.dival.es\/#\/schema\/person\/3e0b7dd59fafb4560a54b9a4940574f4\",\"name\":\"Val\u00e8ncia Turisme\",\"image\":{\"@type\":\"ImageObject\",\"inLanguage\":\"vl\",\"@id\":\"https:\/\/turisme.dival.es\/#\/schema\/person\/image\/\",\"url\":\"https:\/\/secure.gravatar.com\/avatar\/0e9af38f68e5d55d0728b298890449252967999842654f5245c679ec46532ee9?s=96&d=mm&r=g\",\"contentUrl\":\"https:\/\/secure.gravatar.com\/avatar\/0e9af38f68e5d55d0728b298890449252967999842654f5245c679ec46532ee9?s=96&d=mm&r=g\",\"caption\":\"Val\u00e8ncia Turisme\"},\"sameAs\":[\"https:\/\/turisme.dival.es\"]}]}<\/script>\n<!-- \/ Yoast SEO plugin. -->","yoast_head_json":{"title":"Conoce el popular Bel\u00e9n de Roca en Meliana &#060; Valencia Turismo","robots":{"index":"index","follow":"follow","max-snippet":"max-snippet:-1","max-image-preview":"max-image-preview:large","max-video-preview":"max-video-preview:-1"},"canonical":"https:\/\/turisme.dival.es\/ca\/conoce-el-popular-belen-de-roca-en-meliana\/","og_locale":"en_US","og_type":"article","og_title":"Conoce el popular Bel\u00e9n de Roca en Meliana &#060; Valencia Turismo","og_description":"\u00bfSabes cu\u00e1l es el Bel\u00e9n m\u00e1s grande de Valencia? \u00bfY el que tiene m\u00e1s figuras de Espa\u00f1a? Ambas preguntas tienen la misma respuesta y no hace falta buscar mucho porque lo tenemos en Valencia. Se trata del monumental Bel\u00e9n de Roca, que tiene m\u00e1s de 20 a\u00f1os de historia y mucho m\u00e9rito, pues es familiar [&hellip;]","og_url":"https:\/\/turisme.dival.es\/ca\/conoce-el-popular-belen-de-roca-en-meliana\/","og_site_name":"Valencia Turismo","article_published_time":"2013-12-12T09:58:37+00:00","article_modified_time":"2024-05-05T15:12:37+00:00","og_image":[{"width":959,"height":793,"url":"https:\/\/turisme.dival.es\/wp-content\/uploads\/2021\/09\/Belen-de-Roca.jpg","type":"image\/jpeg"}],"author":"Val\u00e8ncia Turisme","twitter_card":"summary_large_image","twitter_misc":{"Written by":"Val\u00e8ncia Turisme","Est. reading time":"2 minutes"},"schema":{"@context":"https:\/\/schema.org","@graph":[{"@type":"WebPage","@id":"https:\/\/turisme.dival.es\/ca\/conoce-el-popular-belen-de-roca-en-meliana\/","url":"https:\/\/turisme.dival.es\/ca\/conoce-el-popular-belen-de-roca-en-meliana\/","name":"Conoce el popular Bel\u00e9n de Roca en Meliana &#060; Valencia Turismo","isPartOf":{"@id":"https:\/\/turisme.dival.es\/#website"},"primaryImageOfPage":{"@id":"https:\/\/turisme.dival.es\/ca\/conoce-el-popular-belen-de-roca-en-meliana\/#primaryimage"},"image":{"@id":"https:\/\/turisme.dival.es\/ca\/conoce-el-popular-belen-de-roca-en-meliana\/#primaryimage"},"thumbnailUrl":"https:\/\/turisme.dival.es\/wp-content\/uploads\/2021\/09\/Belen-de-Roca.jpg","datePublished":"2013-12-12T09:58:37+00:00","dateModified":"2024-05-05T15:12:37+00:00","author":{"@id":"https:\/\/turisme.dival.es\/#\/schema\/person\/3e0b7dd59fafb4560a54b9a4940574f4"},"inLanguage":"vl","potentialAction":[{"@type":"ReadAction","target":["https:\/\/turisme.dival.es\/ca\/conoce-el-popular-belen-de-roca-en-meliana\/"]}]},{"@type":"ImageObject","inLanguage":"vl","@id":"https:\/\/turisme.dival.es\/ca\/conoce-el-popular-belen-de-roca-en-meliana\/#primaryimage","url":"https:\/\/turisme.dival.es\/wp-content\/uploads\/2021\/09\/Belen-de-Roca.jpg","contentUrl":"https:\/\/turisme.dival.es\/wp-content\/uploads\/2021\/09\/Belen-de-Roca.jpg","width":959,"height":793},{"@type":"WebSite","@id":"https:\/\/turisme.dival.es\/#website","url":"https:\/\/turisme.dival.es\/","name":"valenciaturismo.com.mialias.net","description":"","potentialAction":[{"@type":"SearchAction","target":{"@type":"EntryPoint","urlTemplate":"https:\/\/turisme.dival.es\/?s={search_term_string}"},"query-input":"required name=search_term_string"}],"inLanguage":"vl"},{"@type":"Person","@id":"https:\/\/turisme.dival.es\/#\/schema\/person\/3e0b7dd59fafb4560a54b9a4940574f4","name":"Val\u00e8ncia Turisme","image":{"@type":"ImageObject","inLanguage":"vl","@id":"https:\/\/turisme.dival.es\/#\/schema\/person\/image\/","url":"https:\/\/secure.gravatar.com\/avatar\/0e9af38f68e5d55d0728b298890449252967999842654f5245c679ec46532ee9?s=96&d=mm&r=g","contentUrl":"https:\/\/secure.gravatar.com\/avatar\/0e9af38f68e5d55d0728b298890449252967999842654f5245c679ec46532ee9?s=96&d=mm&r=g","caption":"Val\u00e8ncia Turisme"},"sameAs":["https:\/\/turisme.dival.es"]}]}},"_links":{"self":[{"href":"https:\/\/turisme.dival.es\/ca\/wp-json\/wp\/v2\/posts\/127658","targetHints":{"allow":["GET"]}}],"collection":[{"href":"https:\/\/turisme.dival.es\/ca\/wp-json\/wp\/v2\/posts"}],"about":[{"href":"https:\/\/turisme.dival.es\/ca\/wp-json\/wp\/v2\/types\/post"}],"author":[{"embeddable":true,"href":"https:\/\/turisme.dival.es\/ca\/wp-json\/wp\/v2\/users\/1"}],"replies":[{"embeddable":true,"href":"https:\/\/turisme.dival.es\/ca\/wp-json\/wp\/v2\/comments?post=127658"}],"version-history":[{"count":1,"href":"https:\/\/turisme.dival.es\/ca\/wp-json\/wp\/v2\/posts\/127658\/revisions"}],"predecessor-version":[{"id":130763,"href":"https:\/\/turisme.dival.es\/ca\/wp-json\/wp\/v2\/posts\/127658\/revisions\/130763"}],"wp:featuredmedia":[{"embeddable":true,"href":"https:\/\/turisme.dival.es\/ca\/wp-json\/wp\/v2\/media\/13999"}],"wp:attachment":[{"href":"https:\/\/turisme.dival.es\/ca\/wp-json\/wp\/v2\/media?parent=127658"}],"wp:term":[{"taxonomy":"category","embeddable":true,"href":"https:\/\/turisme.dival.es\/ca\/wp-json\/wp\/v2\/categories?post=127658"},{"taxonomy":"post_tag","embeddable":true,"href":"https:\/\/turisme.dival.es\/ca\/wp-json\/wp\/v2\/tags?post=127658"}],"curies":[{"name":"wp","href":"https:\/\/api.w.org\/{rel}","templated":true}]}}