{"id":127593,"date":"2013-11-15T13:26:57","date_gmt":"2013-11-15T13:26:57","guid":{"rendered":"https:\/\/turisme.dival.es\/aguas-termales-del-pozo-de-las-quebradas-en-navarres\/"},"modified":"2013-11-15T13:26:57","modified_gmt":"2013-11-15T13:26:57","slug":"aguas-termales-del-pozo-de-las-quebradas-en-navarres","status":"publish","type":"post","link":"https:\/\/turisme.dival.es\/ca\/aguas-termales-del-pozo-de-las-quebradas-en-navarres\/","title":{"rendered":"Aguas termales del Pozo de las Quebradas en Navarr\u00e9s"},"content":{"rendered":"<p>En este <a title=\"blog\" href=\"http:\/\/blog.valenciaterraimar.org\/\" target=\"_blank\" rel=\"noopener\">blog<\/a> ya os hemos presentado alg\u00fan que otro rinc\u00f3n espectacular ubicado en el t\u00e9rmino de <strong>Navarr\u00e9s<\/strong>, un municipio de interior que nos sigue sorprendiendo, pues hoy vuelve a ser protagonista con otro <strong>espectacular paisaje<\/strong> que ha formado la <strong>naturaleza<\/strong>. Se trata del <strong>Pozo de las Quebradas<\/strong>, y lo encontrar\u00e9is saliendo de Navarr\u00e9s en direcci\u00f3n al pueblo vecino de Quesa, tras pasar por la <a title=\"cascada de Los Chorradores\" href=\"http:\/\/blog.valenciaterraimar.org\/index.php\/2013\/09\/disfruta-de-la-cascada-natural-de-los-chorradores\/\" target=\"_blank\" rel=\"noopener\">cascada de Los Chorradores<\/a>.<\/p>\n<p>El Pozo de las Quebradas es un paraje de <strong><a title=\"aguas\" href=\"http:\/\/blog.valenciaterraimar.org\/index.php\/2013\/10\/las-propiedades-de-las-aguas-valencianas\/\" target=\"_blank\" rel=\"noopener\">aguas<\/a> termales,<\/strong> de las cuales se dice que tienen <strong>propiedades curativas<\/strong> debido a que son muy ricas en sales de hierro. Estas caracter\u00edsticas convierten a Navarr\u00e9s y, especialmente este paraje natural, en un destino a tener en cuenta si est\u00e1is interesados en realizar un <strong>viaje de bienestar<\/strong>. Y es que podr\u00edamos decir que este lugar es un aut\u00e9ntico <strong><a title=\"balneario\" href=\"http:\/\/blog.valenciaterraimar.org\/index.php\/2013\/09\/desconecta-en-los-privilegiados-balnearios-de-verche-y-fuentepodrida\/\" target=\"_blank\" rel=\"noopener\">balneario<\/a> natural<\/strong> ya que se sabe que las aguas ferruginosas se convierten en las mejores aliadas para paliar estados carenciales y dolencias hep\u00e1ticas.<\/p>\n<p>Muy cerca de aqu\u00ed hay otro lugar que os recomendamos visitar. Ten\u00e9is que continuar en direcci\u00f3n contraria y encaminaros hacia Chella. Os hablamos del <strong>paraje<\/strong> de Playamonte, un lago artificial que sin duda nos recuerda a una playa, ya que se presenta rodeado de arena. Se sit\u00faa a tres kil\u00f3metros del pueblo.\u00a0Como pod\u00e9is ver, en un entorno natural de estas caracter\u00edsticas el <strong>relax<\/strong> es inevitable. Adem\u00e1s, este pueblo es conocido por su car\u00e1cter <strong>amable y acogedor<\/strong>, donde encontrar\u00e1s esa <strong>tranquilidad<\/strong> que buscas a la vez que disfrutar\u00e1s de encantadores paseos por sus calles \u00e1rabes, visitando las iglesias, los restos del Castillo, la Cueva del Barbero y del Palanqu\u00e9s, la zona La Ereta del Pedregal y las numerosas fuentes, entre la que se encuentra una de m\u00e1s de 200 a\u00f1os denominada la &#8216;Fuente de los 24 chorros&#8217;.<br \/>\n<!--more--><br \/>\nSeguramente, para completar vuestra <strong>escapada de <a title=\"bienestar\" href=\"http:\/\/blog.valenciaterraimar.org\/index.php\/2013\/07\/bienestar-para-todos-los-publicos-balnearios-spas-e-hidroterapia\/\" target=\"_blank\" rel=\"noopener\">bienestar<\/a>,<\/strong> os apetezca pasar el fin de semana en un <strong>alojamiento rural<\/strong>, sobre todo ahora con el fr\u00edo. Navarr\u00e9s cuenta con varias, como por ejemplo\u00a0 la casa Nahuar Rural o la de El Patio. La primera se ubica cerca del paraje natural de Playamonte y consta de 5 habitaciones dobles, barbacoa y una <strong>piscina con <a title=\"spa\" href=\"http:\/\/blog.valenciaterraimar.org\/index.php\/2013\/08\/la-mejor-seleccion-de-hoteles-spa-en-la-provincia\/\" target=\"_blank\" rel=\"noopener\">spa<\/a>,<\/strong> entre otras comodidades. En cambio, El Patio es una casa tradicional del municipio que ha sido rehabilitada con todos los detalles necesarios. El sal\u00f3n tiene <strong>chimenea<\/strong> y tambi\u00e9n consta de 5 habitaciones dobles, mientras que el nombre alude a su patio ajardinado. \u00a1Ahora s\u00ed que disfrutar\u00e9is de una escapada que os har\u00e1 <strong>desconectar<\/strong> y sentiros como nuevos!<\/p>\n<p>M\u00e1s informaci\u00f3n \/ <a title=\"Ayuntamiento de Navarr\u00e9s\" href=\"http:\/\/www.navarres.es\/\" target=\"_blank\" rel=\"noopener\">Ayuntamiento de Navarr\u00e9s<\/a><\/p>\n<p>Foto \/ <a title=\"Rodrigo_Soldon\" href=\"http:\/\/www.flickr.com\/photos\/8865243@N02\/3158962101\/in\/photolist-5P9vnP-5P9yba-5PdKXs-5PdNNj-5QcSKc-5QcTwX-5Qh7nC-5Qh8Fm-5WGVwP-65bVEe-65bZ4k-65gdZA-672wb5-68dn3f-69rtbq-69yN6c-69yNjp-6agXeu-6nyHDP-6tZcnL-6wYfic-6AJ1An-6AJ1GD-6Mhze8-6RAE9R-721Xqc-72szLM-794Jto-cPqtV5-8HemHJ-9LD256-7T22Jw-fpitvM-cPqsaj-bjXcvE-bNDT3T-boZCge-brMuAk-boZBTZ-8SoWj1-bkfABt-bkfAiZ-hg4gAw-8SkRya-852src-bkfAs4-dY5iDg-81HPvY-da1EPt-da1CXR-da1FoA\">Rodrigo_Soldon<\/a><\/p>\n","protected":false},"excerpt":{"rendered":"<p>En este blog ya os hemos presentado alg\u00fan que otro rinc\u00f3n espectacular ubicado en el t\u00e9rmino de Navarr\u00e9s, un municipio de interior que nos sigue sorprendiendo, pues hoy vuelve a ser protagonista con otro espectacular paisaje que ha formado la naturaleza. Se trata del Pozo de las Quebradas, y lo encontrar\u00e9is saliendo de Navarr\u00e9s en [&hellip;]<\/p>\n","protected":false},"author":1,"featured_media":13637,"comment_status":"open","ping_status":"open","sticky":false,"template":"","format":"standard","meta":{"_acf_changed":false,"_et_pb_use_builder":"","_et_pb_old_content":"","_et_gb_content_width":"","footnotes":""},"categories":[1949,1951,1948],"tags":[],"class_list":["post-127593","post","type-post","status-publish","format-standard","has-post-thumbnail","hentry","category-benestar-i-relax","category-entrades","category-salut"],"acf":{"destacado":false},"yoast_head":"<!-- This site is optimized with the Yoast SEO plugin v23.0 - https:\/\/yoast.com\/wordpress\/plugins\/seo\/ -->\n<title>Aguas termales del Pozo de las Quebradas en Navarr\u00e9s &#060; Valencia Turismo<\/title>\n<meta name=\"robots\" content=\"index, follow, max-snippet:-1, max-image-preview:large, max-video-preview:-1\" \/>\n<link rel=\"canonical\" href=\"https:\/\/turisme.dival.es\/ca\/aguas-termales-del-pozo-de-las-quebradas-en-navarres\/\" \/>\n<meta property=\"og:locale\" content=\"en_US\" \/>\n<meta property=\"og:type\" content=\"article\" \/>\n<meta property=\"og:title\" content=\"Aguas termales del Pozo de las Quebradas en Navarr\u00e9s &#060; Valencia Turismo\" \/>\n<meta property=\"og:description\" content=\"En este blog ya os hemos presentado alg\u00fan que otro rinc\u00f3n espectacular ubicado en el t\u00e9rmino de Navarr\u00e9s, un municipio de interior que nos sigue sorprendiendo, pues hoy vuelve a ser protagonista con otro espectacular paisaje que ha formado la naturaleza. Se trata del Pozo de las Quebradas, y lo encontrar\u00e9is saliendo de Navarr\u00e9s en [&hellip;]\" \/>\n<meta property=\"og:url\" content=\"https:\/\/turisme.dival.es\/ca\/aguas-termales-del-pozo-de-las-quebradas-en-navarres\/\" \/>\n<meta property=\"og:site_name\" content=\"Valencia Turismo\" \/>\n<meta property=\"article:published_time\" content=\"2013-11-15T13:26:57+00:00\" \/>\n<meta property=\"og:image\" content=\"https:\/\/turisme.dival.es\/wp-content\/uploads\/2021\/09\/agua.jpg\" \/>\n\t<meta property=\"og:image:width\" content=\"800\" \/>\n\t<meta property=\"og:image:height\" content=\"456\" \/>\n\t<meta property=\"og:image:type\" content=\"image\/jpeg\" \/>\n<meta name=\"author\" content=\"Val\u00e8ncia Turisme\" \/>\n<meta name=\"twitter:card\" content=\"summary_large_image\" \/>\n<meta name=\"twitter:label1\" content=\"Written by\" \/>\n\t<meta name=\"twitter:data1\" content=\"Val\u00e8ncia Turisme\" \/>\n\t<meta name=\"twitter:label2\" content=\"Est. reading time\" \/>\n\t<meta name=\"twitter:data2\" content=\"2 minutes\" \/>\n<script type=\"application\/ld+json\" class=\"yoast-schema-graph\">{\"@context\":\"https:\/\/schema.org\",\"@graph\":[{\"@type\":\"WebPage\",\"@id\":\"https:\/\/turisme.dival.es\/ca\/aguas-termales-del-pozo-de-las-quebradas-en-navarres\/\",\"url\":\"https:\/\/turisme.dival.es\/ca\/aguas-termales-del-pozo-de-las-quebradas-en-navarres\/\",\"name\":\"Aguas termales del Pozo de las Quebradas en Navarr\u00e9s &#060; Valencia Turismo\",\"isPartOf\":{\"@id\":\"https:\/\/turisme.dival.es\/#website\"},\"primaryImageOfPage\":{\"@id\":\"https:\/\/turisme.dival.es\/ca\/aguas-termales-del-pozo-de-las-quebradas-en-navarres\/#primaryimage\"},\"image\":{\"@id\":\"https:\/\/turisme.dival.es\/ca\/aguas-termales-del-pozo-de-las-quebradas-en-navarres\/#primaryimage\"},\"thumbnailUrl\":\"https:\/\/turisme.dival.es\/wp-content\/uploads\/2021\/09\/agua.jpg\",\"datePublished\":\"2013-11-15T13:26:57+00:00\",\"dateModified\":\"2013-11-15T13:26:57+00:00\",\"author\":{\"@id\":\"https:\/\/turisme.dival.es\/#\/schema\/person\/3e0b7dd59fafb4560a54b9a4940574f4\"},\"inLanguage\":\"vl\",\"potentialAction\":[{\"@type\":\"ReadAction\",\"target\":[\"https:\/\/turisme.dival.es\/ca\/aguas-termales-del-pozo-de-las-quebradas-en-navarres\/\"]}]},{\"@type\":\"ImageObject\",\"inLanguage\":\"vl\",\"@id\":\"https:\/\/turisme.dival.es\/ca\/aguas-termales-del-pozo-de-las-quebradas-en-navarres\/#primaryimage\",\"url\":\"https:\/\/turisme.dival.es\/wp-content\/uploads\/2021\/09\/agua.jpg\",\"contentUrl\":\"https:\/\/turisme.dival.es\/wp-content\/uploads\/2021\/09\/agua.jpg\",\"width\":800,\"height\":456,\"caption\":\"|\"},{\"@type\":\"WebSite\",\"@id\":\"https:\/\/turisme.dival.es\/#website\",\"url\":\"https:\/\/turisme.dival.es\/\",\"name\":\"valenciaturismo.com.mialias.net\",\"description\":\"\",\"potentialAction\":[{\"@type\":\"SearchAction\",\"target\":{\"@type\":\"EntryPoint\",\"urlTemplate\":\"https:\/\/turisme.dival.es\/?s={search_term_string}\"},\"query-input\":\"required name=search_term_string\"}],\"inLanguage\":\"vl\"},{\"@type\":\"Person\",\"@id\":\"https:\/\/turisme.dival.es\/#\/schema\/person\/3e0b7dd59fafb4560a54b9a4940574f4\",\"name\":\"Val\u00e8ncia Turisme\",\"image\":{\"@type\":\"ImageObject\",\"inLanguage\":\"vl\",\"@id\":\"https:\/\/turisme.dival.es\/#\/schema\/person\/image\/\",\"url\":\"https:\/\/secure.gravatar.com\/avatar\/0e9af38f68e5d55d0728b298890449252967999842654f5245c679ec46532ee9?s=96&d=mm&r=g\",\"contentUrl\":\"https:\/\/secure.gravatar.com\/avatar\/0e9af38f68e5d55d0728b298890449252967999842654f5245c679ec46532ee9?s=96&d=mm&r=g\",\"caption\":\"Val\u00e8ncia Turisme\"},\"sameAs\":[\"https:\/\/turisme.dival.es\"]}]}<\/script>\n<!-- \/ Yoast SEO plugin. -->","yoast_head_json":{"title":"Aguas termales del Pozo de las Quebradas en Navarr\u00e9s &#060; Valencia Turismo","robots":{"index":"index","follow":"follow","max-snippet":"max-snippet:-1","max-image-preview":"max-image-preview:large","max-video-preview":"max-video-preview:-1"},"canonical":"https:\/\/turisme.dival.es\/ca\/aguas-termales-del-pozo-de-las-quebradas-en-navarres\/","og_locale":"en_US","og_type":"article","og_title":"Aguas termales del Pozo de las Quebradas en Navarr\u00e9s &#060; Valencia Turismo","og_description":"En este blog ya os hemos presentado alg\u00fan que otro rinc\u00f3n espectacular ubicado en el t\u00e9rmino de Navarr\u00e9s, un municipio de interior que nos sigue sorprendiendo, pues hoy vuelve a ser protagonista con otro espectacular paisaje que ha formado la naturaleza. Se trata del Pozo de las Quebradas, y lo encontrar\u00e9is saliendo de Navarr\u00e9s en [&hellip;]","og_url":"https:\/\/turisme.dival.es\/ca\/aguas-termales-del-pozo-de-las-quebradas-en-navarres\/","og_site_name":"Valencia Turismo","article_published_time":"2013-11-15T13:26:57+00:00","og_image":[{"width":800,"height":456,"url":"https:\/\/turisme.dival.es\/wp-content\/uploads\/2021\/09\/agua.jpg","type":"image\/jpeg"}],"author":"Val\u00e8ncia Turisme","twitter_card":"summary_large_image","twitter_misc":{"Written by":"Val\u00e8ncia Turisme","Est. reading time":"2 minutes"},"schema":{"@context":"https:\/\/schema.org","@graph":[{"@type":"WebPage","@id":"https:\/\/turisme.dival.es\/ca\/aguas-termales-del-pozo-de-las-quebradas-en-navarres\/","url":"https:\/\/turisme.dival.es\/ca\/aguas-termales-del-pozo-de-las-quebradas-en-navarres\/","name":"Aguas termales del Pozo de las Quebradas en Navarr\u00e9s &#060; Valencia Turismo","isPartOf":{"@id":"https:\/\/turisme.dival.es\/#website"},"primaryImageOfPage":{"@id":"https:\/\/turisme.dival.es\/ca\/aguas-termales-del-pozo-de-las-quebradas-en-navarres\/#primaryimage"},"image":{"@id":"https:\/\/turisme.dival.es\/ca\/aguas-termales-del-pozo-de-las-quebradas-en-navarres\/#primaryimage"},"thumbnailUrl":"https:\/\/turisme.dival.es\/wp-content\/uploads\/2021\/09\/agua.jpg","datePublished":"2013-11-15T13:26:57+00:00","dateModified":"2013-11-15T13:26:57+00:00","author":{"@id":"https:\/\/turisme.dival.es\/#\/schema\/person\/3e0b7dd59fafb4560a54b9a4940574f4"},"inLanguage":"vl","potentialAction":[{"@type":"ReadAction","target":["https:\/\/turisme.dival.es\/ca\/aguas-termales-del-pozo-de-las-quebradas-en-navarres\/"]}]},{"@type":"ImageObject","inLanguage":"vl","@id":"https:\/\/turisme.dival.es\/ca\/aguas-termales-del-pozo-de-las-quebradas-en-navarres\/#primaryimage","url":"https:\/\/turisme.dival.es\/wp-content\/uploads\/2021\/09\/agua.jpg","contentUrl":"https:\/\/turisme.dival.es\/wp-content\/uploads\/2021\/09\/agua.jpg","width":800,"height":456,"caption":"|"},{"@type":"WebSite","@id":"https:\/\/turisme.dival.es\/#website","url":"https:\/\/turisme.dival.es\/","name":"valenciaturismo.com.mialias.net","description":"","potentialAction":[{"@type":"SearchAction","target":{"@type":"EntryPoint","urlTemplate":"https:\/\/turisme.dival.es\/?s={search_term_string}"},"query-input":"required name=search_term_string"}],"inLanguage":"vl"},{"@type":"Person","@id":"https:\/\/turisme.dival.es\/#\/schema\/person\/3e0b7dd59fafb4560a54b9a4940574f4","name":"Val\u00e8ncia Turisme","image":{"@type":"ImageObject","inLanguage":"vl","@id":"https:\/\/turisme.dival.es\/#\/schema\/person\/image\/","url":"https:\/\/secure.gravatar.com\/avatar\/0e9af38f68e5d55d0728b298890449252967999842654f5245c679ec46532ee9?s=96&d=mm&r=g","contentUrl":"https:\/\/secure.gravatar.com\/avatar\/0e9af38f68e5d55d0728b298890449252967999842654f5245c679ec46532ee9?s=96&d=mm&r=g","caption":"Val\u00e8ncia Turisme"},"sameAs":["https:\/\/turisme.dival.es"]}]}},"_links":{"self":[{"href":"https:\/\/turisme.dival.es\/ca\/wp-json\/wp\/v2\/posts\/127593","targetHints":{"allow":["GET"]}}],"collection":[{"href":"https:\/\/turisme.dival.es\/ca\/wp-json\/wp\/v2\/posts"}],"about":[{"href":"https:\/\/turisme.dival.es\/ca\/wp-json\/wp\/v2\/types\/post"}],"author":[{"embeddable":true,"href":"https:\/\/turisme.dival.es\/ca\/wp-json\/wp\/v2\/users\/1"}],"replies":[{"embeddable":true,"href":"https:\/\/turisme.dival.es\/ca\/wp-json\/wp\/v2\/comments?post=127593"}],"version-history":[{"count":0,"href":"https:\/\/turisme.dival.es\/ca\/wp-json\/wp\/v2\/posts\/127593\/revisions"}],"wp:featuredmedia":[{"embeddable":true,"href":"https:\/\/turisme.dival.es\/ca\/wp-json\/wp\/v2\/media\/13637"}],"wp:attachment":[{"href":"https:\/\/turisme.dival.es\/ca\/wp-json\/wp\/v2\/media?parent=127593"}],"wp:term":[{"taxonomy":"category","embeddable":true,"href":"https:\/\/turisme.dival.es\/ca\/wp-json\/wp\/v2\/categories?post=127593"},{"taxonomy":"post_tag","embeddable":true,"href":"https:\/\/turisme.dival.es\/ca\/wp-json\/wp\/v2\/tags?post=127593"}],"curies":[{"name":"wp","href":"https:\/\/api.w.org\/{rel}","templated":true}]}}