{"id":127512,"date":"2013-10-24T14:56:52","date_gmt":"2013-10-24T14:56:52","guid":{"rendered":"https:\/\/turisme.dival.es\/cultura-y-tradicion-valenciana-en-el-museo-fallero-de-alzira\/"},"modified":"2013-10-24T14:56:52","modified_gmt":"2013-10-24T14:56:52","slug":"cultura-y-tradicion-valenciana-en-el-museo-fallero-de-alzira","status":"publish","type":"post","link":"https:\/\/turisme.dival.es\/ca\/cultura-y-tradicion-valenciana-en-el-museo-fallero-de-alzira\/","title":{"rendered":"Cultura y tradici\u00f3n valenciana en el Museo Fallero de Alzira"},"content":{"rendered":"<p><strong>Las fallas<\/strong> son una de las celebraciones m\u00e1s internacionales y conocidas de la provincia de Valencia, por ello no es de extra\u00f1ar que existan lugares donde poder mostrar al mundo toda su tradici\u00f3n, creatividad e historia.\u00a0 Uno de esos lugares es, sin lugar a dudas, el <strong>Museo Fallero de Alzira<\/strong>, situado en la Calle Santa Luc\u00eda de esta localidad de la comarca de la Ribera Alta.<\/p>\n<p>El museo cobra a\u00fan m\u00e1s importancia si tenemos en cuenta que las Fallas de <a href=\"http:\/\/blog.valenciaterraimar.org\/index.php\/2013\/08\/conoce-las-historicas-murallas-de-alzira\/\" target=\"_blank\" rel=\"noopener\">Alzira<\/a> han sido <strong>declaradas Fiesta de Inter\u00e9s Tur\u00edstico Nacional,<\/strong> lo que hace de esta localidad un punto de referencia cuando hablamos de <strong>cultura valenciana<\/strong>. \u00bfCu\u00e1les son los or\u00edgenes de esta festividad en el municipio? Como sabemos, las fallas nacieron como una fiesta-ritual con el fuego como protagonista, pero en la localida de Alzira la tradici\u00f3n comenz\u00f3 cuando un grupo de vecinos se reuni\u00f3, la tarde del 19 de marzo, para plantar una falla y quemarla en la llamada &#8220;placeta de las gallinas&#8221;, lo que actualmente se conoce como la Plaza del Casas\u00fas.<\/p>\n<p>El tiempo ha querido que toda esta historia quede recogida en el actual Museo Fallero de Alzira, donde podremos contemplar <strong>ninots que han sido indultados del fuego,<\/strong> algunos de ellos dise\u00f1ados por preemintentes artistas locales como Bernardo Estela o Julio Monterrubio.<\/p>\n<p>Si quieres saber m\u00e1s sobre este singular museo valenciano solo tienes que llamar al tel\u00e9fono 96 241 60 13 para concertar una visita. Si te decides, lo encontrar\u00e1s en la Sede de la Junta Central Fallera, C\/ Santa Luc\u00eda, 16. El horario de apertura es de martes a jueves de 15.00 a 20.00 y <strong>la entrada es gratuita.<\/strong><\/p>\n<h2>Las fallas en Alzira<\/h2>\n<p>La<strong> importancia de las fallas en la ciudad de Alzira<\/strong> no solo se encuentra determinada por el nombramiento de Fiesta de Inter\u00e9s Tur\u00edstico Internacional, sino que adem\u00e1s nos encontramos con el mayor censo de falleros y comisiones, con un total de setenta monumentos repartidos por todos los barrios. Destaca por encima de todo la masclet\u00e0, la cabalgata de disfraces y la Crida desde el balc\u00f3n del Ayuntamiento, as\u00ed como la ofrenda de flores a Nuestra Se\u00f1ora del Lluch y el tradicional desfile de Pasodobles.<\/p>\n<p><!--more-->Festejos, todos ellos, que se viven por los alcier\u00f1os como un acontecimiento sumamente especial y que, adem\u00e1s, sirven para crear s\u00f3lidos v\u00ednculos de integraci\u00f3n social. Las fallas en Alzira no solo se celebran cuando llega el mes de marzo, sino que se tienen en cuenta todo el a\u00f1o a trav\u00e9s de diferentes <strong>actividades culturales.<\/strong> El Museo Fallero de Alzira es, como no, parte importante de todo este movimiento.<\/p>\n<p>M\u00e1s informaci\u00f3n \/ <a href=\"http:\/\/www.valenciaterraimar.org\/es__vista.html?cnt_id=12948&amp;\" target=\"_blank\" rel=\"noopener\">Valencia Terra i Mar<\/a><\/p>\n<p>Foto \/ <a href=\"http:\/\/www.flickr.com\/photos\/visentico\/9509852943\/sizes\/l\/in\/photostream\/\" target=\"_blank\" rel=\"noopener\">Visentico \/ Sento<\/a><\/p>\n","protected":false},"excerpt":{"rendered":"<p>Las fallas son una de las celebraciones m\u00e1s internacionales y conocidas de la provincia de Valencia, por ello no es de extra\u00f1ar que existan lugares donde poder mostrar al mundo toda su tradici\u00f3n, creatividad e historia.\u00a0 Uno de esos lugares es, sin lugar a dudas, el Museo Fallero de Alzira, situado en la Calle Santa [&hellip;]<\/p>\n","protected":false},"author":1,"featured_media":13679,"comment_status":"open","ping_status":"open","sticky":false,"template":"","format":"standard","meta":{"_acf_changed":false,"_et_pb_use_builder":"","_et_pb_old_content":"","_et_gb_content_width":"","footnotes":""},"categories":[1951,1940,1945,1941],"tags":[],"class_list":["post-127512","post","type-post","status-publish","format-standard","has-post-thumbnail","hentry","category-entrades","category-cultura","category-destacados","category-festes-i-oci"],"acf":{"destacado":false},"yoast_head":"<!-- This site is optimized with the Yoast SEO plugin v23.0 - https:\/\/yoast.com\/wordpress\/plugins\/seo\/ -->\n<title>Cultura y tradici\u00f3n valenciana en el Museo Fallero de Alzira &#060; Valencia Turismo<\/title>\n<meta name=\"robots\" content=\"index, follow, max-snippet:-1, max-image-preview:large, max-video-preview:-1\" \/>\n<link rel=\"canonical\" href=\"https:\/\/turisme.dival.es\/ca\/cultura-y-tradicion-valenciana-en-el-museo-fallero-de-alzira\/\" \/>\n<meta property=\"og:locale\" content=\"en_US\" \/>\n<meta property=\"og:type\" content=\"article\" \/>\n<meta property=\"og:title\" content=\"Cultura y tradici\u00f3n valenciana en el Museo Fallero de Alzira &#060; Valencia Turismo\" \/>\n<meta property=\"og:description\" content=\"Las fallas son una de las celebraciones m\u00e1s internacionales y conocidas de la provincia de Valencia, por ello no es de extra\u00f1ar que existan lugares donde poder mostrar al mundo toda su tradici\u00f3n, creatividad e historia.\u00a0 Uno de esos lugares es, sin lugar a dudas, el Museo Fallero de Alzira, situado en la Calle Santa [&hellip;]\" \/>\n<meta property=\"og:url\" content=\"https:\/\/turisme.dival.es\/ca\/cultura-y-tradicion-valenciana-en-el-museo-fallero-de-alzira\/\" \/>\n<meta property=\"og:site_name\" content=\"Valencia Turismo\" \/>\n<meta property=\"article:published_time\" content=\"2013-10-24T14:56:52+00:00\" \/>\n<meta property=\"og:image\" content=\"https:\/\/turisme.dival.es\/wp-content\/uploads\/2021\/09\/falla.jpg\" \/>\n\t<meta property=\"og:image:width\" content=\"950\" \/>\n\t<meta property=\"og:image:height\" content=\"634\" \/>\n\t<meta property=\"og:image:type\" content=\"image\/jpeg\" \/>\n<meta name=\"author\" content=\"Val\u00e8ncia Turisme\" \/>\n<meta name=\"twitter:card\" content=\"summary_large_image\" \/>\n<meta name=\"twitter:label1\" content=\"Written by\" \/>\n\t<meta name=\"twitter:data1\" content=\"Val\u00e8ncia Turisme\" \/>\n\t<meta name=\"twitter:label2\" content=\"Est. reading time\" \/>\n\t<meta name=\"twitter:data2\" content=\"2 minutes\" \/>\n<script type=\"application\/ld+json\" class=\"yoast-schema-graph\">{\"@context\":\"https:\/\/schema.org\",\"@graph\":[{\"@type\":\"WebPage\",\"@id\":\"https:\/\/turisme.dival.es\/ca\/cultura-y-tradicion-valenciana-en-el-museo-fallero-de-alzira\/\",\"url\":\"https:\/\/turisme.dival.es\/ca\/cultura-y-tradicion-valenciana-en-el-museo-fallero-de-alzira\/\",\"name\":\"Cultura y tradici\u00f3n valenciana en el Museo Fallero de Alzira &#060; Valencia Turismo\",\"isPartOf\":{\"@id\":\"https:\/\/turisme.dival.es\/#website\"},\"primaryImageOfPage\":{\"@id\":\"https:\/\/turisme.dival.es\/ca\/cultura-y-tradicion-valenciana-en-el-museo-fallero-de-alzira\/#primaryimage\"},\"image\":{\"@id\":\"https:\/\/turisme.dival.es\/ca\/cultura-y-tradicion-valenciana-en-el-museo-fallero-de-alzira\/#primaryimage\"},\"thumbnailUrl\":\"https:\/\/turisme.dival.es\/wp-content\/uploads\/2021\/09\/falla.jpg\",\"datePublished\":\"2013-10-24T14:56:52+00:00\",\"dateModified\":\"2013-10-24T14:56:52+00:00\",\"author\":{\"@id\":\"https:\/\/turisme.dival.es\/#\/schema\/person\/3e0b7dd59fafb4560a54b9a4940574f4\"},\"inLanguage\":\"vl\",\"potentialAction\":[{\"@type\":\"ReadAction\",\"target\":[\"https:\/\/turisme.dival.es\/ca\/cultura-y-tradicion-valenciana-en-el-museo-fallero-de-alzira\/\"]}]},{\"@type\":\"ImageObject\",\"inLanguage\":\"vl\",\"@id\":\"https:\/\/turisme.dival.es\/ca\/cultura-y-tradicion-valenciana-en-el-museo-fallero-de-alzira\/#primaryimage\",\"url\":\"https:\/\/turisme.dival.es\/wp-content\/uploads\/2021\/09\/falla.jpg\",\"contentUrl\":\"https:\/\/turisme.dival.es\/wp-content\/uploads\/2021\/09\/falla.jpg\",\"width\":950,\"height\":634},{\"@type\":\"WebSite\",\"@id\":\"https:\/\/turisme.dival.es\/#website\",\"url\":\"https:\/\/turisme.dival.es\/\",\"name\":\"valenciaturismo.com.mialias.net\",\"description\":\"\",\"potentialAction\":[{\"@type\":\"SearchAction\",\"target\":{\"@type\":\"EntryPoint\",\"urlTemplate\":\"https:\/\/turisme.dival.es\/?s={search_term_string}\"},\"query-input\":\"required name=search_term_string\"}],\"inLanguage\":\"vl\"},{\"@type\":\"Person\",\"@id\":\"https:\/\/turisme.dival.es\/#\/schema\/person\/3e0b7dd59fafb4560a54b9a4940574f4\",\"name\":\"Val\u00e8ncia Turisme\",\"image\":{\"@type\":\"ImageObject\",\"inLanguage\":\"vl\",\"@id\":\"https:\/\/turisme.dival.es\/#\/schema\/person\/image\/\",\"url\":\"https:\/\/secure.gravatar.com\/avatar\/0e9af38f68e5d55d0728b298890449252967999842654f5245c679ec46532ee9?s=96&d=mm&r=g\",\"contentUrl\":\"https:\/\/secure.gravatar.com\/avatar\/0e9af38f68e5d55d0728b298890449252967999842654f5245c679ec46532ee9?s=96&d=mm&r=g\",\"caption\":\"Val\u00e8ncia Turisme\"},\"sameAs\":[\"https:\/\/turisme.dival.es\"]}]}<\/script>\n<!-- \/ Yoast SEO plugin. -->","yoast_head_json":{"title":"Cultura y tradici\u00f3n valenciana en el Museo Fallero de Alzira &#060; Valencia Turismo","robots":{"index":"index","follow":"follow","max-snippet":"max-snippet:-1","max-image-preview":"max-image-preview:large","max-video-preview":"max-video-preview:-1"},"canonical":"https:\/\/turisme.dival.es\/ca\/cultura-y-tradicion-valenciana-en-el-museo-fallero-de-alzira\/","og_locale":"en_US","og_type":"article","og_title":"Cultura y tradici\u00f3n valenciana en el Museo Fallero de Alzira &#060; Valencia Turismo","og_description":"Las fallas son una de las celebraciones m\u00e1s internacionales y conocidas de la provincia de Valencia, por ello no es de extra\u00f1ar que existan lugares donde poder mostrar al mundo toda su tradici\u00f3n, creatividad e historia.\u00a0 Uno de esos lugares es, sin lugar a dudas, el Museo Fallero de Alzira, situado en la Calle Santa [&hellip;]","og_url":"https:\/\/turisme.dival.es\/ca\/cultura-y-tradicion-valenciana-en-el-museo-fallero-de-alzira\/","og_site_name":"Valencia Turismo","article_published_time":"2013-10-24T14:56:52+00:00","og_image":[{"width":950,"height":634,"url":"https:\/\/turisme.dival.es\/wp-content\/uploads\/2021\/09\/falla.jpg","type":"image\/jpeg"}],"author":"Val\u00e8ncia Turisme","twitter_card":"summary_large_image","twitter_misc":{"Written by":"Val\u00e8ncia Turisme","Est. reading time":"2 minutes"},"schema":{"@context":"https:\/\/schema.org","@graph":[{"@type":"WebPage","@id":"https:\/\/turisme.dival.es\/ca\/cultura-y-tradicion-valenciana-en-el-museo-fallero-de-alzira\/","url":"https:\/\/turisme.dival.es\/ca\/cultura-y-tradicion-valenciana-en-el-museo-fallero-de-alzira\/","name":"Cultura y tradici\u00f3n valenciana en el Museo Fallero de Alzira &#060; Valencia Turismo","isPartOf":{"@id":"https:\/\/turisme.dival.es\/#website"},"primaryImageOfPage":{"@id":"https:\/\/turisme.dival.es\/ca\/cultura-y-tradicion-valenciana-en-el-museo-fallero-de-alzira\/#primaryimage"},"image":{"@id":"https:\/\/turisme.dival.es\/ca\/cultura-y-tradicion-valenciana-en-el-museo-fallero-de-alzira\/#primaryimage"},"thumbnailUrl":"https:\/\/turisme.dival.es\/wp-content\/uploads\/2021\/09\/falla.jpg","datePublished":"2013-10-24T14:56:52+00:00","dateModified":"2013-10-24T14:56:52+00:00","author":{"@id":"https:\/\/turisme.dival.es\/#\/schema\/person\/3e0b7dd59fafb4560a54b9a4940574f4"},"inLanguage":"vl","potentialAction":[{"@type":"ReadAction","target":["https:\/\/turisme.dival.es\/ca\/cultura-y-tradicion-valenciana-en-el-museo-fallero-de-alzira\/"]}]},{"@type":"ImageObject","inLanguage":"vl","@id":"https:\/\/turisme.dival.es\/ca\/cultura-y-tradicion-valenciana-en-el-museo-fallero-de-alzira\/#primaryimage","url":"https:\/\/turisme.dival.es\/wp-content\/uploads\/2021\/09\/falla.jpg","contentUrl":"https:\/\/turisme.dival.es\/wp-content\/uploads\/2021\/09\/falla.jpg","width":950,"height":634},{"@type":"WebSite","@id":"https:\/\/turisme.dival.es\/#website","url":"https:\/\/turisme.dival.es\/","name":"valenciaturismo.com.mialias.net","description":"","potentialAction":[{"@type":"SearchAction","target":{"@type":"EntryPoint","urlTemplate":"https:\/\/turisme.dival.es\/?s={search_term_string}"},"query-input":"required name=search_term_string"}],"inLanguage":"vl"},{"@type":"Person","@id":"https:\/\/turisme.dival.es\/#\/schema\/person\/3e0b7dd59fafb4560a54b9a4940574f4","name":"Val\u00e8ncia Turisme","image":{"@type":"ImageObject","inLanguage":"vl","@id":"https:\/\/turisme.dival.es\/#\/schema\/person\/image\/","url":"https:\/\/secure.gravatar.com\/avatar\/0e9af38f68e5d55d0728b298890449252967999842654f5245c679ec46532ee9?s=96&d=mm&r=g","contentUrl":"https:\/\/secure.gravatar.com\/avatar\/0e9af38f68e5d55d0728b298890449252967999842654f5245c679ec46532ee9?s=96&d=mm&r=g","caption":"Val\u00e8ncia Turisme"},"sameAs":["https:\/\/turisme.dival.es"]}]}},"_links":{"self":[{"href":"https:\/\/turisme.dival.es\/ca\/wp-json\/wp\/v2\/posts\/127512","targetHints":{"allow":["GET"]}}],"collection":[{"href":"https:\/\/turisme.dival.es\/ca\/wp-json\/wp\/v2\/posts"}],"about":[{"href":"https:\/\/turisme.dival.es\/ca\/wp-json\/wp\/v2\/types\/post"}],"author":[{"embeddable":true,"href":"https:\/\/turisme.dival.es\/ca\/wp-json\/wp\/v2\/users\/1"}],"replies":[{"embeddable":true,"href":"https:\/\/turisme.dival.es\/ca\/wp-json\/wp\/v2\/comments?post=127512"}],"version-history":[{"count":0,"href":"https:\/\/turisme.dival.es\/ca\/wp-json\/wp\/v2\/posts\/127512\/revisions"}],"wp:featuredmedia":[{"embeddable":true,"href":"https:\/\/turisme.dival.es\/ca\/wp-json\/wp\/v2\/media\/13679"}],"wp:attachment":[{"href":"https:\/\/turisme.dival.es\/ca\/wp-json\/wp\/v2\/media?parent=127512"}],"wp:term":[{"taxonomy":"category","embeddable":true,"href":"https:\/\/turisme.dival.es\/ca\/wp-json\/wp\/v2\/categories?post=127512"},{"taxonomy":"post_tag","embeddable":true,"href":"https:\/\/turisme.dival.es\/ca\/wp-json\/wp\/v2\/tags?post=127512"}],"curies":[{"name":"wp","href":"https:\/\/api.w.org\/{rel}","templated":true}]}}