{"id":127452,"date":"2013-08-23T15:20:23","date_gmt":"2013-08-23T15:20:23","guid":{"rendered":"https:\/\/turisme.dival.es\/fuentes-medicinales-en-chera\/"},"modified":"2013-08-23T15:20:23","modified_gmt":"2013-08-23T15:20:23","slug":"fuentes-medicinales-en-chera","status":"publish","type":"post","link":"https:\/\/turisme.dival.es\/ca\/fuentes-medicinales-en-chera\/","title":{"rendered":"Fuentes medicinales en Chera"},"content":{"rendered":"<p>Si hay alg\u00fan municipio que podr\u00edamos denominar \u2018m\u00e1gico\u2019, \u00e9se es Chera. Lo encontraremos ubicado en la <strong>comarca de Requena-Utiel<\/strong>, afamada por sus buenos vinos pero, tambi\u00e9n, por tener unos manantiales de agua con propiedades medicinales tal\u00a0 como podr\u00e9is comprobar a continuaci\u00f3n.<\/p>\n<p>Este peque\u00f1o pueblo apenas supera los 600 habitantes, aqu\u00ed la calma y la tranquilidad son las protagonistas junto a los maravillosos paisajes naturales que rodean la zona. Su particular localizaci\u00f3n en la <strong>Fosa tect\u00f3nica de Chera<\/strong>, formada por las grietas que provocaron los movimientos del terreno (las fallas en geolog\u00eda) millones de a\u00f1os atr\u00e1s, facilita la proliferaci\u00f3n de numerosos manantiales en este lugar: los denominados \u2018Veneros\u2019.<\/p>\n<p>Actualmente, hay registrados <strong>300 nacimientos de agua<\/strong>, de los cuales aproximadamente un poco m\u00e1s de la mitad est\u00e1n siempre a la vista, mientras que el resto aparece de forma temporal. Como ya coment\u00e1bamos al principio, el agua que brota de 7 fuentes espec\u00edficas de Chera es conocida por sus <strong>propiedades beneficiosas para la salud<\/strong> y, a cada una, se le atribuye una finalidad medicinal distinta. Por ejemplo, la Fuente de la Juamblanquilla es popular por estimular el apetito, mientras que a la de las Tosquillas se le asignan propiedades laxantes. Las fuentes del Mauro, de los Perros, del R\u00edo, del Rodenillo y el Pocillo del Moj\u00f3n se consideran todas ellas saludables para las dolencias de ri\u00f1\u00f3n. Adem\u00e1s, la Fuente de los Perros es buena para el vientre a la vez que las aguas del Rodenillo son recomendables para las descomposiciones intestinales.<br \/>\n<!--more--><br \/>\nPero no s\u00f3lo podr\u00e1s cuidarte por dentro, sino que en esta encantadora localidad tambi\u00e9n podr\u00e1s deleitar tus sentidos con destacados atractivos tur\u00edsticos. Por ejemplo, el espacio protegido del <a title=\"Parque Natural de Chera - Sot de Chera\" href=\"http:\/\/blog.valenciaterraimar.org\/index.php\/2013\/08\/parque-natural-de-chera-sot-de-chera-primer-parque-geologico\/\" target=\"_blank\" rel=\"noopener\"><strong>Parque Natural de Chera-Sot de Chera<\/strong> <\/a>o su <strong>Parque Geol\u00f3gico<\/strong><b>, <\/b>inaugurado en 1999. Este \u00faltimo es de gran valor por ser el \u00fanico que podemos encontrar en toda la Comunidad Valenciana y el tercero construido a nivel nacional. Sus abruptas monta\u00f1as, el <a title=\"r\u00edo Reatillo\" href=\"http:\/\/blog.valenciaterraimar.org\/index.php\/2012\/08\/el-rio-reatillo-o-sot\/\" target=\"_blank\" rel=\"noopener\">r\u00edo Reatillo<\/a> (uno de los principales afluentes del T\u00faria), las m\u00e1s de 1.000 cuevas o el embalse de Buseo &#8211; que os evocar\u00e1 el pintoresco paisaje de Suiza &#8211; completan un entorno tanto natural como bello. Adem\u00e1s, estos parajes dan lugar a infinidad de rutas que recorren la zona a pie o en bici mientras te muestran todos los encantos del lugar. \u00bfTe lo vas a perder?<\/p>\n<p>Foto \/ <a title=\"Javi Vte Rejas\" href=\"http:\/\/www.flickr.com\/photos\/mediaflema\/4750174988\/sizes\/l\/in\/photolist-8eKTwL-8eLypE-8YeCnH-8YetRe-8Yenor-8YhsVy-8YhmGN-8YeAx8-8YhBH7-8YhFjo-8YhDCf-8YekaX-8YeuAe-8YeBE2-8Yeqmv-8YeqAp-8YhoNs-8YhvYE-8YhtSL-8Yhuw7-8YewkR-8YhBmm-8YeEov-8YhCyq-8YeCDR-8Yerrr-8Yew9D-8Yhynd-8Yhyyq-8YenxZ-8Yhu9G-8YemFD-8YevHa-8Yevf2-8YhtqU-8YeCY4-8YhnhE-8Yhxfm-8Yhmum-8YhuLE-8YhCL3-8YekKK-8YhzSN-8YhAi3-8YhzCf-8YhxBN-8YhsG1-8YeAap-8Yhzfh-8YeuTn-8YhF19\/\" target=\"_blank\" rel=\"noopener\">Javi Vte Rejas<\/a><\/p>\n","protected":false},"excerpt":{"rendered":"<p>Si hay alg\u00fan municipio que podr\u00edamos denominar \u2018m\u00e1gico\u2019, \u00e9se es Chera. Lo encontraremos ubicado en la comarca de Requena-Utiel, afamada por sus buenos vinos pero, tambi\u00e9n, por tener unos manantiales de agua con propiedades medicinales tal\u00a0 como podr\u00e9is comprobar a continuaci\u00f3n. Este peque\u00f1o pueblo apenas supera los 600 habitantes, aqu\u00ed la calma y la tranquilidad [&hellip;]<\/p>\n","protected":false},"author":1,"featured_media":13553,"comment_status":"open","ping_status":"open","sticky":false,"template":"","format":"standard","meta":{"_acf_changed":false,"_et_pb_use_builder":"","_et_pb_old_content":"","_et_gb_content_width":"","footnotes":""},"categories":[1949,1951,1948],"tags":[],"class_list":["post-127452","post","type-post","status-publish","format-standard","has-post-thumbnail","hentry","category-benestar-i-relax","category-entrades","category-salut"],"acf":{"destacado":false},"yoast_head":"<!-- This site is optimized with the Yoast SEO plugin v23.0 - https:\/\/yoast.com\/wordpress\/plugins\/seo\/ -->\n<title>Fuentes medicinales en Chera &#060; Valencia Turismo<\/title>\n<meta name=\"robots\" content=\"index, follow, max-snippet:-1, max-image-preview:large, max-video-preview:-1\" \/>\n<link rel=\"canonical\" href=\"https:\/\/turisme.dival.es\/ca\/fuentes-medicinales-en-chera\/\" \/>\n<meta property=\"og:locale\" content=\"en_US\" \/>\n<meta property=\"og:type\" content=\"article\" \/>\n<meta property=\"og:title\" content=\"Fuentes medicinales en Chera &#060; Valencia Turismo\" \/>\n<meta property=\"og:description\" content=\"Si hay alg\u00fan municipio que podr\u00edamos denominar \u2018m\u00e1gico\u2019, \u00e9se es Chera. Lo encontraremos ubicado en la comarca de Requena-Utiel, afamada por sus buenos vinos pero, tambi\u00e9n, por tener unos manantiales de agua con propiedades medicinales tal\u00a0 como podr\u00e9is comprobar a continuaci\u00f3n. Este peque\u00f1o pueblo apenas supera los 600 habitantes, aqu\u00ed la calma y la tranquilidad [&hellip;]\" \/>\n<meta property=\"og:url\" content=\"https:\/\/turisme.dival.es\/ca\/fuentes-medicinales-en-chera\/\" \/>\n<meta property=\"og:site_name\" content=\"Valencia Turismo\" \/>\n<meta property=\"article:published_time\" content=\"2013-08-23T15:20:23+00:00\" \/>\n<meta property=\"og:image\" content=\"https:\/\/turisme.dival.es\/wp-content\/uploads\/2021\/09\/Fuente-Chera.jpg\" \/>\n\t<meta property=\"og:image:width\" content=\"950\" \/>\n\t<meta property=\"og:image:height\" content=\"713\" \/>\n\t<meta property=\"og:image:type\" content=\"image\/jpeg\" \/>\n<meta name=\"author\" content=\"Val\u00e8ncia Turisme\" \/>\n<meta name=\"twitter:card\" content=\"summary_large_image\" \/>\n<meta name=\"twitter:label1\" content=\"Written by\" \/>\n\t<meta name=\"twitter:data1\" content=\"Val\u00e8ncia Turisme\" \/>\n\t<meta name=\"twitter:label2\" content=\"Est. reading time\" \/>\n\t<meta name=\"twitter:data2\" content=\"2 minutes\" \/>\n<script type=\"application\/ld+json\" class=\"yoast-schema-graph\">{\"@context\":\"https:\/\/schema.org\",\"@graph\":[{\"@type\":\"WebPage\",\"@id\":\"https:\/\/turisme.dival.es\/ca\/fuentes-medicinales-en-chera\/\",\"url\":\"https:\/\/turisme.dival.es\/ca\/fuentes-medicinales-en-chera\/\",\"name\":\"Fuentes medicinales en Chera &#060; Valencia Turismo\",\"isPartOf\":{\"@id\":\"https:\/\/turisme.dival.es\/#website\"},\"primaryImageOfPage\":{\"@id\":\"https:\/\/turisme.dival.es\/ca\/fuentes-medicinales-en-chera\/#primaryimage\"},\"image\":{\"@id\":\"https:\/\/turisme.dival.es\/ca\/fuentes-medicinales-en-chera\/#primaryimage\"},\"thumbnailUrl\":\"https:\/\/turisme.dival.es\/wp-content\/uploads\/2021\/09\/Fuente-Chera.jpg\",\"datePublished\":\"2013-08-23T15:20:23+00:00\",\"dateModified\":\"2013-08-23T15:20:23+00:00\",\"author\":{\"@id\":\"https:\/\/turisme.dival.es\/#\/schema\/person\/3e0b7dd59fafb4560a54b9a4940574f4\"},\"inLanguage\":\"vl\",\"potentialAction\":[{\"@type\":\"ReadAction\",\"target\":[\"https:\/\/turisme.dival.es\/ca\/fuentes-medicinales-en-chera\/\"]}]},{\"@type\":\"ImageObject\",\"inLanguage\":\"vl\",\"@id\":\"https:\/\/turisme.dival.es\/ca\/fuentes-medicinales-en-chera\/#primaryimage\",\"url\":\"https:\/\/turisme.dival.es\/wp-content\/uploads\/2021\/09\/Fuente-Chera.jpg\",\"contentUrl\":\"https:\/\/turisme.dival.es\/wp-content\/uploads\/2021\/09\/Fuente-Chera.jpg\",\"width\":950,\"height\":713},{\"@type\":\"WebSite\",\"@id\":\"https:\/\/turisme.dival.es\/#website\",\"url\":\"https:\/\/turisme.dival.es\/\",\"name\":\"valenciaturismo.com.mialias.net\",\"description\":\"\",\"potentialAction\":[{\"@type\":\"SearchAction\",\"target\":{\"@type\":\"EntryPoint\",\"urlTemplate\":\"https:\/\/turisme.dival.es\/?s={search_term_string}\"},\"query-input\":\"required name=search_term_string\"}],\"inLanguage\":\"vl\"},{\"@type\":\"Person\",\"@id\":\"https:\/\/turisme.dival.es\/#\/schema\/person\/3e0b7dd59fafb4560a54b9a4940574f4\",\"name\":\"Val\u00e8ncia Turisme\",\"image\":{\"@type\":\"ImageObject\",\"inLanguage\":\"vl\",\"@id\":\"https:\/\/turisme.dival.es\/#\/schema\/person\/image\/\",\"url\":\"https:\/\/secure.gravatar.com\/avatar\/0e9af38f68e5d55d0728b298890449252967999842654f5245c679ec46532ee9?s=96&d=mm&r=g\",\"contentUrl\":\"https:\/\/secure.gravatar.com\/avatar\/0e9af38f68e5d55d0728b298890449252967999842654f5245c679ec46532ee9?s=96&d=mm&r=g\",\"caption\":\"Val\u00e8ncia Turisme\"},\"sameAs\":[\"https:\/\/turisme.dival.es\"]}]}<\/script>\n<!-- \/ Yoast SEO plugin. -->","yoast_head_json":{"title":"Fuentes medicinales en Chera &#060; Valencia Turismo","robots":{"index":"index","follow":"follow","max-snippet":"max-snippet:-1","max-image-preview":"max-image-preview:large","max-video-preview":"max-video-preview:-1"},"canonical":"https:\/\/turisme.dival.es\/ca\/fuentes-medicinales-en-chera\/","og_locale":"en_US","og_type":"article","og_title":"Fuentes medicinales en Chera &#060; Valencia Turismo","og_description":"Si hay alg\u00fan municipio que podr\u00edamos denominar \u2018m\u00e1gico\u2019, \u00e9se es Chera. Lo encontraremos ubicado en la comarca de Requena-Utiel, afamada por sus buenos vinos pero, tambi\u00e9n, por tener unos manantiales de agua con propiedades medicinales tal\u00a0 como podr\u00e9is comprobar a continuaci\u00f3n. Este peque\u00f1o pueblo apenas supera los 600 habitantes, aqu\u00ed la calma y la tranquilidad [&hellip;]","og_url":"https:\/\/turisme.dival.es\/ca\/fuentes-medicinales-en-chera\/","og_site_name":"Valencia Turismo","article_published_time":"2013-08-23T15:20:23+00:00","og_image":[{"width":950,"height":713,"url":"https:\/\/turisme.dival.es\/wp-content\/uploads\/2021\/09\/Fuente-Chera.jpg","type":"image\/jpeg"}],"author":"Val\u00e8ncia Turisme","twitter_card":"summary_large_image","twitter_misc":{"Written by":"Val\u00e8ncia Turisme","Est. reading time":"2 minutes"},"schema":{"@context":"https:\/\/schema.org","@graph":[{"@type":"WebPage","@id":"https:\/\/turisme.dival.es\/ca\/fuentes-medicinales-en-chera\/","url":"https:\/\/turisme.dival.es\/ca\/fuentes-medicinales-en-chera\/","name":"Fuentes medicinales en Chera &#060; Valencia Turismo","isPartOf":{"@id":"https:\/\/turisme.dival.es\/#website"},"primaryImageOfPage":{"@id":"https:\/\/turisme.dival.es\/ca\/fuentes-medicinales-en-chera\/#primaryimage"},"image":{"@id":"https:\/\/turisme.dival.es\/ca\/fuentes-medicinales-en-chera\/#primaryimage"},"thumbnailUrl":"https:\/\/turisme.dival.es\/wp-content\/uploads\/2021\/09\/Fuente-Chera.jpg","datePublished":"2013-08-23T15:20:23+00:00","dateModified":"2013-08-23T15:20:23+00:00","author":{"@id":"https:\/\/turisme.dival.es\/#\/schema\/person\/3e0b7dd59fafb4560a54b9a4940574f4"},"inLanguage":"vl","potentialAction":[{"@type":"ReadAction","target":["https:\/\/turisme.dival.es\/ca\/fuentes-medicinales-en-chera\/"]}]},{"@type":"ImageObject","inLanguage":"vl","@id":"https:\/\/turisme.dival.es\/ca\/fuentes-medicinales-en-chera\/#primaryimage","url":"https:\/\/turisme.dival.es\/wp-content\/uploads\/2021\/09\/Fuente-Chera.jpg","contentUrl":"https:\/\/turisme.dival.es\/wp-content\/uploads\/2021\/09\/Fuente-Chera.jpg","width":950,"height":713},{"@type":"WebSite","@id":"https:\/\/turisme.dival.es\/#website","url":"https:\/\/turisme.dival.es\/","name":"valenciaturismo.com.mialias.net","description":"","potentialAction":[{"@type":"SearchAction","target":{"@type":"EntryPoint","urlTemplate":"https:\/\/turisme.dival.es\/?s={search_term_string}"},"query-input":"required name=search_term_string"}],"inLanguage":"vl"},{"@type":"Person","@id":"https:\/\/turisme.dival.es\/#\/schema\/person\/3e0b7dd59fafb4560a54b9a4940574f4","name":"Val\u00e8ncia Turisme","image":{"@type":"ImageObject","inLanguage":"vl","@id":"https:\/\/turisme.dival.es\/#\/schema\/person\/image\/","url":"https:\/\/secure.gravatar.com\/avatar\/0e9af38f68e5d55d0728b298890449252967999842654f5245c679ec46532ee9?s=96&d=mm&r=g","contentUrl":"https:\/\/secure.gravatar.com\/avatar\/0e9af38f68e5d55d0728b298890449252967999842654f5245c679ec46532ee9?s=96&d=mm&r=g","caption":"Val\u00e8ncia Turisme"},"sameAs":["https:\/\/turisme.dival.es"]}]}},"_links":{"self":[{"href":"https:\/\/turisme.dival.es\/ca\/wp-json\/wp\/v2\/posts\/127452","targetHints":{"allow":["GET"]}}],"collection":[{"href":"https:\/\/turisme.dival.es\/ca\/wp-json\/wp\/v2\/posts"}],"about":[{"href":"https:\/\/turisme.dival.es\/ca\/wp-json\/wp\/v2\/types\/post"}],"author":[{"embeddable":true,"href":"https:\/\/turisme.dival.es\/ca\/wp-json\/wp\/v2\/users\/1"}],"replies":[{"embeddable":true,"href":"https:\/\/turisme.dival.es\/ca\/wp-json\/wp\/v2\/comments?post=127452"}],"version-history":[{"count":0,"href":"https:\/\/turisme.dival.es\/ca\/wp-json\/wp\/v2\/posts\/127452\/revisions"}],"wp:featuredmedia":[{"embeddable":true,"href":"https:\/\/turisme.dival.es\/ca\/wp-json\/wp\/v2\/media\/13553"}],"wp:attachment":[{"href":"https:\/\/turisme.dival.es\/ca\/wp-json\/wp\/v2\/media?parent=127452"}],"wp:term":[{"taxonomy":"category","embeddable":true,"href":"https:\/\/turisme.dival.es\/ca\/wp-json\/wp\/v2\/categories?post=127452"},{"taxonomy":"post_tag","embeddable":true,"href":"https:\/\/turisme.dival.es\/ca\/wp-json\/wp\/v2\/tags?post=127452"}],"curies":[{"name":"wp","href":"https:\/\/api.w.org\/{rel}","templated":true}]}}