{"id":127396,"date":"2016-04-10T08:16:30","date_gmt":"2016-04-10T08:16:30","guid":{"rendered":"https:\/\/turisme.dival.es\/coneix-la-platja-de-les-palmeres-a-sueca\/"},"modified":"2016-04-10T08:16:30","modified_gmt":"2016-04-10T08:16:30","slug":"coneix-la-platja-de-les-palmeres-a-sueca","status":"publish","type":"post","link":"https:\/\/turisme.dival.es\/ca\/coneix-la-platja-de-les-palmeres-a-sueca\/","title":{"rendered":"Coneix la platja de Les Palmeres a Sueca"},"content":{"rendered":"<p style=\"text-align: justify\">El municipi de Sueca \u00e9s fam\u00f3s per la qualitat de les seues platges. Ve\u00efns de localitats properes no dubten a escollir-les com a lloc d\u2019estiueig o per a passar el dia, ja que compten amb notables serveis de restauraci\u00f3 i adaptabilitat que fan l\u2019estada molt m\u00e9s agradable.<\/p>\n<p>Una de les cinc platges que componen el litoral suec\u00e0 \u00e9s la de Les Palmeres. Amb 900 metres de longitud, est\u00e0 considerada una de les platges m\u00e9s familiars del municipi i de Val\u00e8ncia. Si cerques un lloc allunyat de les aglomeracions, has de saber que Les Palmeres mai no presenta una ocupaci\u00f3 molt alta. D\u2019altra banda, les seues dimensions redu\u00efdes li donaran un plus d\u2019intimitat i comoditat a les teues jornades al costat del mar.<\/p>\n<p style=\"text-align: justify\">\u00a0Es tracta d\u2019un rac\u00f3 del litoral que no podem perdre\u2019ns, sobretot si pensem en la seua arena daurada i les seues aig\u00fces cristal\u00b7lines.<\/p>\n<p style=\"text-align: justify\">Malgrat ser una platja xicoteta, Les Palmeres compta amb totes les comoditats que puguem esperar, ja que disposa d\u2019acc\u00e9s per a persones amb discapacitat. Aix\u00ed mateix, els accessos amb cotxe i a peu es troben perfectament indicats. D\u2019altra banda, hi ha tamb\u00e9 un servei d\u2019autob\u00fas engegat per l\u2019Ajuntament del Perell\u00f3 que ens porta fins a Sueca passant per aquesta platja. Localitats properes com Alzira, Corbera, Fortaleny o Mareny de Barraquetes tamb\u00e9 es troben comunicades a trav\u00e9s d\u2019aquest mateix servei.<\/p>\n<p style=\"text-align: justify\">Malgrat ser una platja eminentment familiar, s\u00f3n molts els que s\u2019acosten a Les Palmeres atrets pels seus interessants reclams gastron\u00f2mics. Aix\u00ed, el visitant hi podr\u00e0 degustar exquisits plats valencians, entre els quals destaca l\u2019anomenat guisat sec d\u2019arr\u00f2s o la tradicional paella valenciana.<\/p>\n<p style=\"text-align: justify\">A m\u00e9s de sol i platja, en un entorn com el de Les Palmeres no podem deixar de gaudir dels paisatges caracter\u00edstics de la comarca de la Ribera Baixa, amb les seues interminables hortes regades pel riu X\u00faquer.<\/p>\n<p style=\"text-align: justify\">Caminar al llarg del passeig mar\u00edtim, dinar en algun restaurant de la zona, con\u00e9ixer l\u2019horta adjacent i prendre un bany a Els Palmeretes s\u00f3n solament algunes opcions, tria la teua per a fer del teu dia alguna cosa especial.<\/p>\n<p>\u00a0<strong> Conoce la playa de Les Palmeres en Sueca<\/strong><\/p>\n<p>El municipio de <strong>Sueca es famoso por la calidad de sus playas.<\/strong> Vecinos de localidades cercanas no dudan en escogerlas como lugar de veraneo o para pasar el d\u00eda, pues cuentan con notables servicios de restauraci\u00f3n y adaptabilidad que hacen la estancia mucho m\u00e1s agradable.<\/p>\n<p>Una de las cinco playas que componen el litoral suecano es la de <a href=\"http:\/\/www.sueca.es\/content\/un-passeig-la-natura\">Les Palmeres<\/a>. Con 900 metros de longitud, est\u00e1 considerada <strong>una de las <a title=\"playas m\u00e1s familiares\" href=\"http:\/\/blog.valenciaterraimar.org\/index.php\/2013\/09\/canet-den-berenguer-vacaciones-para-toda-la-familia\/\" target=\"_blank\" rel=\"noopener\">playas m\u00e1s familiares<\/a> del municipio<\/strong> y de Valencia. Si buscas un lugar alejado de las aglomeraciones, debes saber que Les Palmeretes nunca presenta una ocupaci\u00f3n muy alta. Por otro lado, sus dimensiones reducidas le dar\u00e1n un plus de intimidad y comodidad a tus jornadas junto al mar. Se trata de un rinc\u00f3n del litoral que no podemos perdernos, sobre todo si pensamos en su arena dorada y sus aguas cristalinas.<\/p>\n<p>A pesar de ser una playa peque\u00f1a, Les Palmeres cuenta con todas las comodidades que podamos esperar, pues <strong>dispone de <a title=\"Acceso para minusv\u00e1lidos\" href=\"http:\/\/blog.valenciaterraimar.org\/index.php\/2013\/08\/accesibilidad-en-las-playas-de-la-costa-valenciana\/\" target=\"_blank\" rel=\"noopener\">acceso parapersonas con discapacidad<\/a>.<\/strong> Asimismo, los accesos en coche y a pie se encuentran perfectamente indicados. Por otro lado, existe tambi\u00e9n un <a href=\"http:\/\/www.elperello.es\/es\/content\/horarios-de-autobuses-verano-0\">servicio de autob\u00fas<\/a> puesto en marcha por el Ayuntamiento de El Perell\u00f3 que nos lleva hasta Sueca pasando por esta playa. Localidades cercanas como Alzira, Corbera, Fortaleny o Mareny de Barraquetes tambi\u00e9n se encuentran comunicadas a trav\u00e9s de este mismo servicio.<\/p>\n<p>Pese a ser una playa eminentemente familiar, son muchos los que se acercan a Les Palmeres atra\u00eddos por sus interesantes reclamos gastron\u00f3micos. As\u00ed, el visitante podr\u00e1 degustar exquisitos platos valencianos, entre los que destaca el llamado <strong>guiso seco de arroz<\/strong> o la tradicional <a title=\"paella valenciana\" href=\"http:\/\/blog.valenciaterraimar.org\/index.php\/2013\/08\/se-celebra-el-53o-concurso-internacional-de-paella-valenciana-de-sueca\/\" target=\"_blank\" rel=\"noopener\"><strong>paella valenciana<\/strong><\/a>.<br \/>\n<!--more--><br \/>\nAdem\u00e1s de sol y playa, en un entorno como el de Les Palmeres no podemos dejar de disfrutar de los <strong>paisajes caracter\u00edsticos de la comarca de la Ribera Baja<\/strong>, con sus interminables huertas regadas por el r\u00edo X\u00faquer.<\/p>\n<p>Caminar a lo largo del paseo mar\u00edtimo, comer en alg\u00fan restaurante de la zona, conocer la huerta colindante y darse un ba\u00f1o en Les Palmeretes son solo algunas opciones, elige la tuya para hacer de tu d\u00eda algo especial.<\/p>\n<p>Foto:Ayuntamiento de Sueca<\/p>\n","protected":false},"excerpt":{"rendered":"<p>El municipi de Sueca \u00e9s fam\u00f3s per la qualitat de les seues platges. Ve\u00efns de localitats properes no dubten a escollir-les com a lloc d\u2019estiueig o per a passar el dia, ja que compten amb notables serveis de restauraci\u00f3 i adaptabilitat que fan l\u2019estada molt m\u00e9s agradable. Una de les cinc platges que componen el [&hellip;]<\/p>\n","protected":false},"author":1,"featured_media":15834,"comment_status":"open","ping_status":"open","sticky":false,"template":"","format":"standard","meta":{"_acf_changed":false,"_et_pb_use_builder":"","_et_pb_old_content":"","_et_gb_content_width":"","footnotes":""},"categories":[1951,1942,1943],"tags":[],"class_list":["post-127396","post","type-post","status-publish","format-standard","has-post-thumbnail","hentry","category-entrades","category-platges","category-racons-i-llocs"],"acf":{"destacado":false},"yoast_head":"<!-- This site is optimized with the Yoast SEO plugin v23.0 - https:\/\/yoast.com\/wordpress\/plugins\/seo\/ -->\n<title>Coneix la platja de Les Palmeres a Sueca &#060; Valencia Turismo<\/title>\n<meta name=\"robots\" content=\"index, follow, max-snippet:-1, max-image-preview:large, max-video-preview:-1\" \/>\n<link rel=\"canonical\" href=\"https:\/\/turisme.dival.es\/ca\/coneix-la-platja-de-les-palmeres-a-sueca\/\" \/>\n<meta property=\"og:locale\" content=\"en_US\" \/>\n<meta property=\"og:type\" content=\"article\" \/>\n<meta property=\"og:title\" content=\"Coneix la platja de Les Palmeres a Sueca &#060; Valencia Turismo\" \/>\n<meta property=\"og:description\" content=\"El municipi de Sueca \u00e9s fam\u00f3s per la qualitat de les seues platges. Ve\u00efns de localitats properes no dubten a escollir-les com a lloc d\u2019estiueig o per a passar el dia, ja que compten amb notables serveis de restauraci\u00f3 i adaptabilitat que fan l\u2019estada molt m\u00e9s agradable. Una de les cinc platges que componen el [&hellip;]\" \/>\n<meta property=\"og:url\" content=\"https:\/\/turisme.dival.es\/ca\/coneix-la-platja-de-les-palmeres-a-sueca\/\" \/>\n<meta property=\"og:site_name\" content=\"Valencia Turismo\" \/>\n<meta property=\"article:published_time\" content=\"2016-04-10T08:16:30+00:00\" \/>\n<meta property=\"og:image\" content=\"https:\/\/turisme.dival.es\/wp-content\/uploads\/2021\/09\/playa-Palmeres-Sueca-Valencia-Turisme.jpg\" \/>\n\t<meta property=\"og:image:width\" content=\"671\" \/>\n\t<meta property=\"og:image:height\" content=\"503\" \/>\n\t<meta property=\"og:image:type\" content=\"image\/jpeg\" \/>\n<meta name=\"author\" content=\"Val\u00e8ncia Turisme\" \/>\n<meta name=\"twitter:card\" content=\"summary_large_image\" \/>\n<meta name=\"twitter:label1\" content=\"Written by\" \/>\n\t<meta name=\"twitter:data1\" content=\"Val\u00e8ncia Turisme\" \/>\n\t<meta name=\"twitter:label2\" content=\"Est. reading time\" \/>\n\t<meta name=\"twitter:data2\" content=\"4 minutes\" \/>\n<script type=\"application\/ld+json\" class=\"yoast-schema-graph\">{\"@context\":\"https:\/\/schema.org\",\"@graph\":[{\"@type\":\"WebPage\",\"@id\":\"https:\/\/turisme.dival.es\/ca\/coneix-la-platja-de-les-palmeres-a-sueca\/\",\"url\":\"https:\/\/turisme.dival.es\/ca\/coneix-la-platja-de-les-palmeres-a-sueca\/\",\"name\":\"Coneix la platja de Les Palmeres a Sueca &#060; Valencia Turismo\",\"isPartOf\":{\"@id\":\"https:\/\/turisme.dival.es\/#website\"},\"primaryImageOfPage\":{\"@id\":\"https:\/\/turisme.dival.es\/ca\/coneix-la-platja-de-les-palmeres-a-sueca\/#primaryimage\"},\"image\":{\"@id\":\"https:\/\/turisme.dival.es\/ca\/coneix-la-platja-de-les-palmeres-a-sueca\/#primaryimage\"},\"thumbnailUrl\":\"https:\/\/turisme.dival.es\/wp-content\/uploads\/2021\/09\/playa-Palmeres-Sueca-Valencia-Turisme.jpg\",\"datePublished\":\"2016-04-10T08:16:30+00:00\",\"dateModified\":\"2016-04-10T08:16:30+00:00\",\"author\":{\"@id\":\"https:\/\/turisme.dival.es\/#\/schema\/person\/3e0b7dd59fafb4560a54b9a4940574f4\"},\"inLanguage\":\"vl\",\"potentialAction\":[{\"@type\":\"ReadAction\",\"target\":[\"https:\/\/turisme.dival.es\/ca\/coneix-la-platja-de-les-palmeres-a-sueca\/\"]}]},{\"@type\":\"ImageObject\",\"inLanguage\":\"vl\",\"@id\":\"https:\/\/turisme.dival.es\/ca\/coneix-la-platja-de-les-palmeres-a-sueca\/#primaryimage\",\"url\":\"https:\/\/turisme.dival.es\/wp-content\/uploads\/2021\/09\/playa-Palmeres-Sueca-Valencia-Turisme.jpg\",\"contentUrl\":\"https:\/\/turisme.dival.es\/wp-content\/uploads\/2021\/09\/playa-Palmeres-Sueca-Valencia-Turisme.jpg\",\"width\":671,\"height\":503},{\"@type\":\"WebSite\",\"@id\":\"https:\/\/turisme.dival.es\/#website\",\"url\":\"https:\/\/turisme.dival.es\/\",\"name\":\"valenciaturismo.com.mialias.net\",\"description\":\"\",\"potentialAction\":[{\"@type\":\"SearchAction\",\"target\":{\"@type\":\"EntryPoint\",\"urlTemplate\":\"https:\/\/turisme.dival.es\/?s={search_term_string}\"},\"query-input\":\"required name=search_term_string\"}],\"inLanguage\":\"vl\"},{\"@type\":\"Person\",\"@id\":\"https:\/\/turisme.dival.es\/#\/schema\/person\/3e0b7dd59fafb4560a54b9a4940574f4\",\"name\":\"Val\u00e8ncia Turisme\",\"image\":{\"@type\":\"ImageObject\",\"inLanguage\":\"vl\",\"@id\":\"https:\/\/turisme.dival.es\/#\/schema\/person\/image\/\",\"url\":\"https:\/\/secure.gravatar.com\/avatar\/0e9af38f68e5d55d0728b298890449252967999842654f5245c679ec46532ee9?s=96&d=mm&r=g\",\"contentUrl\":\"https:\/\/secure.gravatar.com\/avatar\/0e9af38f68e5d55d0728b298890449252967999842654f5245c679ec46532ee9?s=96&d=mm&r=g\",\"caption\":\"Val\u00e8ncia Turisme\"},\"sameAs\":[\"https:\/\/turisme.dival.es\"]}]}<\/script>\n<!-- \/ Yoast SEO plugin. -->","yoast_head_json":{"title":"Coneix la platja de Les Palmeres a Sueca &#060; Valencia Turismo","robots":{"index":"index","follow":"follow","max-snippet":"max-snippet:-1","max-image-preview":"max-image-preview:large","max-video-preview":"max-video-preview:-1"},"canonical":"https:\/\/turisme.dival.es\/ca\/coneix-la-platja-de-les-palmeres-a-sueca\/","og_locale":"en_US","og_type":"article","og_title":"Coneix la platja de Les Palmeres a Sueca &#060; Valencia Turismo","og_description":"El municipi de Sueca \u00e9s fam\u00f3s per la qualitat de les seues platges. Ve\u00efns de localitats properes no dubten a escollir-les com a lloc d\u2019estiueig o per a passar el dia, ja que compten amb notables serveis de restauraci\u00f3 i adaptabilitat que fan l\u2019estada molt m\u00e9s agradable. Una de les cinc platges que componen el [&hellip;]","og_url":"https:\/\/turisme.dival.es\/ca\/coneix-la-platja-de-les-palmeres-a-sueca\/","og_site_name":"Valencia Turismo","article_published_time":"2016-04-10T08:16:30+00:00","og_image":[{"width":671,"height":503,"url":"https:\/\/turisme.dival.es\/wp-content\/uploads\/2021\/09\/playa-Palmeres-Sueca-Valencia-Turisme.jpg","type":"image\/jpeg"}],"author":"Val\u00e8ncia Turisme","twitter_card":"summary_large_image","twitter_misc":{"Written by":"Val\u00e8ncia Turisme","Est. reading time":"4 minutes"},"schema":{"@context":"https:\/\/schema.org","@graph":[{"@type":"WebPage","@id":"https:\/\/turisme.dival.es\/ca\/coneix-la-platja-de-les-palmeres-a-sueca\/","url":"https:\/\/turisme.dival.es\/ca\/coneix-la-platja-de-les-palmeres-a-sueca\/","name":"Coneix la platja de Les Palmeres a Sueca &#060; Valencia Turismo","isPartOf":{"@id":"https:\/\/turisme.dival.es\/#website"},"primaryImageOfPage":{"@id":"https:\/\/turisme.dival.es\/ca\/coneix-la-platja-de-les-palmeres-a-sueca\/#primaryimage"},"image":{"@id":"https:\/\/turisme.dival.es\/ca\/coneix-la-platja-de-les-palmeres-a-sueca\/#primaryimage"},"thumbnailUrl":"https:\/\/turisme.dival.es\/wp-content\/uploads\/2021\/09\/playa-Palmeres-Sueca-Valencia-Turisme.jpg","datePublished":"2016-04-10T08:16:30+00:00","dateModified":"2016-04-10T08:16:30+00:00","author":{"@id":"https:\/\/turisme.dival.es\/#\/schema\/person\/3e0b7dd59fafb4560a54b9a4940574f4"},"inLanguage":"vl","potentialAction":[{"@type":"ReadAction","target":["https:\/\/turisme.dival.es\/ca\/coneix-la-platja-de-les-palmeres-a-sueca\/"]}]},{"@type":"ImageObject","inLanguage":"vl","@id":"https:\/\/turisme.dival.es\/ca\/coneix-la-platja-de-les-palmeres-a-sueca\/#primaryimage","url":"https:\/\/turisme.dival.es\/wp-content\/uploads\/2021\/09\/playa-Palmeres-Sueca-Valencia-Turisme.jpg","contentUrl":"https:\/\/turisme.dival.es\/wp-content\/uploads\/2021\/09\/playa-Palmeres-Sueca-Valencia-Turisme.jpg","width":671,"height":503},{"@type":"WebSite","@id":"https:\/\/turisme.dival.es\/#website","url":"https:\/\/turisme.dival.es\/","name":"valenciaturismo.com.mialias.net","description":"","potentialAction":[{"@type":"SearchAction","target":{"@type":"EntryPoint","urlTemplate":"https:\/\/turisme.dival.es\/?s={search_term_string}"},"query-input":"required name=search_term_string"}],"inLanguage":"vl"},{"@type":"Person","@id":"https:\/\/turisme.dival.es\/#\/schema\/person\/3e0b7dd59fafb4560a54b9a4940574f4","name":"Val\u00e8ncia Turisme","image":{"@type":"ImageObject","inLanguage":"vl","@id":"https:\/\/turisme.dival.es\/#\/schema\/person\/image\/","url":"https:\/\/secure.gravatar.com\/avatar\/0e9af38f68e5d55d0728b298890449252967999842654f5245c679ec46532ee9?s=96&d=mm&r=g","contentUrl":"https:\/\/secure.gravatar.com\/avatar\/0e9af38f68e5d55d0728b298890449252967999842654f5245c679ec46532ee9?s=96&d=mm&r=g","caption":"Val\u00e8ncia Turisme"},"sameAs":["https:\/\/turisme.dival.es"]}]}},"_links":{"self":[{"href":"https:\/\/turisme.dival.es\/ca\/wp-json\/wp\/v2\/posts\/127396","targetHints":{"allow":["GET"]}}],"collection":[{"href":"https:\/\/turisme.dival.es\/ca\/wp-json\/wp\/v2\/posts"}],"about":[{"href":"https:\/\/turisme.dival.es\/ca\/wp-json\/wp\/v2\/types\/post"}],"author":[{"embeddable":true,"href":"https:\/\/turisme.dival.es\/ca\/wp-json\/wp\/v2\/users\/1"}],"replies":[{"embeddable":true,"href":"https:\/\/turisme.dival.es\/ca\/wp-json\/wp\/v2\/comments?post=127396"}],"version-history":[{"count":0,"href":"https:\/\/turisme.dival.es\/ca\/wp-json\/wp\/v2\/posts\/127396\/revisions"}],"wp:featuredmedia":[{"embeddable":true,"href":"https:\/\/turisme.dival.es\/ca\/wp-json\/wp\/v2\/media\/15834"}],"wp:attachment":[{"href":"https:\/\/turisme.dival.es\/ca\/wp-json\/wp\/v2\/media?parent=127396"}],"wp:term":[{"taxonomy":"category","embeddable":true,"href":"https:\/\/turisme.dival.es\/ca\/wp-json\/wp\/v2\/categories?post=127396"},{"taxonomy":"post_tag","embeddable":true,"href":"https:\/\/turisme.dival.es\/ca\/wp-json\/wp\/v2\/tags?post=127396"}],"curies":[{"name":"wp","href":"https:\/\/api.w.org\/{rel}","templated":true}]}}