{"id":127328,"date":"2013-08-16T15:00:03","date_gmt":"2013-08-16T15:00:03","guid":{"rendered":"https:\/\/turisme.dival.es\/un-recorrido-por-el-gotico-valenciano\/"},"modified":"2024-05-04T05:19:30","modified_gmt":"2024-05-04T05:19:30","slug":"un-recorrido-por-el-gotico-valenciano","status":"publish","type":"post","link":"https:\/\/turisme.dival.es\/ca\/un-recorrido-por-el-gotico-valenciano\/","title":{"rendered":"Un recorrido por el g\u00f3tico valenciano"},"content":{"rendered":"<p>La\u00a0arquitectura g\u00f3tica\u00a0se difundi\u00f3\u00a0en\u00a0Espa\u00f1a a finales del\u00a0siglo XII con relativa rapidez desde su nacimiento en Francia, aunque su consolidaci\u00f3n fue paulatina. En la provincia de Valencia este arte fue denominado <strong>&#8216;arquitectura g\u00f3tica mediterr\u00e1nea&#8217;<\/strong> que, junto al desarrollado en Catalu\u00f1a y Baleares, transmit\u00edan una fuerte personalidad diferenciada del g\u00f3tico castellano. \u00c9sta fue \u00e9poca de construcci\u00f3n de iglesias, principalmente, que presentaban caracter\u00edsticas en com\u00fan, como son la sencillez y los espacios abiertos.<\/p>\n<p>Aunque la arquitectura g\u00f3tica cl\u00e1sica francesa se asociaba a ambientes m\u00e1s norte\u00f1os y poco luminosos por lo general; <strong>en el mundo mediterr\u00e1neo, mar\u00edtimo y soleado floreci\u00f3 una expresi\u00f3n g\u00f3tica particular y distinta.<\/strong> Esta arquitectura g\u00f3tica aragonesa y mediterr\u00e1nea comparte con el gran g\u00f3tico europeo las estructuras abovedadas con crucer\u00eda, pero la disposici\u00f3n espacial es muy diferente.<\/p>\n<p>Un ejemplo de este arte lo encontramos en la comarca de la Safor, en una ruta que une con el interior de la Vall D&#8217;Albaida y La Costera, a unos pocos kil\u00f3metros de la <a title=\"ciudad de Gand\u00eda\" href=\"http:\/\/blog.valenciaterraimar.org\/index.php\/2013\/08\/cultura-y-ocio-en-gandia\/\" target=\"_blank\" rel=\"noopener\">ciudad de Gand\u00eda<\/a>. Junto a los municipios de R\u00f2tova y Alfauir encontramos <strong>el Monasterio de Sant Jeroni de Cotalba<\/strong> un edificio fundado en el siglo XIV donde se alojaron durante a\u00f1os diferentes reyes. Merece la pena visitar este impresionante lugar que conserv\u00f3 su funci\u00f3n de monasterio hasta el siglo XIX y nos presenta un trozo de la historia de la provincia.<\/p>\n<p>Tambi\u00e9n en la comarca de la Safor se erige <strong>el <a title=\"Monasterio de Santa Maria de la Valldigna\" href=\"http:\/\/blog.valenciaterraimar.org\/index.php\/2013\/08\/monasterio-de-santa-maria-de-la-valldigna-joya-arquitectonica\/\" target=\"_blank\" rel=\"noopener\">Monasterio de Santa Mar\u00eda de la Valldigna<\/a><\/strong> fundado por Jaume II \u2018el Just\u2019 y cuya primera fase de construcci\u00f3n, en torno al siglo XIV, es esencialmente g\u00f3tica.<\/p>\n<p><a href=\"http:\/\/blog.valenciaterraimar.org\/index.php\/2013\/08\/un-recorrido-por-el-gotico-valenciano\/monestir-de-porta-coeli\/\" rel=\"attachment wp-att-1678\"><img loading=\"lazy\" decoding=\"async\" class=\"aligncenter size-large wp-image-1678\" alt=\"Cartuja de Porta Coeli\" src=\"http:\/\/blog.valenciaterraimar.org\/wp-content\/uploads\/2013\/09\/Monestir-de-Porta-Coeli-630x426.jpg\" width=\"630\" height=\"426\" \/><\/a><\/p>\n<p>Otro lugar s\u00edmbolo de este estilo es <strong>la Cartuja de Porta Coeli<\/strong> &#8211; Puerta del \u00a0Cielo &#8211; que, ubicada a los pies de la sierra de N\u00e1quera, se construy\u00f3 en la peque\u00f1a poblaci\u00f3n de Serra. Se trata de la primera cartuja construida en el &#8216;reino de Valencia&#8217; y la tercera en la &#8216;Corona de Arag\u00f3n&#8217;. \u00c9sta supone una de las joyas arquitect\u00f3nicas m\u00e1s desconocidas de la provincia, puesto que es muy dif\u00edcil adentrarse en ella y visitarla. La iglesia de origen g\u00f3tico y estilo neocl\u00e1sico contiene, adem\u00e1s de cuatro claustros, un acueducto que transporta agua hasta el edificio.<br \/>\n<!--more--><br \/>\nToda una ruta de monasterios y edificaciones para descubrir de primera mano el arte g\u00f3tico valenciano y <strong>adentrarnos en la historia de la provincia<\/strong> de forma curiosa y activa.<\/p>\n<p>Foto 1: <a title=\"Wikipedia\" href=\"http:\/\/commons.wikimedia.org\/wiki\/File:SantJeroniClaustreEscala06.jpg\" target=\"_blank\" rel=\"noopener\">Wikipedia<\/a><\/p>\n<p>Foto 2: <a title=\"Wikipedia\" href=\"http:\/\/commons.wikimedia.org\/wiki\/File:Monestir_de_Porta_Coeli.jpg\" target=\"_blank\" rel=\"noopener\">Wikipedia<\/a><\/p>\n","protected":false},"excerpt":{"rendered":"<p>La\u00a0arquitectura g\u00f3tica\u00a0se difundi\u00f3\u00a0en\u00a0Espa\u00f1a a finales del\u00a0siglo XII con relativa rapidez desde su nacimiento en Francia, aunque su consolidaci\u00f3n fue paulatina. En la provincia de Valencia este arte fue denominado &#8216;arquitectura g\u00f3tica mediterr\u00e1nea&#8217; que, junto al desarrollado en Catalu\u00f1a y Baleares, transmit\u00edan una fuerte personalidad diferenciada del g\u00f3tico castellano. \u00c9sta fue \u00e9poca de construcci\u00f3n de iglesias, [&hellip;]<\/p>\n","protected":false},"author":1,"featured_media":13265,"comment_status":"open","ping_status":"open","sticky":false,"template":"","format":"standard","meta":{"_acf_changed":false,"_et_pb_use_builder":"","_et_pb_old_content":"","_et_gb_content_width":"","footnotes":""},"categories":[1951,1940,1941],"tags":[],"class_list":["post-127328","post","type-post","status-publish","format-standard","has-post-thumbnail","hentry","category-entrades","category-cultura","category-festes-i-oci"],"acf":{"destacado":false},"yoast_head":"<!-- This site is optimized with the Yoast SEO plugin v23.0 - https:\/\/yoast.com\/wordpress\/plugins\/seo\/ -->\n<title>Un recorrido por el g\u00f3tico valenciano &#060; Valencia Turismo<\/title>\n<meta name=\"robots\" content=\"index, follow, max-snippet:-1, max-image-preview:large, max-video-preview:-1\" \/>\n<link rel=\"canonical\" href=\"https:\/\/turisme.dival.es\/ca\/un-recorrido-por-el-gotico-valenciano\/\" \/>\n<meta property=\"og:locale\" content=\"en_US\" \/>\n<meta property=\"og:type\" content=\"article\" \/>\n<meta property=\"og:title\" content=\"Un recorrido por el g\u00f3tico valenciano &#060; Valencia Turismo\" \/>\n<meta property=\"og:description\" content=\"La\u00a0arquitectura g\u00f3tica\u00a0se difundi\u00f3\u00a0en\u00a0Espa\u00f1a a finales del\u00a0siglo XII con relativa rapidez desde su nacimiento en Francia, aunque su consolidaci\u00f3n fue paulatina. En la provincia de Valencia este arte fue denominado &#8216;arquitectura g\u00f3tica mediterr\u00e1nea&#8217; que, junto al desarrollado en Catalu\u00f1a y Baleares, transmit\u00edan una fuerte personalidad diferenciada del g\u00f3tico castellano. \u00c9sta fue \u00e9poca de construcci\u00f3n de iglesias, [&hellip;]\" \/>\n<meta property=\"og:url\" content=\"https:\/\/turisme.dival.es\/ca\/un-recorrido-por-el-gotico-valenciano\/\" \/>\n<meta property=\"og:site_name\" content=\"Valencia Turismo\" \/>\n<meta property=\"article:published_time\" content=\"2013-08-16T15:00:03+00:00\" \/>\n<meta property=\"article:modified_time\" content=\"2024-05-04T05:19:30+00:00\" \/>\n<meta property=\"og:image\" content=\"https:\/\/turisme.dival.es\/wp-content\/uploads\/2021\/09\/Monasterio-Sant-Jeroni.jpg\" \/>\n\t<meta property=\"og:image:width\" content=\"800\" \/>\n\t<meta property=\"og:image:height\" content=\"600\" \/>\n\t<meta property=\"og:image:type\" content=\"image\/jpeg\" \/>\n<meta name=\"author\" content=\"Val\u00e8ncia Turisme\" \/>\n<meta name=\"twitter:card\" content=\"summary_large_image\" \/>\n<meta name=\"twitter:label1\" content=\"Written by\" \/>\n\t<meta name=\"twitter:data1\" content=\"Val\u00e8ncia Turisme\" \/>\n\t<meta name=\"twitter:label2\" content=\"Est. reading time\" \/>\n\t<meta name=\"twitter:data2\" content=\"2 minutes\" \/>\n<script type=\"application\/ld+json\" class=\"yoast-schema-graph\">{\"@context\":\"https:\/\/schema.org\",\"@graph\":[{\"@type\":\"WebPage\",\"@id\":\"https:\/\/turisme.dival.es\/ca\/un-recorrido-por-el-gotico-valenciano\/\",\"url\":\"https:\/\/turisme.dival.es\/ca\/un-recorrido-por-el-gotico-valenciano\/\",\"name\":\"Un recorrido por el g\u00f3tico valenciano &#060; Valencia Turismo\",\"isPartOf\":{\"@id\":\"https:\/\/turisme.dival.es\/#website\"},\"primaryImageOfPage\":{\"@id\":\"https:\/\/turisme.dival.es\/ca\/un-recorrido-por-el-gotico-valenciano\/#primaryimage\"},\"image\":{\"@id\":\"https:\/\/turisme.dival.es\/ca\/un-recorrido-por-el-gotico-valenciano\/#primaryimage\"},\"thumbnailUrl\":\"https:\/\/turisme.dival.es\/wp-content\/uploads\/2021\/09\/Monasterio-Sant-Jeroni.jpg\",\"datePublished\":\"2013-08-16T15:00:03+00:00\",\"dateModified\":\"2024-05-04T05:19:30+00:00\",\"author\":{\"@id\":\"https:\/\/turisme.dival.es\/#\/schema\/person\/3e0b7dd59fafb4560a54b9a4940574f4\"},\"inLanguage\":\"vl\",\"potentialAction\":[{\"@type\":\"ReadAction\",\"target\":[\"https:\/\/turisme.dival.es\/ca\/un-recorrido-por-el-gotico-valenciano\/\"]}]},{\"@type\":\"ImageObject\",\"inLanguage\":\"vl\",\"@id\":\"https:\/\/turisme.dival.es\/ca\/un-recorrido-por-el-gotico-valenciano\/#primaryimage\",\"url\":\"https:\/\/turisme.dival.es\/wp-content\/uploads\/2021\/09\/Monasterio-Sant-Jeroni.jpg\",\"contentUrl\":\"https:\/\/turisme.dival.es\/wp-content\/uploads\/2021\/09\/Monasterio-Sant-Jeroni.jpg\",\"width\":800,\"height\":600,\"caption\":\"|\"},{\"@type\":\"WebSite\",\"@id\":\"https:\/\/turisme.dival.es\/#website\",\"url\":\"https:\/\/turisme.dival.es\/\",\"name\":\"valenciaturismo.com.mialias.net\",\"description\":\"\",\"potentialAction\":[{\"@type\":\"SearchAction\",\"target\":{\"@type\":\"EntryPoint\",\"urlTemplate\":\"https:\/\/turisme.dival.es\/?s={search_term_string}\"},\"query-input\":\"required name=search_term_string\"}],\"inLanguage\":\"vl\"},{\"@type\":\"Person\",\"@id\":\"https:\/\/turisme.dival.es\/#\/schema\/person\/3e0b7dd59fafb4560a54b9a4940574f4\",\"name\":\"Val\u00e8ncia Turisme\",\"image\":{\"@type\":\"ImageObject\",\"inLanguage\":\"vl\",\"@id\":\"https:\/\/turisme.dival.es\/#\/schema\/person\/image\/\",\"url\":\"https:\/\/secure.gravatar.com\/avatar\/0e9af38f68e5d55d0728b298890449252967999842654f5245c679ec46532ee9?s=96&d=mm&r=g\",\"contentUrl\":\"https:\/\/secure.gravatar.com\/avatar\/0e9af38f68e5d55d0728b298890449252967999842654f5245c679ec46532ee9?s=96&d=mm&r=g\",\"caption\":\"Val\u00e8ncia Turisme\"},\"sameAs\":[\"https:\/\/turisme.dival.es\"]}]}<\/script>\n<!-- \/ Yoast SEO plugin. -->","yoast_head_json":{"title":"Un recorrido por el g\u00f3tico valenciano &#060; Valencia Turismo","robots":{"index":"index","follow":"follow","max-snippet":"max-snippet:-1","max-image-preview":"max-image-preview:large","max-video-preview":"max-video-preview:-1"},"canonical":"https:\/\/turisme.dival.es\/ca\/un-recorrido-por-el-gotico-valenciano\/","og_locale":"en_US","og_type":"article","og_title":"Un recorrido por el g\u00f3tico valenciano &#060; Valencia Turismo","og_description":"La\u00a0arquitectura g\u00f3tica\u00a0se difundi\u00f3\u00a0en\u00a0Espa\u00f1a a finales del\u00a0siglo XII con relativa rapidez desde su nacimiento en Francia, aunque su consolidaci\u00f3n fue paulatina. En la provincia de Valencia este arte fue denominado &#8216;arquitectura g\u00f3tica mediterr\u00e1nea&#8217; que, junto al desarrollado en Catalu\u00f1a y Baleares, transmit\u00edan una fuerte personalidad diferenciada del g\u00f3tico castellano. \u00c9sta fue \u00e9poca de construcci\u00f3n de iglesias, [&hellip;]","og_url":"https:\/\/turisme.dival.es\/ca\/un-recorrido-por-el-gotico-valenciano\/","og_site_name":"Valencia Turismo","article_published_time":"2013-08-16T15:00:03+00:00","article_modified_time":"2024-05-04T05:19:30+00:00","og_image":[{"width":800,"height":600,"url":"https:\/\/turisme.dival.es\/wp-content\/uploads\/2021\/09\/Monasterio-Sant-Jeroni.jpg","type":"image\/jpeg"}],"author":"Val\u00e8ncia Turisme","twitter_card":"summary_large_image","twitter_misc":{"Written by":"Val\u00e8ncia Turisme","Est. reading time":"2 minutes"},"schema":{"@context":"https:\/\/schema.org","@graph":[{"@type":"WebPage","@id":"https:\/\/turisme.dival.es\/ca\/un-recorrido-por-el-gotico-valenciano\/","url":"https:\/\/turisme.dival.es\/ca\/un-recorrido-por-el-gotico-valenciano\/","name":"Un recorrido por el g\u00f3tico valenciano &#060; Valencia Turismo","isPartOf":{"@id":"https:\/\/turisme.dival.es\/#website"},"primaryImageOfPage":{"@id":"https:\/\/turisme.dival.es\/ca\/un-recorrido-por-el-gotico-valenciano\/#primaryimage"},"image":{"@id":"https:\/\/turisme.dival.es\/ca\/un-recorrido-por-el-gotico-valenciano\/#primaryimage"},"thumbnailUrl":"https:\/\/turisme.dival.es\/wp-content\/uploads\/2021\/09\/Monasterio-Sant-Jeroni.jpg","datePublished":"2013-08-16T15:00:03+00:00","dateModified":"2024-05-04T05:19:30+00:00","author":{"@id":"https:\/\/turisme.dival.es\/#\/schema\/person\/3e0b7dd59fafb4560a54b9a4940574f4"},"inLanguage":"vl","potentialAction":[{"@type":"ReadAction","target":["https:\/\/turisme.dival.es\/ca\/un-recorrido-por-el-gotico-valenciano\/"]}]},{"@type":"ImageObject","inLanguage":"vl","@id":"https:\/\/turisme.dival.es\/ca\/un-recorrido-por-el-gotico-valenciano\/#primaryimage","url":"https:\/\/turisme.dival.es\/wp-content\/uploads\/2021\/09\/Monasterio-Sant-Jeroni.jpg","contentUrl":"https:\/\/turisme.dival.es\/wp-content\/uploads\/2021\/09\/Monasterio-Sant-Jeroni.jpg","width":800,"height":600,"caption":"|"},{"@type":"WebSite","@id":"https:\/\/turisme.dival.es\/#website","url":"https:\/\/turisme.dival.es\/","name":"valenciaturismo.com.mialias.net","description":"","potentialAction":[{"@type":"SearchAction","target":{"@type":"EntryPoint","urlTemplate":"https:\/\/turisme.dival.es\/?s={search_term_string}"},"query-input":"required name=search_term_string"}],"inLanguage":"vl"},{"@type":"Person","@id":"https:\/\/turisme.dival.es\/#\/schema\/person\/3e0b7dd59fafb4560a54b9a4940574f4","name":"Val\u00e8ncia Turisme","image":{"@type":"ImageObject","inLanguage":"vl","@id":"https:\/\/turisme.dival.es\/#\/schema\/person\/image\/","url":"https:\/\/secure.gravatar.com\/avatar\/0e9af38f68e5d55d0728b298890449252967999842654f5245c679ec46532ee9?s=96&d=mm&r=g","contentUrl":"https:\/\/secure.gravatar.com\/avatar\/0e9af38f68e5d55d0728b298890449252967999842654f5245c679ec46532ee9?s=96&d=mm&r=g","caption":"Val\u00e8ncia Turisme"},"sameAs":["https:\/\/turisme.dival.es"]}]}},"_links":{"self":[{"href":"https:\/\/turisme.dival.es\/ca\/wp-json\/wp\/v2\/posts\/127328","targetHints":{"allow":["GET"]}}],"collection":[{"href":"https:\/\/turisme.dival.es\/ca\/wp-json\/wp\/v2\/posts"}],"about":[{"href":"https:\/\/turisme.dival.es\/ca\/wp-json\/wp\/v2\/types\/post"}],"author":[{"embeddable":true,"href":"https:\/\/turisme.dival.es\/ca\/wp-json\/wp\/v2\/users\/1"}],"replies":[{"embeddable":true,"href":"https:\/\/turisme.dival.es\/ca\/wp-json\/wp\/v2\/comments?post=127328"}],"version-history":[{"count":1,"href":"https:\/\/turisme.dival.es\/ca\/wp-json\/wp\/v2\/posts\/127328\/revisions"}],"predecessor-version":[{"id":127329,"href":"https:\/\/turisme.dival.es\/ca\/wp-json\/wp\/v2\/posts\/127328\/revisions\/127329"}],"wp:featuredmedia":[{"embeddable":true,"href":"https:\/\/turisme.dival.es\/ca\/wp-json\/wp\/v2\/media\/13265"}],"wp:attachment":[{"href":"https:\/\/turisme.dival.es\/ca\/wp-json\/wp\/v2\/media?parent=127328"}],"wp:term":[{"taxonomy":"category","embeddable":true,"href":"https:\/\/turisme.dival.es\/ca\/wp-json\/wp\/v2\/categories?post=127328"},{"taxonomy":"post_tag","embeddable":true,"href":"https:\/\/turisme.dival.es\/ca\/wp-json\/wp\/v2\/tags?post=127328"}],"curies":[{"name":"wp","href":"https:\/\/api.w.org\/{rel}","templated":true}]}}