{"id":127301,"date":"2013-08-08T10:28:40","date_gmt":"2013-08-08T10:28:40","guid":{"rendered":"https:\/\/turisme.dival.es\/los-mejores-mercadillos-artesanales-en-verano\/"},"modified":"2013-08-08T10:28:40","modified_gmt":"2013-08-08T10:28:40","slug":"los-mejores-mercadillos-artesanales-en-verano","status":"publish","type":"post","link":"https:\/\/turisme.dival.es\/ca\/los-mejores-mercadillos-artesanales-en-verano\/","title":{"rendered":"Los mejores mercadillos artesanales en verano"},"content":{"rendered":"<p>Los pueblos valencianos retoman este verano sus ya populares mercados artesanales que durante unos d\u00edas inundan las calles con olores y m\u00fasicas tradicionales. El objetivo principal de estos <strong>mercadillos<\/strong> es ofrecer tanto a los habitantes del pueblo como a los turistas un espacio en el que encontrar productos hechos a mano durante los d\u00edas que permanezca y ampliar as\u00ed la oferta de <strong>actividades de verano<\/strong>.<\/p>\n<p>Desde bisuter\u00eda y accesorios hasta jabones e inciensos, pasando por productos de decoraci\u00f3n. Toda una amplia variedad de art\u00edculos hechos a mano que no encontrar\u00e1s en ning\u00fan otro sitio. Y \u00e9sta es precisamente una de las ventajas de los zocos porque la mayor\u00eda de las veces aquello que venden es exclusivo del vendedor. La cercan\u00eda con el comerciante es otro punto a favor que aumenta la confianza en el cliente y mejora la experiencia.<\/p>\n<p>Adem\u00e1s, estos conjuntos de tenderetes suelen incluir alg\u00fan espect\u00e1culo tradicional que ambienta y recrea a\u00fan m\u00e1s el entorno. Si a esto le unimos que los puestos est\u00e1n decorados y los vendedores suelen ir ataviados con vestimentas de otras \u00e9pocas, seguro que tendremos la sensaci\u00f3n de estar transport\u00e1ndonos a otra \u00e9poca. Toda una atm\u00f3sfera que permite al visitante pasar un rato agradable haciendo algo diferente y, sobre todo, descubriendo nuevas cosas.<\/p>\n<p>Durante todo el verano varios pueblos de la provincia de Valencia acoger\u00e1n durante unos d\u00edas un artesanal <strong>mercadito medieval<\/strong>, el cual tambi\u00e9n recorrer\u00e1 cientos de pueblos de toda la pen\u00ednsula. Ejemplos como los de la <strong>playa de Puzol<\/strong>, concretamente del 10 al 15 de agosto.<\/p>\n<p><!--more-->En <a href=\"http:\/\/blog.valenciaterraimar.org\/index.php\/2013\/08\/vive-las-fiestas-de-verano-de-siete-aguas\/\" target=\"_blank\" rel=\"noopener\"><strong>Siete Aguas<\/strong><\/a>, un municipio ubicado en el interior de la provincia, se instalar\u00e1 otra feria el d\u00eda 9 de agosto y estar\u00e1 disponible hasta el 11 del mismo mes. Durante estos tres d\u00edas se promover\u00e1 con especial inter\u00e9s la artesan\u00eda propia de calidad, facilitando la labor a todos aquellos creadores manuales que quieran exponer sus productos.<\/p>\n<p>Un poco m\u00e1s al sur, en el<strong> Perellonet de Valencia<\/strong> habr\u00e1 otro conjunto artesanal que abrir\u00e1 sus puertas el 14 de agosto y se prolongar\u00e1 durante 4 d\u00edas m\u00e1s con m\u00fasica, ambientaci\u00f3n y los mejores g\u00e9neros caseros garantizados.<\/p>\n<p>Podr\u00edamos seguir enumerando todos los mercadillos, pero eso implicar\u00eda una extensa lista. Sin embargo, recomendamos a todo aquel que tenga oportunidad a que se pase por uno de estos mercadillos que, sin duda, sorprender\u00e1 a m\u00e1s de uno.<\/p>\n<p>Foto \/ <a href=\"http:\/\/www.flickr.com\/photos\/darinka\/116072059\/sizes\/o\/in\/photostream\/\" target=\"_blank\" rel=\"noopener\">Maja Majica<\/a><\/p>\n","protected":false},"excerpt":{"rendered":"<p>Los pueblos valencianos retoman este verano sus ya populares mercados artesanales que durante unos d\u00edas inundan las calles con olores y m\u00fasicas tradicionales. El objetivo principal de estos mercadillos es ofrecer tanto a los habitantes del pueblo como a los turistas un espacio en el que encontrar productos hechos a mano durante los d\u00edas que [&hellip;]<\/p>\n","protected":false},"author":1,"featured_media":13202,"comment_status":"open","ping_status":"open","sticky":false,"template":"","format":"standard","meta":{"_acf_changed":false,"_et_pb_use_builder":"","_et_pb_old_content":"","_et_gb_content_width":"","footnotes":""},"categories":[1951,1940,1941],"tags":[],"class_list":["post-127301","post","type-post","status-publish","format-standard","has-post-thumbnail","hentry","category-entrades","category-cultura","category-festes-i-oci"],"acf":{"destacado":false},"yoast_head":"<!-- This site is optimized with the Yoast SEO plugin v23.0 - https:\/\/yoast.com\/wordpress\/plugins\/seo\/ -->\n<title>Los mejores mercadillos artesanales en verano &#060; Valencia Turismo<\/title>\n<meta name=\"robots\" content=\"index, follow, max-snippet:-1, max-image-preview:large, max-video-preview:-1\" \/>\n<link rel=\"canonical\" href=\"https:\/\/turisme.dival.es\/ca\/los-mejores-mercadillos-artesanales-en-verano\/\" \/>\n<meta property=\"og:locale\" content=\"en_US\" \/>\n<meta property=\"og:type\" content=\"article\" \/>\n<meta property=\"og:title\" content=\"Los mejores mercadillos artesanales en verano &#060; Valencia Turismo\" \/>\n<meta property=\"og:description\" content=\"Los pueblos valencianos retoman este verano sus ya populares mercados artesanales que durante unos d\u00edas inundan las calles con olores y m\u00fasicas tradicionales. El objetivo principal de estos mercadillos es ofrecer tanto a los habitantes del pueblo como a los turistas un espacio en el que encontrar productos hechos a mano durante los d\u00edas que [&hellip;]\" \/>\n<meta property=\"og:url\" content=\"https:\/\/turisme.dival.es\/ca\/los-mejores-mercadillos-artesanales-en-verano\/\" \/>\n<meta property=\"og:site_name\" content=\"Valencia Turismo\" \/>\n<meta property=\"article:published_time\" content=\"2013-08-08T10:28:40+00:00\" \/>\n<meta property=\"og:image\" content=\"https:\/\/turisme.dival.es\/wp-content\/uploads\/2021\/09\/mercadillo-hippy.jpg\" \/>\n\t<meta property=\"og:image:width\" content=\"890\" \/>\n\t<meta property=\"og:image:height\" content=\"594\" \/>\n\t<meta property=\"og:image:type\" content=\"image\/jpeg\" \/>\n<meta name=\"author\" content=\"Val\u00e8ncia Turisme\" \/>\n<meta name=\"twitter:card\" content=\"summary_large_image\" \/>\n<meta name=\"twitter:label1\" content=\"Written by\" \/>\n\t<meta name=\"twitter:data1\" content=\"Val\u00e8ncia Turisme\" \/>\n\t<meta name=\"twitter:label2\" content=\"Est. reading time\" \/>\n\t<meta name=\"twitter:data2\" content=\"2 minutes\" \/>\n<script type=\"application\/ld+json\" class=\"yoast-schema-graph\">{\"@context\":\"https:\/\/schema.org\",\"@graph\":[{\"@type\":\"WebPage\",\"@id\":\"https:\/\/turisme.dival.es\/ca\/los-mejores-mercadillos-artesanales-en-verano\/\",\"url\":\"https:\/\/turisme.dival.es\/ca\/los-mejores-mercadillos-artesanales-en-verano\/\",\"name\":\"Los mejores mercadillos artesanales en verano &#060; Valencia Turismo\",\"isPartOf\":{\"@id\":\"https:\/\/turisme.dival.es\/#website\"},\"primaryImageOfPage\":{\"@id\":\"https:\/\/turisme.dival.es\/ca\/los-mejores-mercadillos-artesanales-en-verano\/#primaryimage\"},\"image\":{\"@id\":\"https:\/\/turisme.dival.es\/ca\/los-mejores-mercadillos-artesanales-en-verano\/#primaryimage\"},\"thumbnailUrl\":\"https:\/\/turisme.dival.es\/wp-content\/uploads\/2021\/09\/mercadillo-hippy.jpg\",\"datePublished\":\"2013-08-08T10:28:40+00:00\",\"dateModified\":\"2013-08-08T10:28:40+00:00\",\"author\":{\"@id\":\"https:\/\/turisme.dival.es\/#\/schema\/person\/3e0b7dd59fafb4560a54b9a4940574f4\"},\"inLanguage\":\"vl\",\"potentialAction\":[{\"@type\":\"ReadAction\",\"target\":[\"https:\/\/turisme.dival.es\/ca\/los-mejores-mercadillos-artesanales-en-verano\/\"]}]},{\"@type\":\"ImageObject\",\"inLanguage\":\"vl\",\"@id\":\"https:\/\/turisme.dival.es\/ca\/los-mejores-mercadillos-artesanales-en-verano\/#primaryimage\",\"url\":\"https:\/\/turisme.dival.es\/wp-content\/uploads\/2021\/09\/mercadillo-hippy.jpg\",\"contentUrl\":\"https:\/\/turisme.dival.es\/wp-content\/uploads\/2021\/09\/mercadillo-hippy.jpg\",\"width\":890,\"height\":594},{\"@type\":\"WebSite\",\"@id\":\"https:\/\/turisme.dival.es\/#website\",\"url\":\"https:\/\/turisme.dival.es\/\",\"name\":\"valenciaturismo.com.mialias.net\",\"description\":\"\",\"potentialAction\":[{\"@type\":\"SearchAction\",\"target\":{\"@type\":\"EntryPoint\",\"urlTemplate\":\"https:\/\/turisme.dival.es\/?s={search_term_string}\"},\"query-input\":\"required name=search_term_string\"}],\"inLanguage\":\"vl\"},{\"@type\":\"Person\",\"@id\":\"https:\/\/turisme.dival.es\/#\/schema\/person\/3e0b7dd59fafb4560a54b9a4940574f4\",\"name\":\"Val\u00e8ncia Turisme\",\"image\":{\"@type\":\"ImageObject\",\"inLanguage\":\"vl\",\"@id\":\"https:\/\/turisme.dival.es\/#\/schema\/person\/image\/\",\"url\":\"https:\/\/secure.gravatar.com\/avatar\/0e9af38f68e5d55d0728b298890449252967999842654f5245c679ec46532ee9?s=96&d=mm&r=g\",\"contentUrl\":\"https:\/\/secure.gravatar.com\/avatar\/0e9af38f68e5d55d0728b298890449252967999842654f5245c679ec46532ee9?s=96&d=mm&r=g\",\"caption\":\"Val\u00e8ncia Turisme\"},\"sameAs\":[\"https:\/\/turisme.dival.es\"]}]}<\/script>\n<!-- \/ Yoast SEO plugin. -->","yoast_head_json":{"title":"Los mejores mercadillos artesanales en verano &#060; Valencia Turismo","robots":{"index":"index","follow":"follow","max-snippet":"max-snippet:-1","max-image-preview":"max-image-preview:large","max-video-preview":"max-video-preview:-1"},"canonical":"https:\/\/turisme.dival.es\/ca\/los-mejores-mercadillos-artesanales-en-verano\/","og_locale":"en_US","og_type":"article","og_title":"Los mejores mercadillos artesanales en verano &#060; Valencia Turismo","og_description":"Los pueblos valencianos retoman este verano sus ya populares mercados artesanales que durante unos d\u00edas inundan las calles con olores y m\u00fasicas tradicionales. El objetivo principal de estos mercadillos es ofrecer tanto a los habitantes del pueblo como a los turistas un espacio en el que encontrar productos hechos a mano durante los d\u00edas que [&hellip;]","og_url":"https:\/\/turisme.dival.es\/ca\/los-mejores-mercadillos-artesanales-en-verano\/","og_site_name":"Valencia Turismo","article_published_time":"2013-08-08T10:28:40+00:00","og_image":[{"width":890,"height":594,"url":"https:\/\/turisme.dival.es\/wp-content\/uploads\/2021\/09\/mercadillo-hippy.jpg","type":"image\/jpeg"}],"author":"Val\u00e8ncia Turisme","twitter_card":"summary_large_image","twitter_misc":{"Written by":"Val\u00e8ncia Turisme","Est. reading time":"2 minutes"},"schema":{"@context":"https:\/\/schema.org","@graph":[{"@type":"WebPage","@id":"https:\/\/turisme.dival.es\/ca\/los-mejores-mercadillos-artesanales-en-verano\/","url":"https:\/\/turisme.dival.es\/ca\/los-mejores-mercadillos-artesanales-en-verano\/","name":"Los mejores mercadillos artesanales en verano &#060; Valencia Turismo","isPartOf":{"@id":"https:\/\/turisme.dival.es\/#website"},"primaryImageOfPage":{"@id":"https:\/\/turisme.dival.es\/ca\/los-mejores-mercadillos-artesanales-en-verano\/#primaryimage"},"image":{"@id":"https:\/\/turisme.dival.es\/ca\/los-mejores-mercadillos-artesanales-en-verano\/#primaryimage"},"thumbnailUrl":"https:\/\/turisme.dival.es\/wp-content\/uploads\/2021\/09\/mercadillo-hippy.jpg","datePublished":"2013-08-08T10:28:40+00:00","dateModified":"2013-08-08T10:28:40+00:00","author":{"@id":"https:\/\/turisme.dival.es\/#\/schema\/person\/3e0b7dd59fafb4560a54b9a4940574f4"},"inLanguage":"vl","potentialAction":[{"@type":"ReadAction","target":["https:\/\/turisme.dival.es\/ca\/los-mejores-mercadillos-artesanales-en-verano\/"]}]},{"@type":"ImageObject","inLanguage":"vl","@id":"https:\/\/turisme.dival.es\/ca\/los-mejores-mercadillos-artesanales-en-verano\/#primaryimage","url":"https:\/\/turisme.dival.es\/wp-content\/uploads\/2021\/09\/mercadillo-hippy.jpg","contentUrl":"https:\/\/turisme.dival.es\/wp-content\/uploads\/2021\/09\/mercadillo-hippy.jpg","width":890,"height":594},{"@type":"WebSite","@id":"https:\/\/turisme.dival.es\/#website","url":"https:\/\/turisme.dival.es\/","name":"valenciaturismo.com.mialias.net","description":"","potentialAction":[{"@type":"SearchAction","target":{"@type":"EntryPoint","urlTemplate":"https:\/\/turisme.dival.es\/?s={search_term_string}"},"query-input":"required name=search_term_string"}],"inLanguage":"vl"},{"@type":"Person","@id":"https:\/\/turisme.dival.es\/#\/schema\/person\/3e0b7dd59fafb4560a54b9a4940574f4","name":"Val\u00e8ncia Turisme","image":{"@type":"ImageObject","inLanguage":"vl","@id":"https:\/\/turisme.dival.es\/#\/schema\/person\/image\/","url":"https:\/\/secure.gravatar.com\/avatar\/0e9af38f68e5d55d0728b298890449252967999842654f5245c679ec46532ee9?s=96&d=mm&r=g","contentUrl":"https:\/\/secure.gravatar.com\/avatar\/0e9af38f68e5d55d0728b298890449252967999842654f5245c679ec46532ee9?s=96&d=mm&r=g","caption":"Val\u00e8ncia Turisme"},"sameAs":["https:\/\/turisme.dival.es"]}]}},"_links":{"self":[{"href":"https:\/\/turisme.dival.es\/ca\/wp-json\/wp\/v2\/posts\/127301","targetHints":{"allow":["GET"]}}],"collection":[{"href":"https:\/\/turisme.dival.es\/ca\/wp-json\/wp\/v2\/posts"}],"about":[{"href":"https:\/\/turisme.dival.es\/ca\/wp-json\/wp\/v2\/types\/post"}],"author":[{"embeddable":true,"href":"https:\/\/turisme.dival.es\/ca\/wp-json\/wp\/v2\/users\/1"}],"replies":[{"embeddable":true,"href":"https:\/\/turisme.dival.es\/ca\/wp-json\/wp\/v2\/comments?post=127301"}],"version-history":[{"count":0,"href":"https:\/\/turisme.dival.es\/ca\/wp-json\/wp\/v2\/posts\/127301\/revisions"}],"wp:featuredmedia":[{"embeddable":true,"href":"https:\/\/turisme.dival.es\/ca\/wp-json\/wp\/v2\/media\/13202"}],"wp:attachment":[{"href":"https:\/\/turisme.dival.es\/ca\/wp-json\/wp\/v2\/media?parent=127301"}],"wp:term":[{"taxonomy":"category","embeddable":true,"href":"https:\/\/turisme.dival.es\/ca\/wp-json\/wp\/v2\/categories?post=127301"},{"taxonomy":"post_tag","embeddable":true,"href":"https:\/\/turisme.dival.es\/ca\/wp-json\/wp\/v2\/tags?post=127301"}],"curies":[{"name":"wp","href":"https:\/\/api.w.org\/{rel}","templated":true}]}}