{"id":127270,"date":"2013-08-09T07:39:21","date_gmt":"2013-08-09T07:39:21","guid":{"rendered":"https:\/\/turisme.dival.es\/monasterio-de-santa-maria-de-la-valldigna-joya-arquitectonica\/"},"modified":"2013-08-09T07:39:21","modified_gmt":"2013-08-09T07:39:21","slug":"monasterio-de-santa-maria-de-la-valldigna-joya-arquitectonica","status":"publish","type":"post","link":"https:\/\/turisme.dival.es\/ca\/monasterio-de-santa-maria-de-la-valldigna-joya-arquitectonica\/","title":{"rendered":"Monasterio de Santa Maria de la Valldigna, joya arquitect\u00f3nica"},"content":{"rendered":"<p>Vigilada por las sierras de Corbera y el Mond\u00faver se extiende la subcomarca natural <strong>de la Valldigna, que abraza las localidades de Tavernes, Simat, Benifair\u00f3 y Barx<\/strong>. Cuenta la leyenda que fue el propio rey de Arag\u00f3n, Jaume II \u2018el Just\u2019, quien se refiri\u00f3 a esta zona como una \u2018vall digna\u2019 y, como tal, fue digna para levantar un monasterio en las tierras de Simat que \u00e9l mismo concedi\u00f3.<\/p>\n<p>Esta edificaci\u00f3n fue fundada en 1298 y habitada hasta principios del siglo XIX. El Monasterio de Santa Maria de la Valldigna est\u00e1 considerado como una joya arquitect\u00f3nica por ser <strong>una de las escasas representaciones del estilo g\u00f3tico cisterciense valenciano<\/strong>, aunque tambi\u00e9n porque afortunadamente lo seguimos disfrutando pese a su espinosa historia. Dos terremotos destruyeron algunas de sus estancias, pero su mayor da\u00f1o fue causado por la desamortizaci\u00f3n de 1835, que lo dej\u00f3 en manos privadas cuyo \u00fanico fin fue el de comercializar con sus paredes y elementos decorativos. Cuando por fin volvi\u00f3 a manos de la Generalitat Valenciana, y despu\u00e9s de a\u00f1os de restauraci\u00f3n, el Monasterio de Santa Mar\u00eda de la Valldigna fue <strong>declarado Bien de Inter\u00e9s Cultural en el a\u00f1o 1998<\/strong>, coincidiendo con su 700 aniversario.<\/p>\n<p>A d\u00eda de hoy este monasterio representa una de las mejores vistas de la zona, sobre todo cuando nos acercamos en bici o en coche hacia el pueblo de Simat. El \u2018Portal Nou\u2019 es el acceso principal a la edificaci\u00f3n, al cruzar esta puerta nos quedaremos embelesados mientras nos adentramos por un camino envuelto en un caracter\u00edstico aroma de azahar desprendido por los naranjos de nuestro alrededor. Llegaremos entonces a la Iglesia de Santa Maria de la Valldigna, que se levanta frente a nosotros. En su inmenso interior vuelven a brillar los colores gracias a las tareas de restauraci\u00f3n y, si alzamos la vista, nos encontraremos con la espectacular decoraci\u00f3n de la b\u00f3veda y su c\u00fapula.<\/p>\n<h3><strong><!--more-->Visitas teatralizadas para todos<\/strong><\/h3>\n<p>El Monasterio consta de muchas estancias, como\u00a0 el \u2018Claustro del Silencio\u2019, el Refectorio, la Sala Capitular, \u2018l\u2019Alm\u00e0ssera\u2019- \u00a0donde se ubicaba el molino de aceite -, el Locutorio y el Palacio del Abad, que aloj\u00f3 a reyes y nobles como Felipe II, Mart\u00edn I el Humano o Alfonso el Magn\u00e1nimo. Para conocer mejor la historia de cada una, as\u00ed como la totalidad del conjunto monacal, lo mejor es elegir una de las singulares visitas guiadas que nos tienen preparadas, especialmente si vamos con ni\u00f1os.<\/p>\n<p>De esta forma, recorreremos el lugar <strong>acompa\u00f1ados por un actor profesional que nos sumergir\u00e1 en los enigmas medievales del Monasterio<\/strong> y cuyo misterio tendremos que desvelar nosotros. Peque\u00f1os y mayores os divertir\u00e9is en esta animada visita que tiene lugar <strong>todos los fines de semana<\/strong> a las 10:30, 11:30 y 12:30 horas.<\/p>\n<p>Encontrar\u00e9is toda la informaci\u00f3n haciendo clic <a href=\"http:\/\/www.comunitatvalenciana.com\/ag\/simat-de-la-valldigna\/visitas-guiadas-al-real-monasterio-de-santa-maria-de-la-valldigna-0\">aqu\u00ed<\/a>, aunque os recomendamos que reserv\u00e9is en el tel\u00e9fono 96 281 16 36 para que no os perd\u00e1is este simp\u00e1tico espect\u00e1culo.<\/p>\n<h3>\u00a0M\u00e1s informaci\u00f3n:<\/h3>\n<p>Tourist Info Simat<\/p>\n<p>Tel: +34 962 810 920<\/p>\n<p>Fax: +34 962 811 984<\/p>\n<p>E-mail: <a href=\"mailto:simatv@touristinfo.net\">simatv@touristinfo.net<\/a><\/p>\n<p><a href=\"http:\/\/www.simat.org\/\">www.simat.org<br \/>\n<\/a><\/p>\n","protected":false},"excerpt":{"rendered":"<p>Vigilada por las sierras de Corbera y el Mond\u00faver se extiende la subcomarca natural de la Valldigna, que abraza las localidades de Tavernes, Simat, Benifair\u00f3 y Barx. Cuenta la leyenda que fue el propio rey de Arag\u00f3n, Jaume II \u2018el Just\u2019, quien se refiri\u00f3 a esta zona como una \u2018vall digna\u2019 y, como tal, fue [&hellip;]<\/p>\n","protected":false},"author":1,"featured_media":13123,"comment_status":"open","ping_status":"open","sticky":false,"template":"","format":"standard","meta":{"_acf_changed":false,"_et_pb_use_builder":"","_et_pb_old_content":"","_et_gb_content_width":"","footnotes":""},"categories":[1951,1930,1937],"tags":[],"class_list":["post-127270","post","type-post","status-publish","format-standard","has-post-thumbnail","hentry","category-entrades","category-especiales","category-rutes-i-escapades-dinterior"],"acf":{"destacado":false},"yoast_head":"<!-- This site is optimized with the Yoast SEO plugin v23.0 - https:\/\/yoast.com\/wordpress\/plugins\/seo\/ -->\n<title>Monasterio de Santa Maria de la Valldigna, joya arquitect\u00f3nica &#060; Valencia Turismo<\/title>\n<meta name=\"robots\" content=\"index, follow, max-snippet:-1, max-image-preview:large, max-video-preview:-1\" \/>\n<link rel=\"canonical\" href=\"https:\/\/turisme.dival.es\/ca\/monasterio-de-santa-maria-de-la-valldigna-joya-arquitectonica\/\" \/>\n<meta property=\"og:locale\" content=\"en_US\" \/>\n<meta property=\"og:type\" content=\"article\" \/>\n<meta property=\"og:title\" content=\"Monasterio de Santa Maria de la Valldigna, joya arquitect\u00f3nica &#060; Valencia Turismo\" \/>\n<meta property=\"og:description\" content=\"Vigilada por las sierras de Corbera y el Mond\u00faver se extiende la subcomarca natural de la Valldigna, que abraza las localidades de Tavernes, Simat, Benifair\u00f3 y Barx. Cuenta la leyenda que fue el propio rey de Arag\u00f3n, Jaume II \u2018el Just\u2019, quien se refiri\u00f3 a esta zona como una \u2018vall digna\u2019 y, como tal, fue [&hellip;]\" \/>\n<meta property=\"og:url\" content=\"https:\/\/turisme.dival.es\/ca\/monasterio-de-santa-maria-de-la-valldigna-joya-arquitectonica\/\" \/>\n<meta property=\"og:site_name\" content=\"Valencia Turismo\" \/>\n<meta property=\"article:published_time\" content=\"2013-08-09T07:39:21+00:00\" \/>\n<meta property=\"og:image\" content=\"https:\/\/turisme.dival.es\/wp-content\/uploads\/2021\/09\/monasterio-de-simat1.jpg\" \/>\n\t<meta property=\"og:image:width\" content=\"950\" \/>\n\t<meta property=\"og:image:height\" content=\"577\" \/>\n\t<meta property=\"og:image:type\" content=\"image\/jpeg\" \/>\n<meta name=\"author\" content=\"Val\u00e8ncia Turisme\" \/>\n<meta name=\"twitter:card\" content=\"summary_large_image\" \/>\n<meta name=\"twitter:label1\" content=\"Written by\" \/>\n\t<meta name=\"twitter:data1\" content=\"Val\u00e8ncia Turisme\" \/>\n\t<meta name=\"twitter:label2\" content=\"Est. reading time\" \/>\n\t<meta name=\"twitter:data2\" content=\"3 minutes\" \/>\n<script type=\"application\/ld+json\" class=\"yoast-schema-graph\">{\"@context\":\"https:\/\/schema.org\",\"@graph\":[{\"@type\":\"WebPage\",\"@id\":\"https:\/\/turisme.dival.es\/ca\/monasterio-de-santa-maria-de-la-valldigna-joya-arquitectonica\/\",\"url\":\"https:\/\/turisme.dival.es\/ca\/monasterio-de-santa-maria-de-la-valldigna-joya-arquitectonica\/\",\"name\":\"Monasterio de Santa Maria de la Valldigna, joya arquitect\u00f3nica &#060; Valencia Turismo\",\"isPartOf\":{\"@id\":\"https:\/\/turisme.dival.es\/#website\"},\"primaryImageOfPage\":{\"@id\":\"https:\/\/turisme.dival.es\/ca\/monasterio-de-santa-maria-de-la-valldigna-joya-arquitectonica\/#primaryimage\"},\"image\":{\"@id\":\"https:\/\/turisme.dival.es\/ca\/monasterio-de-santa-maria-de-la-valldigna-joya-arquitectonica\/#primaryimage\"},\"thumbnailUrl\":\"https:\/\/turisme.dival.es\/wp-content\/uploads\/2021\/09\/monasterio-de-simat1.jpg\",\"datePublished\":\"2013-08-09T07:39:21+00:00\",\"dateModified\":\"2013-08-09T07:39:21+00:00\",\"author\":{\"@id\":\"https:\/\/turisme.dival.es\/#\/schema\/person\/3e0b7dd59fafb4560a54b9a4940574f4\"},\"inLanguage\":\"vl\",\"potentialAction\":[{\"@type\":\"ReadAction\",\"target\":[\"https:\/\/turisme.dival.es\/ca\/monasterio-de-santa-maria-de-la-valldigna-joya-arquitectonica\/\"]}]},{\"@type\":\"ImageObject\",\"inLanguage\":\"vl\",\"@id\":\"https:\/\/turisme.dival.es\/ca\/monasterio-de-santa-maria-de-la-valldigna-joya-arquitectonica\/#primaryimage\",\"url\":\"https:\/\/turisme.dival.es\/wp-content\/uploads\/2021\/09\/monasterio-de-simat1.jpg\",\"contentUrl\":\"https:\/\/turisme.dival.es\/wp-content\/uploads\/2021\/09\/monasterio-de-simat1.jpg\",\"width\":950,\"height\":577,\"caption\":\"|\"},{\"@type\":\"WebSite\",\"@id\":\"https:\/\/turisme.dival.es\/#website\",\"url\":\"https:\/\/turisme.dival.es\/\",\"name\":\"valenciaturismo.com.mialias.net\",\"description\":\"\",\"potentialAction\":[{\"@type\":\"SearchAction\",\"target\":{\"@type\":\"EntryPoint\",\"urlTemplate\":\"https:\/\/turisme.dival.es\/?s={search_term_string}\"},\"query-input\":\"required name=search_term_string\"}],\"inLanguage\":\"vl\"},{\"@type\":\"Person\",\"@id\":\"https:\/\/turisme.dival.es\/#\/schema\/person\/3e0b7dd59fafb4560a54b9a4940574f4\",\"name\":\"Val\u00e8ncia Turisme\",\"image\":{\"@type\":\"ImageObject\",\"inLanguage\":\"vl\",\"@id\":\"https:\/\/turisme.dival.es\/#\/schema\/person\/image\/\",\"url\":\"https:\/\/secure.gravatar.com\/avatar\/0e9af38f68e5d55d0728b298890449252967999842654f5245c679ec46532ee9?s=96&d=mm&r=g\",\"contentUrl\":\"https:\/\/secure.gravatar.com\/avatar\/0e9af38f68e5d55d0728b298890449252967999842654f5245c679ec46532ee9?s=96&d=mm&r=g\",\"caption\":\"Val\u00e8ncia Turisme\"},\"sameAs\":[\"https:\/\/turisme.dival.es\"]}]}<\/script>\n<!-- \/ Yoast SEO plugin. -->","yoast_head_json":{"title":"Monasterio de Santa Maria de la Valldigna, joya arquitect\u00f3nica &#060; Valencia Turismo","robots":{"index":"index","follow":"follow","max-snippet":"max-snippet:-1","max-image-preview":"max-image-preview:large","max-video-preview":"max-video-preview:-1"},"canonical":"https:\/\/turisme.dival.es\/ca\/monasterio-de-santa-maria-de-la-valldigna-joya-arquitectonica\/","og_locale":"en_US","og_type":"article","og_title":"Monasterio de Santa Maria de la Valldigna, joya arquitect\u00f3nica &#060; Valencia Turismo","og_description":"Vigilada por las sierras de Corbera y el Mond\u00faver se extiende la subcomarca natural de la Valldigna, que abraza las localidades de Tavernes, Simat, Benifair\u00f3 y Barx. Cuenta la leyenda que fue el propio rey de Arag\u00f3n, Jaume II \u2018el Just\u2019, quien se refiri\u00f3 a esta zona como una \u2018vall digna\u2019 y, como tal, fue [&hellip;]","og_url":"https:\/\/turisme.dival.es\/ca\/monasterio-de-santa-maria-de-la-valldigna-joya-arquitectonica\/","og_site_name":"Valencia Turismo","article_published_time":"2013-08-09T07:39:21+00:00","og_image":[{"width":950,"height":577,"url":"https:\/\/turisme.dival.es\/wp-content\/uploads\/2021\/09\/monasterio-de-simat1.jpg","type":"image\/jpeg"}],"author":"Val\u00e8ncia Turisme","twitter_card":"summary_large_image","twitter_misc":{"Written by":"Val\u00e8ncia Turisme","Est. reading time":"3 minutes"},"schema":{"@context":"https:\/\/schema.org","@graph":[{"@type":"WebPage","@id":"https:\/\/turisme.dival.es\/ca\/monasterio-de-santa-maria-de-la-valldigna-joya-arquitectonica\/","url":"https:\/\/turisme.dival.es\/ca\/monasterio-de-santa-maria-de-la-valldigna-joya-arquitectonica\/","name":"Monasterio de Santa Maria de la Valldigna, joya arquitect\u00f3nica &#060; Valencia Turismo","isPartOf":{"@id":"https:\/\/turisme.dival.es\/#website"},"primaryImageOfPage":{"@id":"https:\/\/turisme.dival.es\/ca\/monasterio-de-santa-maria-de-la-valldigna-joya-arquitectonica\/#primaryimage"},"image":{"@id":"https:\/\/turisme.dival.es\/ca\/monasterio-de-santa-maria-de-la-valldigna-joya-arquitectonica\/#primaryimage"},"thumbnailUrl":"https:\/\/turisme.dival.es\/wp-content\/uploads\/2021\/09\/monasterio-de-simat1.jpg","datePublished":"2013-08-09T07:39:21+00:00","dateModified":"2013-08-09T07:39:21+00:00","author":{"@id":"https:\/\/turisme.dival.es\/#\/schema\/person\/3e0b7dd59fafb4560a54b9a4940574f4"},"inLanguage":"vl","potentialAction":[{"@type":"ReadAction","target":["https:\/\/turisme.dival.es\/ca\/monasterio-de-santa-maria-de-la-valldigna-joya-arquitectonica\/"]}]},{"@type":"ImageObject","inLanguage":"vl","@id":"https:\/\/turisme.dival.es\/ca\/monasterio-de-santa-maria-de-la-valldigna-joya-arquitectonica\/#primaryimage","url":"https:\/\/turisme.dival.es\/wp-content\/uploads\/2021\/09\/monasterio-de-simat1.jpg","contentUrl":"https:\/\/turisme.dival.es\/wp-content\/uploads\/2021\/09\/monasterio-de-simat1.jpg","width":950,"height":577,"caption":"|"},{"@type":"WebSite","@id":"https:\/\/turisme.dival.es\/#website","url":"https:\/\/turisme.dival.es\/","name":"valenciaturismo.com.mialias.net","description":"","potentialAction":[{"@type":"SearchAction","target":{"@type":"EntryPoint","urlTemplate":"https:\/\/turisme.dival.es\/?s={search_term_string}"},"query-input":"required name=search_term_string"}],"inLanguage":"vl"},{"@type":"Person","@id":"https:\/\/turisme.dival.es\/#\/schema\/person\/3e0b7dd59fafb4560a54b9a4940574f4","name":"Val\u00e8ncia Turisme","image":{"@type":"ImageObject","inLanguage":"vl","@id":"https:\/\/turisme.dival.es\/#\/schema\/person\/image\/","url":"https:\/\/secure.gravatar.com\/avatar\/0e9af38f68e5d55d0728b298890449252967999842654f5245c679ec46532ee9?s=96&d=mm&r=g","contentUrl":"https:\/\/secure.gravatar.com\/avatar\/0e9af38f68e5d55d0728b298890449252967999842654f5245c679ec46532ee9?s=96&d=mm&r=g","caption":"Val\u00e8ncia Turisme"},"sameAs":["https:\/\/turisme.dival.es"]}]}},"_links":{"self":[{"href":"https:\/\/turisme.dival.es\/ca\/wp-json\/wp\/v2\/posts\/127270","targetHints":{"allow":["GET"]}}],"collection":[{"href":"https:\/\/turisme.dival.es\/ca\/wp-json\/wp\/v2\/posts"}],"about":[{"href":"https:\/\/turisme.dival.es\/ca\/wp-json\/wp\/v2\/types\/post"}],"author":[{"embeddable":true,"href":"https:\/\/turisme.dival.es\/ca\/wp-json\/wp\/v2\/users\/1"}],"replies":[{"embeddable":true,"href":"https:\/\/turisme.dival.es\/ca\/wp-json\/wp\/v2\/comments?post=127270"}],"version-history":[{"count":0,"href":"https:\/\/turisme.dival.es\/ca\/wp-json\/wp\/v2\/posts\/127270\/revisions"}],"wp:featuredmedia":[{"embeddable":true,"href":"https:\/\/turisme.dival.es\/ca\/wp-json\/wp\/v2\/media\/13123"}],"wp:attachment":[{"href":"https:\/\/turisme.dival.es\/ca\/wp-json\/wp\/v2\/media?parent=127270"}],"wp:term":[{"taxonomy":"category","embeddable":true,"href":"https:\/\/turisme.dival.es\/ca\/wp-json\/wp\/v2\/categories?post=127270"},{"taxonomy":"post_tag","embeddable":true,"href":"https:\/\/turisme.dival.es\/ca\/wp-json\/wp\/v2\/tags?post=127270"}],"curies":[{"name":"wp","href":"https:\/\/api.w.org\/{rel}","templated":true}]}}