{"id":127259,"date":"2013-08-09T07:00:31","date_gmt":"2013-08-09T07:00:31","guid":{"rendered":"https:\/\/turisme.dival.es\/ruta-por-los-balnearios-de-chulilla-y-cofrentes\/"},"modified":"2013-08-09T07:00:31","modified_gmt":"2013-08-09T07:00:31","slug":"ruta-por-los-balnearios-de-chulilla-y-cofrentes","status":"publish","type":"post","link":"https:\/\/turisme.dival.es\/ca\/ruta-por-los-balnearios-de-chulilla-y-cofrentes\/","title":{"rendered":"Ruta por los balnearios de Chulilla y Cofrentes"},"content":{"rendered":"<p>Muchos son los que empiezan a <strong>disfrutar de sus vacaciones estivales<\/strong> y tal vez t\u00fa mismo las tengas bien cerca. Si el cuerpo te pide tranquilidad y lo \u00fanico que deseas es desconectar,\u00a0 relajarte y ganar en salud, los balnearios de Chulilla y Cofrentes son una de las opciones\u00a0 por la que te puedes decantar sin necesidad de desembolsar una gran cantidad de dinero.\u00a0 Ubicados en la Serran\u00eda y en el Valle de Ayora- Cofrentes, respectivamente est\u00e1n al alcance de cualquiera que desee olvidarse unos d\u00edas o al menos unas horas de su rutina cotidiana. Relajarse en la provincia de Valencia ser\u00e1 una experiencia inolvidable, solo tienes que seguir nuestros consejos.<\/p>\n<h3><strong>Balneario Hervideros de Cofrentes:<\/strong><\/h3>\n<p>Declaradas de Utilidad P\u00fablica en 1902, <strong>las aguas de los manantiales<\/strong> de este balneario son de tres tipos: aquellas cuya cantidad de minerales es muy abundante, las que contienen una mineralizaci\u00f3n baja y las carbogaseosas. Ejemplo de ellas son las Salinas, el Pilon y los hervideros, por este orden. Esta variedad de propiedades las hace especialmente recomendables para distintos tratamientos, sobre todo indicados para enfermedades \u00f3seas, respiratorias, articulares y hasta digestivas. Adem\u00e1s, el balneario de Cofrentes posee el Sello de Calidad Tur\u00edstica Espa\u00f1ola.<\/p>\n<p>Algunos de estos procedimientos comentados son llevados a cabo mediante las conocidas como t\u00e9cnicas hidrotermales, que tienen lugar en la planta baja del complejo o<strong> Zona H\u00fameda<\/strong>. En ella se emplaza una piscina con cuellos de cisne especiales para las cervicales, asientos con chorros para la columna y las piernas, pediluvio para combatir las piernas cansadas, y camas de aire. Tambi\u00e9n se encuentran varios tipos de duchas, una sala de nebulizaci\u00f3n salina y otros tratamientos.<\/p>\n<p>En el primer piso se ubica la <strong>Zona Seca<\/strong>, donde se hallan las consultas de los fisioterapeutas y distintos m\u00e9dicos. Es donde se realizan los masajes, parafangos y similares.<\/p>\n<p>Adem\u00e1s de todo esto cabe destacar la existencia de tratamientos de belleza y <strong>est\u00e9tica termal<\/strong>; y en su p\u00e1gina web pueden encontrarse otras actividades como golf, opciones de alojamiento, planes para mayores de 55 a\u00f1os, escapadas programadas y restaurantes en los que disfrutar de la excelente gastronom\u00eda de la zona.<\/p>\n<h3><strong>\u00a0Balneario de Chulilla:<\/strong><\/h3>\n<p>Las aguas de este Centro Termal poseen un amplio abanico de <strong>propiedades curativas<\/strong>. Est\u00e1n indicadas para aquellas personas que padecen dolencias\u00a0 en el aparato locomotor, reum\u00e1ticas, neurol\u00f3gicas, dolor cr\u00f3nico pero tambi\u00e9n como una ayuda para combatir el estr\u00e9s, la ansiedad y hasta la depresi\u00f3n, unos males que\u00a0 lamentablemente padece cada vez m\u00e1s nuestra actual sociedad.<\/p>\n<p>En cuanto a los tratamientos, adem\u00e1s de los conocidos hidrotermales (duchas, hidromasajes, etc\u00e9tera) uno de los m\u00e1s destacados es la <strong>hidrocinesiterapia<\/strong>, un ejercicio f\u00edsico suave que se realiza dentro de una piscina y que supone un alivio en ciertas patolog\u00edas reum\u00e1ticas y otras indicadas anteriormente. La termoterapia (parafangos y parafina) la electroterapia, la aeresolterapia (para problemas respiratorios) y la masoterapia (masajes) son otras opciones para relajar los m\u00fasculos. Adem\u00e1s, el centro ofrece una t\u00e9cnica conocida como Cinesiterapia, que ense\u00f1a al paciente una serie de movimientos para prevenir problemas en las articulaciones.<\/p>\n<p>El centro ofrece asimismo <em>peelings<\/em>, manicuras, limpiezas faciales, depilaciones y otros procedimientos de belleza.<\/p>\n<p>En su p\u00e1gina web podr\u00e9is encontrar distintas promociones para este\u00a0 verano. Tambi\u00e9n incluye informaci\u00f3n sobre <strong>programas sociales<\/strong>, salud y belleza, gastronom\u00eda, cultura, escapadas programadas, y hasta un canal de noticias entre otros.<\/p>\n<p>M\u00e1s informaci\u00f3n:<\/p>\n<p><a href=\"http:\/\/www.balneario.com\/\">http:\/\/www.balneario.com<\/a><\/p>\n<p><a href=\"http:\/\/balneariodechulilla.com\/\">http:\/\/balneariodechulilla.com<\/a><\/p>\n","protected":false},"excerpt":{"rendered":"<p>Muchos son los que empiezan a disfrutar de sus vacaciones estivales y tal vez t\u00fa mismo las tengas bien cerca. Si el cuerpo te pide tranquilidad y lo \u00fanico que deseas es desconectar,\u00a0 relajarte y ganar en salud, los balnearios de Chulilla y Cofrentes son una de las opciones\u00a0 por la que te puedes decantar [&hellip;]<\/p>\n","protected":false},"author":1,"featured_media":13099,"comment_status":"open","ping_status":"open","sticky":false,"template":"","format":"standard","meta":{"_acf_changed":false,"_et_pb_use_builder":"","_et_pb_old_content":"","_et_gb_content_width":"","footnotes":""},"categories":[1949,1951,1945,1948],"tags":[],"class_list":["post-127259","post","type-post","status-publish","format-standard","has-post-thumbnail","hentry","category-benestar-i-relax","category-entrades","category-destacados","category-salut"],"acf":{"destacado":false},"yoast_head":"<!-- This site is optimized with the Yoast SEO plugin v23.0 - https:\/\/yoast.com\/wordpress\/plugins\/seo\/ -->\n<title>Ruta por los balnearios de Chulilla y Cofrentes &#060; Valencia Turismo<\/title>\n<meta name=\"robots\" content=\"index, follow, max-snippet:-1, max-image-preview:large, max-video-preview:-1\" \/>\n<link rel=\"canonical\" href=\"https:\/\/turisme.dival.es\/ca\/ruta-por-los-balnearios-de-chulilla-y-cofrentes\/\" \/>\n<meta property=\"og:locale\" content=\"en_US\" \/>\n<meta property=\"og:type\" content=\"article\" \/>\n<meta property=\"og:title\" content=\"Ruta por los balnearios de Chulilla y Cofrentes &#060; Valencia Turismo\" \/>\n<meta property=\"og:description\" content=\"Muchos son los que empiezan a disfrutar de sus vacaciones estivales y tal vez t\u00fa mismo las tengas bien cerca. Si el cuerpo te pide tranquilidad y lo \u00fanico que deseas es desconectar,\u00a0 relajarte y ganar en salud, los balnearios de Chulilla y Cofrentes son una de las opciones\u00a0 por la que te puedes decantar [&hellip;]\" \/>\n<meta property=\"og:url\" content=\"https:\/\/turisme.dival.es\/ca\/ruta-por-los-balnearios-de-chulilla-y-cofrentes\/\" \/>\n<meta property=\"og:site_name\" content=\"Valencia Turismo\" \/>\n<meta property=\"article:published_time\" content=\"2013-08-09T07:00:31+00:00\" \/>\n<meta property=\"og:image\" content=\"https:\/\/turisme.dival.es\/wp-content\/uploads\/2021\/09\/balnearios-de-chulilla-y-cofrentes.jpg\" \/>\n\t<meta property=\"og:image:width\" content=\"950\" \/>\n\t<meta property=\"og:image:height\" content=\"713\" \/>\n\t<meta property=\"og:image:type\" content=\"image\/jpeg\" \/>\n<meta name=\"author\" content=\"Val\u00e8ncia Turisme\" \/>\n<meta name=\"twitter:card\" content=\"summary_large_image\" \/>\n<meta name=\"twitter:label1\" content=\"Written by\" \/>\n\t<meta name=\"twitter:data1\" content=\"Val\u00e8ncia Turisme\" \/>\n\t<meta name=\"twitter:label2\" content=\"Est. reading time\" \/>\n\t<meta name=\"twitter:data2\" content=\"3 minutes\" \/>\n<script type=\"application\/ld+json\" class=\"yoast-schema-graph\">{\"@context\":\"https:\/\/schema.org\",\"@graph\":[{\"@type\":\"WebPage\",\"@id\":\"https:\/\/turisme.dival.es\/ca\/ruta-por-los-balnearios-de-chulilla-y-cofrentes\/\",\"url\":\"https:\/\/turisme.dival.es\/ca\/ruta-por-los-balnearios-de-chulilla-y-cofrentes\/\",\"name\":\"Ruta por los balnearios de Chulilla y Cofrentes &#060; Valencia Turismo\",\"isPartOf\":{\"@id\":\"https:\/\/turisme.dival.es\/#website\"},\"primaryImageOfPage\":{\"@id\":\"https:\/\/turisme.dival.es\/ca\/ruta-por-los-balnearios-de-chulilla-y-cofrentes\/#primaryimage\"},\"image\":{\"@id\":\"https:\/\/turisme.dival.es\/ca\/ruta-por-los-balnearios-de-chulilla-y-cofrentes\/#primaryimage\"},\"thumbnailUrl\":\"https:\/\/turisme.dival.es\/wp-content\/uploads\/2021\/09\/balnearios-de-chulilla-y-cofrentes.jpg\",\"datePublished\":\"2013-08-09T07:00:31+00:00\",\"dateModified\":\"2013-08-09T07:00:31+00:00\",\"author\":{\"@id\":\"https:\/\/turisme.dival.es\/#\/schema\/person\/3e0b7dd59fafb4560a54b9a4940574f4\"},\"inLanguage\":\"vl\",\"potentialAction\":[{\"@type\":\"ReadAction\",\"target\":[\"https:\/\/turisme.dival.es\/ca\/ruta-por-los-balnearios-de-chulilla-y-cofrentes\/\"]}]},{\"@type\":\"ImageObject\",\"inLanguage\":\"vl\",\"@id\":\"https:\/\/turisme.dival.es\/ca\/ruta-por-los-balnearios-de-chulilla-y-cofrentes\/#primaryimage\",\"url\":\"https:\/\/turisme.dival.es\/wp-content\/uploads\/2021\/09\/balnearios-de-chulilla-y-cofrentes.jpg\",\"contentUrl\":\"https:\/\/turisme.dival.es\/wp-content\/uploads\/2021\/09\/balnearios-de-chulilla-y-cofrentes.jpg\",\"width\":950,\"height\":713},{\"@type\":\"WebSite\",\"@id\":\"https:\/\/turisme.dival.es\/#website\",\"url\":\"https:\/\/turisme.dival.es\/\",\"name\":\"valenciaturismo.com.mialias.net\",\"description\":\"\",\"potentialAction\":[{\"@type\":\"SearchAction\",\"target\":{\"@type\":\"EntryPoint\",\"urlTemplate\":\"https:\/\/turisme.dival.es\/?s={search_term_string}\"},\"query-input\":\"required name=search_term_string\"}],\"inLanguage\":\"vl\"},{\"@type\":\"Person\",\"@id\":\"https:\/\/turisme.dival.es\/#\/schema\/person\/3e0b7dd59fafb4560a54b9a4940574f4\",\"name\":\"Val\u00e8ncia Turisme\",\"image\":{\"@type\":\"ImageObject\",\"inLanguage\":\"vl\",\"@id\":\"https:\/\/turisme.dival.es\/#\/schema\/person\/image\/\",\"url\":\"https:\/\/secure.gravatar.com\/avatar\/0e9af38f68e5d55d0728b298890449252967999842654f5245c679ec46532ee9?s=96&d=mm&r=g\",\"contentUrl\":\"https:\/\/secure.gravatar.com\/avatar\/0e9af38f68e5d55d0728b298890449252967999842654f5245c679ec46532ee9?s=96&d=mm&r=g\",\"caption\":\"Val\u00e8ncia Turisme\"},\"sameAs\":[\"https:\/\/turisme.dival.es\"]}]}<\/script>\n<!-- \/ Yoast SEO plugin. -->","yoast_head_json":{"title":"Ruta por los balnearios de Chulilla y Cofrentes &#060; Valencia Turismo","robots":{"index":"index","follow":"follow","max-snippet":"max-snippet:-1","max-image-preview":"max-image-preview:large","max-video-preview":"max-video-preview:-1"},"canonical":"https:\/\/turisme.dival.es\/ca\/ruta-por-los-balnearios-de-chulilla-y-cofrentes\/","og_locale":"en_US","og_type":"article","og_title":"Ruta por los balnearios de Chulilla y Cofrentes &#060; Valencia Turismo","og_description":"Muchos son los que empiezan a disfrutar de sus vacaciones estivales y tal vez t\u00fa mismo las tengas bien cerca. Si el cuerpo te pide tranquilidad y lo \u00fanico que deseas es desconectar,\u00a0 relajarte y ganar en salud, los balnearios de Chulilla y Cofrentes son una de las opciones\u00a0 por la que te puedes decantar [&hellip;]","og_url":"https:\/\/turisme.dival.es\/ca\/ruta-por-los-balnearios-de-chulilla-y-cofrentes\/","og_site_name":"Valencia Turismo","article_published_time":"2013-08-09T07:00:31+00:00","og_image":[{"width":950,"height":713,"url":"https:\/\/turisme.dival.es\/wp-content\/uploads\/2021\/09\/balnearios-de-chulilla-y-cofrentes.jpg","type":"image\/jpeg"}],"author":"Val\u00e8ncia Turisme","twitter_card":"summary_large_image","twitter_misc":{"Written by":"Val\u00e8ncia Turisme","Est. reading time":"3 minutes"},"schema":{"@context":"https:\/\/schema.org","@graph":[{"@type":"WebPage","@id":"https:\/\/turisme.dival.es\/ca\/ruta-por-los-balnearios-de-chulilla-y-cofrentes\/","url":"https:\/\/turisme.dival.es\/ca\/ruta-por-los-balnearios-de-chulilla-y-cofrentes\/","name":"Ruta por los balnearios de Chulilla y Cofrentes &#060; Valencia Turismo","isPartOf":{"@id":"https:\/\/turisme.dival.es\/#website"},"primaryImageOfPage":{"@id":"https:\/\/turisme.dival.es\/ca\/ruta-por-los-balnearios-de-chulilla-y-cofrentes\/#primaryimage"},"image":{"@id":"https:\/\/turisme.dival.es\/ca\/ruta-por-los-balnearios-de-chulilla-y-cofrentes\/#primaryimage"},"thumbnailUrl":"https:\/\/turisme.dival.es\/wp-content\/uploads\/2021\/09\/balnearios-de-chulilla-y-cofrentes.jpg","datePublished":"2013-08-09T07:00:31+00:00","dateModified":"2013-08-09T07:00:31+00:00","author":{"@id":"https:\/\/turisme.dival.es\/#\/schema\/person\/3e0b7dd59fafb4560a54b9a4940574f4"},"inLanguage":"vl","potentialAction":[{"@type":"ReadAction","target":["https:\/\/turisme.dival.es\/ca\/ruta-por-los-balnearios-de-chulilla-y-cofrentes\/"]}]},{"@type":"ImageObject","inLanguage":"vl","@id":"https:\/\/turisme.dival.es\/ca\/ruta-por-los-balnearios-de-chulilla-y-cofrentes\/#primaryimage","url":"https:\/\/turisme.dival.es\/wp-content\/uploads\/2021\/09\/balnearios-de-chulilla-y-cofrentes.jpg","contentUrl":"https:\/\/turisme.dival.es\/wp-content\/uploads\/2021\/09\/balnearios-de-chulilla-y-cofrentes.jpg","width":950,"height":713},{"@type":"WebSite","@id":"https:\/\/turisme.dival.es\/#website","url":"https:\/\/turisme.dival.es\/","name":"valenciaturismo.com.mialias.net","description":"","potentialAction":[{"@type":"SearchAction","target":{"@type":"EntryPoint","urlTemplate":"https:\/\/turisme.dival.es\/?s={search_term_string}"},"query-input":"required name=search_term_string"}],"inLanguage":"vl"},{"@type":"Person","@id":"https:\/\/turisme.dival.es\/#\/schema\/person\/3e0b7dd59fafb4560a54b9a4940574f4","name":"Val\u00e8ncia Turisme","image":{"@type":"ImageObject","inLanguage":"vl","@id":"https:\/\/turisme.dival.es\/#\/schema\/person\/image\/","url":"https:\/\/secure.gravatar.com\/avatar\/0e9af38f68e5d55d0728b298890449252967999842654f5245c679ec46532ee9?s=96&d=mm&r=g","contentUrl":"https:\/\/secure.gravatar.com\/avatar\/0e9af38f68e5d55d0728b298890449252967999842654f5245c679ec46532ee9?s=96&d=mm&r=g","caption":"Val\u00e8ncia Turisme"},"sameAs":["https:\/\/turisme.dival.es"]}]}},"_links":{"self":[{"href":"https:\/\/turisme.dival.es\/ca\/wp-json\/wp\/v2\/posts\/127259","targetHints":{"allow":["GET"]}}],"collection":[{"href":"https:\/\/turisme.dival.es\/ca\/wp-json\/wp\/v2\/posts"}],"about":[{"href":"https:\/\/turisme.dival.es\/ca\/wp-json\/wp\/v2\/types\/post"}],"author":[{"embeddable":true,"href":"https:\/\/turisme.dival.es\/ca\/wp-json\/wp\/v2\/users\/1"}],"replies":[{"embeddable":true,"href":"https:\/\/turisme.dival.es\/ca\/wp-json\/wp\/v2\/comments?post=127259"}],"version-history":[{"count":0,"href":"https:\/\/turisme.dival.es\/ca\/wp-json\/wp\/v2\/posts\/127259\/revisions"}],"wp:featuredmedia":[{"embeddable":true,"href":"https:\/\/turisme.dival.es\/ca\/wp-json\/wp\/v2\/media\/13099"}],"wp:attachment":[{"href":"https:\/\/turisme.dival.es\/ca\/wp-json\/wp\/v2\/media?parent=127259"}],"wp:term":[{"taxonomy":"category","embeddable":true,"href":"https:\/\/turisme.dival.es\/ca\/wp-json\/wp\/v2\/categories?post=127259"},{"taxonomy":"post_tag","embeddable":true,"href":"https:\/\/turisme.dival.es\/ca\/wp-json\/wp\/v2\/tags?post=127259"}],"curies":[{"name":"wp","href":"https:\/\/api.w.org\/{rel}","templated":true}]}}