{"id":127099,"date":"2012-04-10T12:14:22","date_gmt":"2012-04-10T12:14:22","guid":{"rendered":"https:\/\/turisme.dival.es\/la-senda-de-la-lloma-te-apuntas\/"},"modified":"2012-04-10T12:14:22","modified_gmt":"2012-04-10T12:14:22","slug":"la-senda-de-la-lloma-te-apuntas-2","status":"publish","type":"post","link":"https:\/\/turisme.dival.es\/ca\/la-senda-de-la-lloma-te-apuntas-2\/","title":{"rendered":"La senda de la Lloma \u00bfTe apuntas?"},"content":{"rendered":"<p>&nbsp;<\/p>\n<p>La <a href=\"http:\/\/www.valenciaterraimar.org\/vista.html?cnt_id=9430#\">senda de la Lloma <\/a>sigue ganando adeptos (PR-CV 336), m\u00e1s cuando el sol y el buen tiempo ganan la partida a las nubes y el fr\u00edo. Es uno de los reclamos en <a href=\"http:\/\/www.cullera.es\">Cullera<\/a> para los amantes del senderismo. Un recorrido que combina paisaje de huerta, marjal y playas.<\/p>\n<p>Con sus m\u00e1s de 14 kil\u00f3metros de camino, la senda de la Lloma se inicia en el cementerio, cerca de la estaci\u00f3n de tren. Empezamos a explorar sus caminos agr\u00edcolas a la playa del Dosel, ubicada dentro del parque natural de la Albufera.<\/p>\n<p>A partir de aqu\u00ed comienza lo \u2018duro\u2019. El ascenso al faro de <a href=\"http:\/\/www.cullera.es\">Cullera<\/a> empieza a asomarnos a los acantilados. El siguiente punto de inter\u00e9s ser\u00e1 el mirador que nos acerca el golfo de Valencia.<\/p>\n<p>Y seguimos con el \u2018ascenso\u2019. La <a href=\"http:\/\/www.valenciaterraimar.org\/vista.html?cnt_id=9430#\">\u201csenda de la Lloma\u201d <\/a>recorre toda la monta\u00f1a de Cullera hasta el castillo. Como en una postal descubriremos la bah\u00eda de <a href=\"http:\/\/www.cullera.es\">Cullera<\/a> y la playa de San Antonio.<br \/>\nEl Alt del Fort es el punto m\u00e1s alto del recorrido. Y, como no, <a href=\"http:\/\/www.cullera.es\">el castillo de Cullera<\/a> nos espera. Fue una de las \u2018conquistas\u2019 de Jaime I. El tiempo se para y las vistas piden paso. El esplendor de Valencia se vuelve a contemplar.<br \/>\nEl Via Crucis nos indica el descenso para coger la senda de vuelta al cementerio. Seg\u00fan nos informa la p\u00e1gina <a href=\"http:\/\/www.valenciaterraimar.org\/vista.html?cnt_id=9430#\">Valencia Terra i Mar<\/a> la duraci\u00f3n de est\u00e1 ruta es de dificultad media &#8211; baja. No hay que olvidar el disfrute de los yacimientos arqueol\u00f3gicos y, en general, de la vegetaci\u00f3n mediterr\u00e1nea.<\/p>\n","protected":false},"excerpt":{"rendered":"<p>&nbsp; La senda de la Lloma sigue ganando adeptos (PR-CV 336), m\u00e1s cuando el sol y el buen tiempo ganan la partida a las nubes y el fr\u00edo. Es uno de los reclamos en Cullera para los amantes del senderismo. Un recorrido que combina paisaje de huerta, marjal y playas. Con sus m\u00e1s de 14 [&hellip;]<\/p>\n","protected":false},"author":1,"featured_media":12783,"comment_status":"open","ping_status":"open","sticky":false,"template":"","format":"standard","meta":{"_acf_changed":false,"_et_pb_use_builder":"","_et_pb_old_content":"","_et_gb_content_width":"","footnotes":""},"categories":[1951,1937],"tags":[],"class_list":["post-127099","post","type-post","status-publish","format-standard","has-post-thumbnail","hentry","category-entrades","category-rutes-i-escapades-dinterior"],"acf":{"destacado":false},"yoast_head":"<!-- This site is optimized with the Yoast SEO plugin v23.0 - https:\/\/yoast.com\/wordpress\/plugins\/seo\/ -->\n<title>La senda de la Lloma \u00bfTe apuntas? &#060; Valencia Turismo<\/title>\n<meta name=\"robots\" content=\"index, follow, max-snippet:-1, max-image-preview:large, max-video-preview:-1\" \/>\n<link rel=\"canonical\" href=\"https:\/\/turisme.dival.es\/ca\/la-senda-de-la-lloma-te-apuntas\/\" \/>\n<meta property=\"og:locale\" content=\"en_US\" \/>\n<meta property=\"og:type\" content=\"article\" \/>\n<meta property=\"og:title\" content=\"La senda de la Lloma \u00bfTe apuntas? &#060; Valencia Turismo\" \/>\n<meta property=\"og:description\" content=\"&nbsp; La senda de la Lloma sigue ganando adeptos (PR-CV 336), m\u00e1s cuando el sol y el buen tiempo ganan la partida a las nubes y el fr\u00edo. Es uno de los reclamos en Cullera para los amantes del senderismo. Un recorrido que combina paisaje de huerta, marjal y playas. Con sus m\u00e1s de 14 [&hellip;]\" \/>\n<meta property=\"og:url\" content=\"https:\/\/turisme.dival.es\/ca\/la-senda-de-la-lloma-te-apuntas\/\" \/>\n<meta property=\"og:site_name\" content=\"Valencia Turismo\" \/>\n<meta property=\"article:published_time\" content=\"2012-04-10T12:14:22+00:00\" \/>\n<meta property=\"og:image\" content=\"https:\/\/turisme.dival.es\/wp-content\/uploads\/2021\/09\/senda-de-la-lloma1.jpg\" \/>\n\t<meta property=\"og:image:width\" content=\"560\" \/>\n\t<meta property=\"og:image:height\" content=\"373\" \/>\n\t<meta property=\"og:image:type\" content=\"image\/jpeg\" \/>\n<meta name=\"author\" content=\"Val\u00e8ncia Turisme\" \/>\n<meta name=\"twitter:card\" content=\"summary_large_image\" \/>\n<meta name=\"twitter:label1\" content=\"Written by\" \/>\n\t<meta name=\"twitter:data1\" content=\"Val\u00e8ncia Turisme\" \/>\n\t<meta name=\"twitter:label2\" content=\"Est. reading time\" \/>\n\t<meta name=\"twitter:data2\" content=\"1 minute\" \/>\n<script type=\"application\/ld+json\" class=\"yoast-schema-graph\">{\"@context\":\"https:\/\/schema.org\",\"@graph\":[{\"@type\":\"WebPage\",\"@id\":\"https:\/\/turisme.dival.es\/ca\/la-senda-de-la-lloma-te-apuntas\/\",\"url\":\"https:\/\/turisme.dival.es\/ca\/la-senda-de-la-lloma-te-apuntas\/\",\"name\":\"La senda de la Lloma \u00bfTe apuntas? &#060; Valencia Turismo\",\"isPartOf\":{\"@id\":\"https:\/\/turisme.dival.es\/#website\"},\"primaryImageOfPage\":{\"@id\":\"https:\/\/turisme.dival.es\/ca\/la-senda-de-la-lloma-te-apuntas\/#primaryimage\"},\"image\":{\"@id\":\"https:\/\/turisme.dival.es\/ca\/la-senda-de-la-lloma-te-apuntas\/#primaryimage\"},\"thumbnailUrl\":\"https:\/\/turisme.dival.es\/wp-content\/uploads\/2021\/09\/senda-de-la-lloma1.jpg\",\"datePublished\":\"2012-04-10T12:14:22+00:00\",\"dateModified\":\"2012-04-10T12:14:22+00:00\",\"author\":{\"@id\":\"https:\/\/turisme.dival.es\/#\/schema\/person\/3e0b7dd59fafb4560a54b9a4940574f4\"},\"inLanguage\":\"vl\",\"potentialAction\":[{\"@type\":\"ReadAction\",\"target\":[\"https:\/\/turisme.dival.es\/ca\/la-senda-de-la-lloma-te-apuntas\/\"]}]},{\"@type\":\"ImageObject\",\"inLanguage\":\"vl\",\"@id\":\"https:\/\/turisme.dival.es\/ca\/la-senda-de-la-lloma-te-apuntas\/#primaryimage\",\"url\":\"https:\/\/turisme.dival.es\/wp-content\/uploads\/2021\/09\/senda-de-la-lloma1.jpg\",\"contentUrl\":\"https:\/\/turisme.dival.es\/wp-content\/uploads\/2021\/09\/senda-de-la-lloma1.jpg\",\"width\":560,\"height\":373},{\"@type\":\"WebSite\",\"@id\":\"https:\/\/turisme.dival.es\/#website\",\"url\":\"https:\/\/turisme.dival.es\/\",\"name\":\"valenciaturismo.com.mialias.net\",\"description\":\"\",\"potentialAction\":[{\"@type\":\"SearchAction\",\"target\":{\"@type\":\"EntryPoint\",\"urlTemplate\":\"https:\/\/turisme.dival.es\/?s={search_term_string}\"},\"query-input\":\"required name=search_term_string\"}],\"inLanguage\":\"vl\"},{\"@type\":\"Person\",\"@id\":\"https:\/\/turisme.dival.es\/#\/schema\/person\/3e0b7dd59fafb4560a54b9a4940574f4\",\"name\":\"Val\u00e8ncia Turisme\",\"image\":{\"@type\":\"ImageObject\",\"inLanguage\":\"vl\",\"@id\":\"https:\/\/turisme.dival.es\/#\/schema\/person\/image\/\",\"url\":\"https:\/\/secure.gravatar.com\/avatar\/0e9af38f68e5d55d0728b298890449252967999842654f5245c679ec46532ee9?s=96&d=mm&r=g\",\"contentUrl\":\"https:\/\/secure.gravatar.com\/avatar\/0e9af38f68e5d55d0728b298890449252967999842654f5245c679ec46532ee9?s=96&d=mm&r=g\",\"caption\":\"Val\u00e8ncia Turisme\"},\"sameAs\":[\"https:\/\/turisme.dival.es\"]}]}<\/script>\n<!-- \/ Yoast SEO plugin. -->","yoast_head_json":{"title":"La senda de la Lloma \u00bfTe apuntas? &#060; Valencia Turismo","robots":{"index":"index","follow":"follow","max-snippet":"max-snippet:-1","max-image-preview":"max-image-preview:large","max-video-preview":"max-video-preview:-1"},"canonical":"https:\/\/turisme.dival.es\/ca\/la-senda-de-la-lloma-te-apuntas\/","og_locale":"en_US","og_type":"article","og_title":"La senda de la Lloma \u00bfTe apuntas? &#060; Valencia Turismo","og_description":"&nbsp; La senda de la Lloma sigue ganando adeptos (PR-CV 336), m\u00e1s cuando el sol y el buen tiempo ganan la partida a las nubes y el fr\u00edo. Es uno de los reclamos en Cullera para los amantes del senderismo. Un recorrido que combina paisaje de huerta, marjal y playas. Con sus m\u00e1s de 14 [&hellip;]","og_url":"https:\/\/turisme.dival.es\/ca\/la-senda-de-la-lloma-te-apuntas\/","og_site_name":"Valencia Turismo","article_published_time":"2012-04-10T12:14:22+00:00","og_image":[{"width":560,"height":373,"url":"https:\/\/turisme.dival.es\/wp-content\/uploads\/2021\/09\/senda-de-la-lloma1.jpg","type":"image\/jpeg"}],"author":"Val\u00e8ncia Turisme","twitter_card":"summary_large_image","twitter_misc":{"Written by":"Val\u00e8ncia Turisme","Est. reading time":"1 minute"},"schema":{"@context":"https:\/\/schema.org","@graph":[{"@type":"WebPage","@id":"https:\/\/turisme.dival.es\/ca\/la-senda-de-la-lloma-te-apuntas\/","url":"https:\/\/turisme.dival.es\/ca\/la-senda-de-la-lloma-te-apuntas\/","name":"La senda de la Lloma \u00bfTe apuntas? &#060; Valencia Turismo","isPartOf":{"@id":"https:\/\/turisme.dival.es\/#website"},"primaryImageOfPage":{"@id":"https:\/\/turisme.dival.es\/ca\/la-senda-de-la-lloma-te-apuntas\/#primaryimage"},"image":{"@id":"https:\/\/turisme.dival.es\/ca\/la-senda-de-la-lloma-te-apuntas\/#primaryimage"},"thumbnailUrl":"https:\/\/turisme.dival.es\/wp-content\/uploads\/2021\/09\/senda-de-la-lloma1.jpg","datePublished":"2012-04-10T12:14:22+00:00","dateModified":"2012-04-10T12:14:22+00:00","author":{"@id":"https:\/\/turisme.dival.es\/#\/schema\/person\/3e0b7dd59fafb4560a54b9a4940574f4"},"inLanguage":"vl","potentialAction":[{"@type":"ReadAction","target":["https:\/\/turisme.dival.es\/ca\/la-senda-de-la-lloma-te-apuntas\/"]}]},{"@type":"ImageObject","inLanguage":"vl","@id":"https:\/\/turisme.dival.es\/ca\/la-senda-de-la-lloma-te-apuntas\/#primaryimage","url":"https:\/\/turisme.dival.es\/wp-content\/uploads\/2021\/09\/senda-de-la-lloma1.jpg","contentUrl":"https:\/\/turisme.dival.es\/wp-content\/uploads\/2021\/09\/senda-de-la-lloma1.jpg","width":560,"height":373},{"@type":"WebSite","@id":"https:\/\/turisme.dival.es\/#website","url":"https:\/\/turisme.dival.es\/","name":"valenciaturismo.com.mialias.net","description":"","potentialAction":[{"@type":"SearchAction","target":{"@type":"EntryPoint","urlTemplate":"https:\/\/turisme.dival.es\/?s={search_term_string}"},"query-input":"required name=search_term_string"}],"inLanguage":"vl"},{"@type":"Person","@id":"https:\/\/turisme.dival.es\/#\/schema\/person\/3e0b7dd59fafb4560a54b9a4940574f4","name":"Val\u00e8ncia Turisme","image":{"@type":"ImageObject","inLanguage":"vl","@id":"https:\/\/turisme.dival.es\/#\/schema\/person\/image\/","url":"https:\/\/secure.gravatar.com\/avatar\/0e9af38f68e5d55d0728b298890449252967999842654f5245c679ec46532ee9?s=96&d=mm&r=g","contentUrl":"https:\/\/secure.gravatar.com\/avatar\/0e9af38f68e5d55d0728b298890449252967999842654f5245c679ec46532ee9?s=96&d=mm&r=g","caption":"Val\u00e8ncia Turisme"},"sameAs":["https:\/\/turisme.dival.es"]}]}},"_links":{"self":[{"href":"https:\/\/turisme.dival.es\/ca\/wp-json\/wp\/v2\/posts\/127099","targetHints":{"allow":["GET"]}}],"collection":[{"href":"https:\/\/turisme.dival.es\/ca\/wp-json\/wp\/v2\/posts"}],"about":[{"href":"https:\/\/turisme.dival.es\/ca\/wp-json\/wp\/v2\/types\/post"}],"author":[{"embeddable":true,"href":"https:\/\/turisme.dival.es\/ca\/wp-json\/wp\/v2\/users\/1"}],"replies":[{"embeddable":true,"href":"https:\/\/turisme.dival.es\/ca\/wp-json\/wp\/v2\/comments?post=127099"}],"version-history":[{"count":0,"href":"https:\/\/turisme.dival.es\/ca\/wp-json\/wp\/v2\/posts\/127099\/revisions"}],"wp:featuredmedia":[{"embeddable":true,"href":"https:\/\/turisme.dival.es\/ca\/wp-json\/wp\/v2\/media\/12783"}],"wp:attachment":[{"href":"https:\/\/turisme.dival.es\/ca\/wp-json\/wp\/v2\/media?parent=127099"}],"wp:term":[{"taxonomy":"category","embeddable":true,"href":"https:\/\/turisme.dival.es\/ca\/wp-json\/wp\/v2\/categories?post=127099"},{"taxonomy":"post_tag","embeddable":true,"href":"https:\/\/turisme.dival.es\/ca\/wp-json\/wp\/v2\/tags?post=127099"}],"curies":[{"name":"wp","href":"https:\/\/api.w.org\/{rel}","templated":true}]}}