{"id":127058,"date":"2021-05-19T11:52:16","date_gmt":"2021-05-19T11:52:16","guid":{"rendered":"https:\/\/turisme.dival.es\/valencia-turisme-presenta-la-seua-campanya-somies-valencia-viu-la-en-fitur-2021\/"},"modified":"2021-05-19T11:52:16","modified_gmt":"2021-05-19T11:52:16","slug":"valencia-turisme-presenta-la-seua-campanya-somies-valencia-viu-la-en-fitur-2021","status":"publish","type":"post","link":"https:\/\/turisme.dival.es\/ca\/valencia-turisme-presenta-la-seua-campanya-somies-valencia-viu-la-en-fitur-2021\/","title":{"rendered":"Val\u00e8ncia Turisme presenta la seua campanya Somies Val\u00e8ncia, Viu-la! en FITUR 2021"},"content":{"rendered":"<ul>\n<li style=\"text-align: justify\">El diputat de Turisme, Jordi Mayor: &#8220;Afrontem una campanya d&#8217;estiu esperan\u00e7adora, gr\u00e0cies a l&#8217;esfor\u00e7 i treball conjunt realitzat pel sector, les administracions i tota la societat valenciana&#8221;.<\/li>\n<\/ul>\n<p style=\"text-align: justify\">19\/05\/2021<br \/>\nVal\u00e8ncia Turisme, marca tur\u00edstica de la Diputaci\u00f3 de Val\u00e8ncia, ha presentat aquest mat\u00ed la seua campanya promocional Somies Val\u00e8ncia, Viu-la!, en la pla\u00e7a central de l&#8217;estand de la Comunitat Valenciana en Fitur 2021.<\/p>\n<p style=\"text-align: justify\">Es tracta del primer acte celebrat en l&#8217;espai expositiu de la Comunitat despr\u00e9s de l&#8217;obertura de la nova edici\u00f3 del certamen internacional, en el qual han participat el diputat de Turisme de la Diputaci\u00f3 de Val\u00e8ncia, Jordi Mayor, i el director de Val\u00e8ncia Turisme, Xavi Pascual, i al qual tamb\u00e9 ha assistit el director general de Turisme de la Generalitat Valenciana, Herick Campos; alcaldes i regidors de la prov\u00edncia; i representants del sector.<\/p>\n<p style=\"text-align: justify\">El diputat de Turisme, Jordi Mayor, ha destacat que actualment &#8220;afrontem una campanya d&#8217;estiu esperan\u00e7adora, gr\u00e0cies a l&#8217;esfor\u00e7 i treball conjunt realitzat pel sector, les administracions i tota la societat valenciana&#8221;, al mateix temps que ha insistit que &#8220;Val\u00e8ncia Turisme continuar\u00e0 estant, d&#8217;ara en avant, en totes aquelles iniciatives que inlfuyan en la reactivaci\u00f3 del sector tur\u00edstic a la prov\u00edncia&#8221;.<\/p>\n<p style=\"text-align: justify\">La campanya de Val\u00e8ncia Turisme adapta el seu missatge a la conjuntura actual de la societat, a la qual anima a triar Val\u00e8ncia com a destinaci\u00f3 enguany, despr\u00e9s de l&#8217;esfor\u00e7 realitzat en els passats mesos de restriccions a causa de la pand\u00e8mia i l&#8217;anhelada volta a la normalitat.<\/p>\n<p style=\"text-align: justify\">Aix\u00ed, cerca que el receptor fa\u00e7a realitat a Val\u00e8ncia el que ha somiat tant temps: perdre&#8217;s en la naturalesa, submergir-se en aig\u00fces de rius o platges, trobar-se amb la llum dels capvespres al Mediterrani, gaudir de la seua llum i color, assaborir la seua rica gastronomia, i fins a descobrir nous llocs, hist\u00f2ries i gents. Tot aix\u00f2, en una prov\u00edncia amb una gran i variada oferta per a tots els perfils, de qualitat i segura.<\/p>\n","protected":false},"excerpt":{"rendered":"<p>El diputat de Turisme, Jordi Mayor: &#8220;Afrontem una campanya d&#8217;estiu esperan\u00e7adora, gr\u00e0cies a l&#8217;esfor\u00e7 i treball conjunt realitzat pel sector, les administracions i tota la societat valenciana&#8221;. 19\/05\/2021 Val\u00e8ncia Turisme, marca tur\u00edstica de la Diputaci\u00f3 de Val\u00e8ncia, ha presentat aquest mat\u00ed la seua campanya promocional Somies Val\u00e8ncia, Viu-la!, en la pla\u00e7a central de l&#8217;estand de [&hellip;]<\/p>\n","protected":false},"author":1,"featured_media":41453,"comment_status":"open","ping_status":"open","sticky":false,"template":"","format":"standard","meta":{"_acf_changed":false,"_et_pb_use_builder":"","_et_pb_old_content":"","_et_gb_content_width":"","footnotes":""},"categories":[1952],"tags":[],"class_list":["post-127058","post","type-post","status-publish","format-standard","has-post-thumbnail","hentry","category-noticies"],"acf":{"destacado":false},"yoast_head":"<!-- This site is optimized with the Yoast SEO plugin v23.0 - https:\/\/yoast.com\/wordpress\/plugins\/seo\/ -->\n<title>Val\u00e8ncia Turisme presenta la seua campanya Somies Val\u00e8ncia, Viu-la! en FITUR 2021 &#060; Valencia Turismo<\/title>\n<meta name=\"robots\" content=\"index, follow, max-snippet:-1, max-image-preview:large, max-video-preview:-1\" \/>\n<link rel=\"canonical\" href=\"https:\/\/turisme.dival.es\/ca\/valencia-turisme-presenta-la-seua-campanya-somies-valencia-viu-la-en-fitur-2021\/\" \/>\n<meta property=\"og:locale\" content=\"en_US\" \/>\n<meta property=\"og:type\" content=\"article\" \/>\n<meta property=\"og:title\" content=\"Val\u00e8ncia Turisme presenta la seua campanya Somies Val\u00e8ncia, Viu-la! en FITUR 2021 &#060; Valencia Turismo\" \/>\n<meta property=\"og:description\" content=\"El diputat de Turisme, Jordi Mayor: &#8220;Afrontem una campanya d&#8217;estiu esperan\u00e7adora, gr\u00e0cies a l&#8217;esfor\u00e7 i treball conjunt realitzat pel sector, les administracions i tota la societat valenciana&#8221;. 19\/05\/2021 Val\u00e8ncia Turisme, marca tur\u00edstica de la Diputaci\u00f3 de Val\u00e8ncia, ha presentat aquest mat\u00ed la seua campanya promocional Somies Val\u00e8ncia, Viu-la!, en la pla\u00e7a central de l&#8217;estand de [&hellip;]\" \/>\n<meta property=\"og:url\" content=\"https:\/\/turisme.dival.es\/ca\/valencia-turisme-presenta-la-seua-campanya-somies-valencia-viu-la-en-fitur-2021\/\" \/>\n<meta property=\"og:site_name\" content=\"Valencia Turismo\" \/>\n<meta property=\"article:published_time\" content=\"2021-05-19T11:52:16+00:00\" \/>\n<meta property=\"og:image\" content=\"https:\/\/turisme.dival.es\/wp-content\/uploads\/2022\/01\/IMG-20210519-WA0022.jpg\" \/>\n\t<meta property=\"og:image:width\" content=\"2048\" \/>\n\t<meta property=\"og:image:height\" content=\"1364\" \/>\n\t<meta property=\"og:image:type\" content=\"image\/jpeg\" \/>\n<meta name=\"author\" content=\"Val\u00e8ncia Turisme\" \/>\n<meta name=\"twitter:card\" content=\"summary_large_image\" \/>\n<meta name=\"twitter:label1\" content=\"Written by\" \/>\n\t<meta name=\"twitter:data1\" content=\"Val\u00e8ncia Turisme\" \/>\n\t<meta name=\"twitter:label2\" content=\"Est. reading time\" \/>\n\t<meta name=\"twitter:data2\" content=\"2 minutes\" \/>\n<script type=\"application\/ld+json\" class=\"yoast-schema-graph\">{\"@context\":\"https:\/\/schema.org\",\"@graph\":[{\"@type\":\"WebPage\",\"@id\":\"https:\/\/turisme.dival.es\/ca\/valencia-turisme-presenta-la-seua-campanya-somies-valencia-viu-la-en-fitur-2021\/\",\"url\":\"https:\/\/turisme.dival.es\/ca\/valencia-turisme-presenta-la-seua-campanya-somies-valencia-viu-la-en-fitur-2021\/\",\"name\":\"Val\u00e8ncia Turisme presenta la seua campanya Somies Val\u00e8ncia, Viu-la! en FITUR 2021 &#060; Valencia Turismo\",\"isPartOf\":{\"@id\":\"https:\/\/turisme.dival.es\/#website\"},\"primaryImageOfPage\":{\"@id\":\"https:\/\/turisme.dival.es\/ca\/valencia-turisme-presenta-la-seua-campanya-somies-valencia-viu-la-en-fitur-2021\/#primaryimage\"},\"image\":{\"@id\":\"https:\/\/turisme.dival.es\/ca\/valencia-turisme-presenta-la-seua-campanya-somies-valencia-viu-la-en-fitur-2021\/#primaryimage\"},\"thumbnailUrl\":\"https:\/\/turisme.dival.es\/wp-content\/uploads\/2022\/01\/IMG-20210519-WA0022.jpg\",\"datePublished\":\"2021-05-19T11:52:16+00:00\",\"dateModified\":\"2021-05-19T11:52:16+00:00\",\"author\":{\"@id\":\"https:\/\/turisme.dival.es\/#\/schema\/person\/3e0b7dd59fafb4560a54b9a4940574f4\"},\"inLanguage\":\"vl\",\"potentialAction\":[{\"@type\":\"ReadAction\",\"target\":[\"https:\/\/turisme.dival.es\/ca\/valencia-turisme-presenta-la-seua-campanya-somies-valencia-viu-la-en-fitur-2021\/\"]}]},{\"@type\":\"ImageObject\",\"inLanguage\":\"vl\",\"@id\":\"https:\/\/turisme.dival.es\/ca\/valencia-turisme-presenta-la-seua-campanya-somies-valencia-viu-la-en-fitur-2021\/#primaryimage\",\"url\":\"https:\/\/turisme.dival.es\/wp-content\/uploads\/2022\/01\/IMG-20210519-WA0022.jpg\",\"contentUrl\":\"https:\/\/turisme.dival.es\/wp-content\/uploads\/2022\/01\/IMG-20210519-WA0022.jpg\",\"width\":2048,\"height\":1364,\"caption\":\"||||\"},{\"@type\":\"WebSite\",\"@id\":\"https:\/\/turisme.dival.es\/#website\",\"url\":\"https:\/\/turisme.dival.es\/\",\"name\":\"valenciaturismo.com.mialias.net\",\"description\":\"\",\"potentialAction\":[{\"@type\":\"SearchAction\",\"target\":{\"@type\":\"EntryPoint\",\"urlTemplate\":\"https:\/\/turisme.dival.es\/?s={search_term_string}\"},\"query-input\":\"required name=search_term_string\"}],\"inLanguage\":\"vl\"},{\"@type\":\"Person\",\"@id\":\"https:\/\/turisme.dival.es\/#\/schema\/person\/3e0b7dd59fafb4560a54b9a4940574f4\",\"name\":\"Val\u00e8ncia Turisme\",\"image\":{\"@type\":\"ImageObject\",\"inLanguage\":\"vl\",\"@id\":\"https:\/\/turisme.dival.es\/#\/schema\/person\/image\/\",\"url\":\"https:\/\/secure.gravatar.com\/avatar\/0e9af38f68e5d55d0728b298890449252967999842654f5245c679ec46532ee9?s=96&d=mm&r=g\",\"contentUrl\":\"https:\/\/secure.gravatar.com\/avatar\/0e9af38f68e5d55d0728b298890449252967999842654f5245c679ec46532ee9?s=96&d=mm&r=g\",\"caption\":\"Val\u00e8ncia Turisme\"},\"sameAs\":[\"https:\/\/turisme.dival.es\"]}]}<\/script>\n<!-- \/ Yoast SEO plugin. -->","yoast_head_json":{"title":"Val\u00e8ncia Turisme presenta la seua campanya Somies Val\u00e8ncia, Viu-la! en FITUR 2021 &#060; Valencia Turismo","robots":{"index":"index","follow":"follow","max-snippet":"max-snippet:-1","max-image-preview":"max-image-preview:large","max-video-preview":"max-video-preview:-1"},"canonical":"https:\/\/turisme.dival.es\/ca\/valencia-turisme-presenta-la-seua-campanya-somies-valencia-viu-la-en-fitur-2021\/","og_locale":"en_US","og_type":"article","og_title":"Val\u00e8ncia Turisme presenta la seua campanya Somies Val\u00e8ncia, Viu-la! en FITUR 2021 &#060; Valencia Turismo","og_description":"El diputat de Turisme, Jordi Mayor: &#8220;Afrontem una campanya d&#8217;estiu esperan\u00e7adora, gr\u00e0cies a l&#8217;esfor\u00e7 i treball conjunt realitzat pel sector, les administracions i tota la societat valenciana&#8221;. 19\/05\/2021 Val\u00e8ncia Turisme, marca tur\u00edstica de la Diputaci\u00f3 de Val\u00e8ncia, ha presentat aquest mat\u00ed la seua campanya promocional Somies Val\u00e8ncia, Viu-la!, en la pla\u00e7a central de l&#8217;estand de [&hellip;]","og_url":"https:\/\/turisme.dival.es\/ca\/valencia-turisme-presenta-la-seua-campanya-somies-valencia-viu-la-en-fitur-2021\/","og_site_name":"Valencia Turismo","article_published_time":"2021-05-19T11:52:16+00:00","og_image":[{"width":2048,"height":1364,"url":"https:\/\/turisme.dival.es\/wp-content\/uploads\/2022\/01\/IMG-20210519-WA0022.jpg","type":"image\/jpeg"}],"author":"Val\u00e8ncia Turisme","twitter_card":"summary_large_image","twitter_misc":{"Written by":"Val\u00e8ncia Turisme","Est. reading time":"2 minutes"},"schema":{"@context":"https:\/\/schema.org","@graph":[{"@type":"WebPage","@id":"https:\/\/turisme.dival.es\/ca\/valencia-turisme-presenta-la-seua-campanya-somies-valencia-viu-la-en-fitur-2021\/","url":"https:\/\/turisme.dival.es\/ca\/valencia-turisme-presenta-la-seua-campanya-somies-valencia-viu-la-en-fitur-2021\/","name":"Val\u00e8ncia Turisme presenta la seua campanya Somies Val\u00e8ncia, Viu-la! en FITUR 2021 &#060; Valencia Turismo","isPartOf":{"@id":"https:\/\/turisme.dival.es\/#website"},"primaryImageOfPage":{"@id":"https:\/\/turisme.dival.es\/ca\/valencia-turisme-presenta-la-seua-campanya-somies-valencia-viu-la-en-fitur-2021\/#primaryimage"},"image":{"@id":"https:\/\/turisme.dival.es\/ca\/valencia-turisme-presenta-la-seua-campanya-somies-valencia-viu-la-en-fitur-2021\/#primaryimage"},"thumbnailUrl":"https:\/\/turisme.dival.es\/wp-content\/uploads\/2022\/01\/IMG-20210519-WA0022.jpg","datePublished":"2021-05-19T11:52:16+00:00","dateModified":"2021-05-19T11:52:16+00:00","author":{"@id":"https:\/\/turisme.dival.es\/#\/schema\/person\/3e0b7dd59fafb4560a54b9a4940574f4"},"inLanguage":"vl","potentialAction":[{"@type":"ReadAction","target":["https:\/\/turisme.dival.es\/ca\/valencia-turisme-presenta-la-seua-campanya-somies-valencia-viu-la-en-fitur-2021\/"]}]},{"@type":"ImageObject","inLanguage":"vl","@id":"https:\/\/turisme.dival.es\/ca\/valencia-turisme-presenta-la-seua-campanya-somies-valencia-viu-la-en-fitur-2021\/#primaryimage","url":"https:\/\/turisme.dival.es\/wp-content\/uploads\/2022\/01\/IMG-20210519-WA0022.jpg","contentUrl":"https:\/\/turisme.dival.es\/wp-content\/uploads\/2022\/01\/IMG-20210519-WA0022.jpg","width":2048,"height":1364,"caption":"||||"},{"@type":"WebSite","@id":"https:\/\/turisme.dival.es\/#website","url":"https:\/\/turisme.dival.es\/","name":"valenciaturismo.com.mialias.net","description":"","potentialAction":[{"@type":"SearchAction","target":{"@type":"EntryPoint","urlTemplate":"https:\/\/turisme.dival.es\/?s={search_term_string}"},"query-input":"required name=search_term_string"}],"inLanguage":"vl"},{"@type":"Person","@id":"https:\/\/turisme.dival.es\/#\/schema\/person\/3e0b7dd59fafb4560a54b9a4940574f4","name":"Val\u00e8ncia Turisme","image":{"@type":"ImageObject","inLanguage":"vl","@id":"https:\/\/turisme.dival.es\/#\/schema\/person\/image\/","url":"https:\/\/secure.gravatar.com\/avatar\/0e9af38f68e5d55d0728b298890449252967999842654f5245c679ec46532ee9?s=96&d=mm&r=g","contentUrl":"https:\/\/secure.gravatar.com\/avatar\/0e9af38f68e5d55d0728b298890449252967999842654f5245c679ec46532ee9?s=96&d=mm&r=g","caption":"Val\u00e8ncia Turisme"},"sameAs":["https:\/\/turisme.dival.es"]}]}},"_links":{"self":[{"href":"https:\/\/turisme.dival.es\/ca\/wp-json\/wp\/v2\/posts\/127058","targetHints":{"allow":["GET"]}}],"collection":[{"href":"https:\/\/turisme.dival.es\/ca\/wp-json\/wp\/v2\/posts"}],"about":[{"href":"https:\/\/turisme.dival.es\/ca\/wp-json\/wp\/v2\/types\/post"}],"author":[{"embeddable":true,"href":"https:\/\/turisme.dival.es\/ca\/wp-json\/wp\/v2\/users\/1"}],"replies":[{"embeddable":true,"href":"https:\/\/turisme.dival.es\/ca\/wp-json\/wp\/v2\/comments?post=127058"}],"version-history":[{"count":0,"href":"https:\/\/turisme.dival.es\/ca\/wp-json\/wp\/v2\/posts\/127058\/revisions"}],"wp:featuredmedia":[{"embeddable":true,"href":"https:\/\/turisme.dival.es\/ca\/wp-json\/wp\/v2\/media\/41453"}],"wp:attachment":[{"href":"https:\/\/turisme.dival.es\/ca\/wp-json\/wp\/v2\/media?parent=127058"}],"wp:term":[{"taxonomy":"category","embeddable":true,"href":"https:\/\/turisme.dival.es\/ca\/wp-json\/wp\/v2\/categories?post=127058"},{"taxonomy":"post_tag","embeddable":true,"href":"https:\/\/turisme.dival.es\/ca\/wp-json\/wp\/v2\/tags?post=127058"}],"curies":[{"name":"wp","href":"https:\/\/api.w.org\/{rel}","templated":true}]}}