{"id":127025,"date":"2020-09-14T11:44:21","date_gmt":"2020-09-14T11:44:21","guid":{"rendered":"https:\/\/turisme.dival.es\/valencia-turisme-crida-a-visitar-la-provincia-amb-una-nova-edicio-de-la-fira-de-les-comarques\/"},"modified":"2024-05-05T15:05:26","modified_gmt":"2024-05-05T15:05:26","slug":"valencia-turisme-crida-a-visitar-la-provincia-amb-una-nova-edicio-de-la-fira-de-les-comarques","status":"publish","type":"post","link":"https:\/\/turisme.dival.es\/ca\/valencia-turisme-crida-a-visitar-la-provincia-amb-una-nova-edicio-de-la-fira-de-les-comarques\/","title":{"rendered":"Val\u00e8ncia Turisme crida a visitar la prov\u00edncia amb una nova edici\u00f3 de la Fira de les Comarques"},"content":{"rendered":"<ul>\n<li style=\"text-align: justify\">El certamen se celebrar\u00e0 via On-line, del 18 al 20 de setembre a trav\u00e9s del portal web www.firacomarques.com<\/li>\n<\/ul>\n<p style=\"text-align: justify\">14\/sep\/2020. El Patronat de Turisme de Val\u00e8ncia ha organitzat un nova edici\u00f3 de la seua ja tradicional Fira de les Comarques, que se celebrar\u00e0 del 18 al 20 de setembre per primera vegada via on-line a trav\u00e9s del portal www.firacomarques.com, sota l&#8217;esl\u00f2gan &#8220;Visitem Val\u00e8ncia&#8221;.<\/p>\n<p style=\"text-align: justify\">&#8220;Es tracta de donar continu\u00eftat al certamen que cada any organitzem a la Pla\u00e7a de Bous de Val\u00e8ncia, per\u00f2 adaptant-lo a les actuals circumst\u00e0ncies sociosanit\u00e0ries amb la f\u00f3rmula de celebraci\u00f3 a trav\u00e9s d&#8217;internet, recolzant-nos en la tecnologia i seguint el model aplicat a alguns esdeveniments que ja s&#8217;han celebrat sota aquest format&#8221;, ha explicat el diputat de Turisme, Jordi Mayor.<\/p>\n<p style=\"text-align: justify\">&#8220;\u00c9s una proposta nova i adaptada al moment que vivim, que persegueix contribuir a la reactivaci\u00f3 del sector tur\u00edstic i l&#8217;economia de la nostra prov\u00edncia, incentivant el turisme de proximitat de cara a la tardor i l&#8217;hivern&#8221;, ha agregat.<\/p>\n<p style=\"text-align: justify\"><strong>&#8220;Visitem Val\u00e8ncia&#8221; o el turisme de proximitat<\/strong><\/p>\n<p style=\"text-align: justify\">En aquesta ocasi\u00f3, Val\u00e8ncia Turisme convida al p\u00fablic a con\u00e9ixer i rec\u00f3rrer el territori valenci\u00e0, gaudir de les m\u00faltiples experi\u00e8ncies tur\u00edstiques que ofereix, sol\u00b7licitar informaci\u00f3 detallada sobre aquestes per a planificar pr\u00f2ximes escapades d&#8217;un o diversos dies per la prov\u00edncia, fins i tot reservar experi\u00e8ncies i productes tur\u00edstics mitjan\u00e7ant WhatsApp o correu electr\u00f2nic, visualitzar v\u00eddeos de promoci\u00f3 de m\u00faltiples destinacions, descarregar fullets, plans i cat\u00e0legs\u2026.i tot a colp de click, des del nostre ordinador, tauleta o tel\u00e8fon m\u00f2bil.<\/p>\n<p style=\"text-align: justify\"><strong>www.firacomarques.com<\/strong><\/p>\n<p style=\"text-align: justify\">La web www.firacomarques.com arreplegar\u00e0 les propostes tur\u00edstiques de les diferents destinacions, estructurades per comarques, i les de les empreses dedicades a l&#8217;activitat tur\u00edstica en el territori valenci\u00e0, segons la seua tipologia, \u00e9s a dir, Turisme Actiu\/Naturalesa,Turisme Cultural\/Patrimoni i Turisme Gastron\u00f2mic.<\/p>\n<p style=\"text-align: justify\">A m\u00e9s, la fira oferir\u00e0 activitats addicionals com a actuacions musicals i demostracions gastron\u00f2miques en directe via streaming, una gimkana tur\u00edstica amb sorteig de premis per als participants, presentacions de productes i destinacions, aix\u00ed com la possibilitat de participar com a professional en reunions privades a trav\u00e9s de la plataforma amb la col\u00b7laboraci\u00f3 de la Confederaci\u00f3 Espanyola d&#8217;Ag\u00e8ncies de Viatges (CEAV), durant els dies 17 i 18 de setembre, mitjan\u00e7ant sistema d&#8217;agenda de reunions de treball \u201cone to one\u201d.<\/p>\n<p style=\"text-align: justify\">El certamen acollir\u00e0 la participaci\u00f3 d&#8217;un total de 48 empreses tur\u00edstiques i 58 destinacions de la prov\u00edncia i compta amb la col\u00b7laboraci\u00f3 de Turisme Comunitat Valenciana i la Fundaci\u00f3 VisitVal\u00e8ncia.<\/p>\n<p style=\"text-align: justify\">&#8220;En definitiva, la Fira de les Comarques d&#8217;enguany cerca donar suport a les iniciatives tur\u00edstiques municipals i empresarials per a treballar en la recuperaci\u00f3 econ\u00f2mica de la nostra prov\u00edncia, posant en valor l&#8217;esfor\u00e7 tant dels t\u00e8cnics d&#8217;ajuntaments i mancomunitats com dels empresaris del sector&#8221;, ha concl\u00f2s el diputat.<br \/>\nLa inauguraci\u00f3 de la fira, que tamb\u00e9 seguir\u00e0 el mateix format on-line, ser\u00e0 el dijous 17 de setembre a les 11 hores i podr\u00e0 seguir-se en directe en www.firacomarques.com<\/p>\n","protected":false},"excerpt":{"rendered":"<p>El certamen se celebrar\u00e0 via On-line, del 18 al 20 de setembre a trav\u00e9s del portal web www.firacomarques.com 14\/sep\/2020. El Patronat de Turisme de Val\u00e8ncia ha organitzat un nova edici\u00f3 de la seua ja tradicional Fira de les Comarques, que se celebrar\u00e0 del 18 al 20 de setembre per primera vegada via on-line a trav\u00e9s [&hellip;]<\/p>\n","protected":false},"author":1,"featured_media":0,"comment_status":"open","ping_status":"open","sticky":false,"template":"","format":"standard","meta":{"_acf_changed":false,"_et_pb_use_builder":"","_et_pb_old_content":"","_et_gb_content_width":"","footnotes":""},"categories":[1952],"tags":[],"class_list":["post-127025","post","type-post","status-publish","format-standard","hentry","category-noticies"],"acf":{"destacado":false},"yoast_head":"<!-- This site is optimized with the Yoast SEO plugin v23.0 - https:\/\/yoast.com\/wordpress\/plugins\/seo\/ -->\n<title>Val\u00e8ncia Turisme crida a visitar la prov\u00edncia amb una nova edici\u00f3 de la Fira de les Comarques &#060; Valencia Turismo<\/title>\n<meta name=\"robots\" content=\"index, follow, max-snippet:-1, max-image-preview:large, max-video-preview:-1\" \/>\n<link rel=\"canonical\" href=\"https:\/\/turisme.dival.es\/ca\/valencia-turisme-crida-a-visitar-la-provincia-amb-una-nova-edicio-de-la-fira-de-les-comarques\/\" \/>\n<meta property=\"og:locale\" content=\"en_US\" \/>\n<meta property=\"og:type\" content=\"article\" \/>\n<meta property=\"og:title\" content=\"Val\u00e8ncia Turisme crida a visitar la prov\u00edncia amb una nova edici\u00f3 de la Fira de les Comarques &#060; Valencia Turismo\" \/>\n<meta property=\"og:description\" content=\"El certamen se celebrar\u00e0 via On-line, del 18 al 20 de setembre a trav\u00e9s del portal web www.firacomarques.com 14\/sep\/2020. El Patronat de Turisme de Val\u00e8ncia ha organitzat un nova edici\u00f3 de la seua ja tradicional Fira de les Comarques, que se celebrar\u00e0 del 18 al 20 de setembre per primera vegada via on-line a trav\u00e9s [&hellip;]\" \/>\n<meta property=\"og:url\" content=\"https:\/\/turisme.dival.es\/ca\/valencia-turisme-crida-a-visitar-la-provincia-amb-una-nova-edicio-de-la-fira-de-les-comarques\/\" \/>\n<meta property=\"og:site_name\" content=\"Valencia Turismo\" \/>\n<meta property=\"article:published_time\" content=\"2020-09-14T11:44:21+00:00\" \/>\n<meta property=\"article:modified_time\" content=\"2024-05-05T15:05:26+00:00\" \/>\n<meta name=\"author\" content=\"Val\u00e8ncia Turisme\" \/>\n<meta name=\"twitter:card\" content=\"summary_large_image\" \/>\n<meta name=\"twitter:label1\" content=\"Written by\" \/>\n\t<meta name=\"twitter:data1\" content=\"Val\u00e8ncia Turisme\" \/>\n\t<meta name=\"twitter:label2\" content=\"Est. reading time\" \/>\n\t<meta name=\"twitter:data2\" content=\"3 minutes\" \/>\n<script type=\"application\/ld+json\" class=\"yoast-schema-graph\">{\"@context\":\"https:\/\/schema.org\",\"@graph\":[{\"@type\":\"WebPage\",\"@id\":\"https:\/\/turisme.dival.es\/ca\/valencia-turisme-crida-a-visitar-la-provincia-amb-una-nova-edicio-de-la-fira-de-les-comarques\/\",\"url\":\"https:\/\/turisme.dival.es\/ca\/valencia-turisme-crida-a-visitar-la-provincia-amb-una-nova-edicio-de-la-fira-de-les-comarques\/\",\"name\":\"Val\u00e8ncia Turisme crida a visitar la prov\u00edncia amb una nova edici\u00f3 de la Fira de les Comarques &#060; Valencia Turismo\",\"isPartOf\":{\"@id\":\"https:\/\/turisme.dival.es\/#website\"},\"datePublished\":\"2020-09-14T11:44:21+00:00\",\"dateModified\":\"2024-05-05T15:05:26+00:00\",\"author\":{\"@id\":\"https:\/\/turisme.dival.es\/#\/schema\/person\/3e0b7dd59fafb4560a54b9a4940574f4\"},\"inLanguage\":\"vl\",\"potentialAction\":[{\"@type\":\"ReadAction\",\"target\":[\"https:\/\/turisme.dival.es\/ca\/valencia-turisme-crida-a-visitar-la-provincia-amb-una-nova-edicio-de-la-fira-de-les-comarques\/\"]}]},{\"@type\":\"WebSite\",\"@id\":\"https:\/\/turisme.dival.es\/#website\",\"url\":\"https:\/\/turisme.dival.es\/\",\"name\":\"valenciaturismo.com.mialias.net\",\"description\":\"\",\"potentialAction\":[{\"@type\":\"SearchAction\",\"target\":{\"@type\":\"EntryPoint\",\"urlTemplate\":\"https:\/\/turisme.dival.es\/?s={search_term_string}\"},\"query-input\":\"required name=search_term_string\"}],\"inLanguage\":\"vl\"},{\"@type\":\"Person\",\"@id\":\"https:\/\/turisme.dival.es\/#\/schema\/person\/3e0b7dd59fafb4560a54b9a4940574f4\",\"name\":\"Val\u00e8ncia Turisme\",\"image\":{\"@type\":\"ImageObject\",\"inLanguage\":\"vl\",\"@id\":\"https:\/\/turisme.dival.es\/#\/schema\/person\/image\/\",\"url\":\"https:\/\/secure.gravatar.com\/avatar\/0e9af38f68e5d55d0728b298890449252967999842654f5245c679ec46532ee9?s=96&d=mm&r=g\",\"contentUrl\":\"https:\/\/secure.gravatar.com\/avatar\/0e9af38f68e5d55d0728b298890449252967999842654f5245c679ec46532ee9?s=96&d=mm&r=g\",\"caption\":\"Val\u00e8ncia Turisme\"},\"sameAs\":[\"https:\/\/turisme.dival.es\"]}]}<\/script>\n<!-- \/ Yoast SEO plugin. -->","yoast_head_json":{"title":"Val\u00e8ncia Turisme crida a visitar la prov\u00edncia amb una nova edici\u00f3 de la Fira de les Comarques &#060; Valencia Turismo","robots":{"index":"index","follow":"follow","max-snippet":"max-snippet:-1","max-image-preview":"max-image-preview:large","max-video-preview":"max-video-preview:-1"},"canonical":"https:\/\/turisme.dival.es\/ca\/valencia-turisme-crida-a-visitar-la-provincia-amb-una-nova-edicio-de-la-fira-de-les-comarques\/","og_locale":"en_US","og_type":"article","og_title":"Val\u00e8ncia Turisme crida a visitar la prov\u00edncia amb una nova edici\u00f3 de la Fira de les Comarques &#060; Valencia Turismo","og_description":"El certamen se celebrar\u00e0 via On-line, del 18 al 20 de setembre a trav\u00e9s del portal web www.firacomarques.com 14\/sep\/2020. El Patronat de Turisme de Val\u00e8ncia ha organitzat un nova edici\u00f3 de la seua ja tradicional Fira de les Comarques, que se celebrar\u00e0 del 18 al 20 de setembre per primera vegada via on-line a trav\u00e9s [&hellip;]","og_url":"https:\/\/turisme.dival.es\/ca\/valencia-turisme-crida-a-visitar-la-provincia-amb-una-nova-edicio-de-la-fira-de-les-comarques\/","og_site_name":"Valencia Turismo","article_published_time":"2020-09-14T11:44:21+00:00","article_modified_time":"2024-05-05T15:05:26+00:00","author":"Val\u00e8ncia Turisme","twitter_card":"summary_large_image","twitter_misc":{"Written by":"Val\u00e8ncia Turisme","Est. reading time":"3 minutes"},"schema":{"@context":"https:\/\/schema.org","@graph":[{"@type":"WebPage","@id":"https:\/\/turisme.dival.es\/ca\/valencia-turisme-crida-a-visitar-la-provincia-amb-una-nova-edicio-de-la-fira-de-les-comarques\/","url":"https:\/\/turisme.dival.es\/ca\/valencia-turisme-crida-a-visitar-la-provincia-amb-una-nova-edicio-de-la-fira-de-les-comarques\/","name":"Val\u00e8ncia Turisme crida a visitar la prov\u00edncia amb una nova edici\u00f3 de la Fira de les Comarques &#060; Valencia Turismo","isPartOf":{"@id":"https:\/\/turisme.dival.es\/#website"},"datePublished":"2020-09-14T11:44:21+00:00","dateModified":"2024-05-05T15:05:26+00:00","author":{"@id":"https:\/\/turisme.dival.es\/#\/schema\/person\/3e0b7dd59fafb4560a54b9a4940574f4"},"inLanguage":"vl","potentialAction":[{"@type":"ReadAction","target":["https:\/\/turisme.dival.es\/ca\/valencia-turisme-crida-a-visitar-la-provincia-amb-una-nova-edicio-de-la-fira-de-les-comarques\/"]}]},{"@type":"WebSite","@id":"https:\/\/turisme.dival.es\/#website","url":"https:\/\/turisme.dival.es\/","name":"valenciaturismo.com.mialias.net","description":"","potentialAction":[{"@type":"SearchAction","target":{"@type":"EntryPoint","urlTemplate":"https:\/\/turisme.dival.es\/?s={search_term_string}"},"query-input":"required name=search_term_string"}],"inLanguage":"vl"},{"@type":"Person","@id":"https:\/\/turisme.dival.es\/#\/schema\/person\/3e0b7dd59fafb4560a54b9a4940574f4","name":"Val\u00e8ncia Turisme","image":{"@type":"ImageObject","inLanguage":"vl","@id":"https:\/\/turisme.dival.es\/#\/schema\/person\/image\/","url":"https:\/\/secure.gravatar.com\/avatar\/0e9af38f68e5d55d0728b298890449252967999842654f5245c679ec46532ee9?s=96&d=mm&r=g","contentUrl":"https:\/\/secure.gravatar.com\/avatar\/0e9af38f68e5d55d0728b298890449252967999842654f5245c679ec46532ee9?s=96&d=mm&r=g","caption":"Val\u00e8ncia Turisme"},"sameAs":["https:\/\/turisme.dival.es"]}]}},"_links":{"self":[{"href":"https:\/\/turisme.dival.es\/ca\/wp-json\/wp\/v2\/posts\/127025","targetHints":{"allow":["GET"]}}],"collection":[{"href":"https:\/\/turisme.dival.es\/ca\/wp-json\/wp\/v2\/posts"}],"about":[{"href":"https:\/\/turisme.dival.es\/ca\/wp-json\/wp\/v2\/types\/post"}],"author":[{"embeddable":true,"href":"https:\/\/turisme.dival.es\/ca\/wp-json\/wp\/v2\/users\/1"}],"replies":[{"embeddable":true,"href":"https:\/\/turisme.dival.es\/ca\/wp-json\/wp\/v2\/comments?post=127025"}],"version-history":[{"count":1,"href":"https:\/\/turisme.dival.es\/ca\/wp-json\/wp\/v2\/posts\/127025\/revisions"}],"predecessor-version":[{"id":130614,"href":"https:\/\/turisme.dival.es\/ca\/wp-json\/wp\/v2\/posts\/127025\/revisions\/130614"}],"wp:attachment":[{"href":"https:\/\/turisme.dival.es\/ca\/wp-json\/wp\/v2\/media?parent=127025"}],"wp:term":[{"taxonomy":"category","embeddable":true,"href":"https:\/\/turisme.dival.es\/ca\/wp-json\/wp\/v2\/categories?post=127025"},{"taxonomy":"post_tag","embeddable":true,"href":"https:\/\/turisme.dival.es\/ca\/wp-json\/wp\/v2\/tags?post=127025"}],"curies":[{"name":"wp","href":"https:\/\/api.w.org\/{rel}","templated":true}]}}