{"id":127023,"date":"2020-07-10T13:11:13","date_gmt":"2020-07-10T13:11:13","guid":{"rendered":"https:\/\/turisme.dival.es\/nota-aclaridora-subvencions-2020\/"},"modified":"2020-07-10T13:11:13","modified_gmt":"2020-07-10T13:11:13","slug":"nota-aclaridora-subvencions-2020","status":"publish","type":"post","link":"https:\/\/turisme.dival.es\/ca\/nota-aclaridora-subvencions-2020\/","title":{"rendered":"Nota aclaridora subvencions 2020"},"content":{"rendered":"<p style=\"text-align: justify\">En aquest Patronat Provincial de Turisme s&#8217;estan gestionant tres l\u00ednies d&#8217;ajudes econ\u00f2miques per a accions de promoci\u00f3 tur\u00edstica encaminades a contrarestar els efectes negatius del Covid-19 sobre el sector tur\u00edstic a la prov\u00edncia de Val\u00e8ncia, potenciant el consum de productes i experi\u00e8ncies tur\u00edstiques destinades a:<\/p>\n<p style=\"text-align: justify\">-Ajuntaments i Entitats Locals Menors<\/p>\n<p style=\"text-align: justify\">&#8211; Mancomunitats i Associacions de Municipis<\/p>\n<p style=\"text-align: justify\">&#8211; Associacions, Fundacions i altres entitats sense \u00e0nim de lucre.<\/p>\n<p style=\"text-align: justify\">Vist al fet que s&#8217;han produ\u00eft nombroses consultes efectuades per les entitats destinat\u00e0ries de les ajudes.<\/p>\n<p style=\"text-align: justify\">At\u00e9s que la cl\u00e0usula huitena de cadascuna de les convocat\u00f2ries atribueixen a la Vicepresid\u00e8ncia del Patronat la compet\u00e8ncia per a la interpretaci\u00f3 de la convocat\u00f2ria, pr\u00e8viament a comen\u00e7ar amb l&#8217;avaluaci\u00f3 de les sol\u00b7licituds procedeix efectuar el seg\u00fcent aclariment interpretatiu:<\/p>\n<p style=\"text-align: justify\">&#8211; L&#8217;objecte de la convocat\u00f2ria t\u00e9 per finalitat el foment i la incentivaci\u00f3 del consum de productes i experi\u00e8ncies tur\u00edstiques a la prov\u00edncia de Val\u00e8ncia que contribu\u00efsquen a pal\u00b7liar els efectes negatius del Covid-19 sobre el sector tur\u00edstic. D&#8217;aquesta manera, atesa la finalitat de les ajudes, nom\u00e9s s&#8217;entenen com a subvencionables aquelles activitats descrites en la convocat\u00f2ria que estiguen directament vinculades a pal\u00b7liar els efectes del Covid-19.<\/p>\n","protected":false},"excerpt":{"rendered":"<p>En aquest Patronat Provincial de Turisme s&#8217;estan gestionant tres l\u00ednies d&#8217;ajudes econ\u00f2miques per a accions de promoci\u00f3 tur\u00edstica encaminades a contrarestar els efectes negatius del Covid-19 sobre el sector tur\u00edstic a la prov\u00edncia de Val\u00e8ncia, potenciant el consum de productes i experi\u00e8ncies tur\u00edstiques destinades a: -Ajuntaments i Entitats Locals Menors &#8211; Mancomunitats i Associacions de [&hellip;]<\/p>\n","protected":false},"author":1,"featured_media":21305,"comment_status":"open","ping_status":"open","sticky":false,"template":"","format":"standard","meta":{"_acf_changed":false,"_et_pb_use_builder":"","_et_pb_old_content":"","_et_gb_content_width":"","footnotes":""},"categories":[1952],"tags":[],"class_list":["post-127023","post","type-post","status-publish","format-standard","has-post-thumbnail","hentry","category-noticies"],"acf":{"destacado":false},"yoast_head":"<!-- This site is optimized with the Yoast SEO plugin v23.0 - https:\/\/yoast.com\/wordpress\/plugins\/seo\/ -->\n<title>Nota aclaridora subvencions 2020 &#060; Valencia Turismo<\/title>\n<meta name=\"robots\" content=\"index, follow, max-snippet:-1, max-image-preview:large, max-video-preview:-1\" \/>\n<link rel=\"canonical\" href=\"https:\/\/turisme.dival.es\/ca\/nota-aclaridora-subvencions-2020\/\" \/>\n<meta property=\"og:locale\" content=\"en_US\" \/>\n<meta property=\"og:type\" content=\"article\" \/>\n<meta property=\"og:title\" content=\"Nota aclaridora subvencions 2020 &#060; Valencia Turismo\" \/>\n<meta property=\"og:description\" content=\"En aquest Patronat Provincial de Turisme s&#8217;estan gestionant tres l\u00ednies d&#8217;ajudes econ\u00f2miques per a accions de promoci\u00f3 tur\u00edstica encaminades a contrarestar els efectes negatius del Covid-19 sobre el sector tur\u00edstic a la prov\u00edncia de Val\u00e8ncia, potenciant el consum de productes i experi\u00e8ncies tur\u00edstiques destinades a: -Ajuntaments i Entitats Locals Menors &#8211; Mancomunitats i Associacions de [&hellip;]\" \/>\n<meta property=\"og:url\" content=\"https:\/\/turisme.dival.es\/ca\/nota-aclaridora-subvencions-2020\/\" \/>\n<meta property=\"og:site_name\" content=\"Valencia Turismo\" \/>\n<meta property=\"article:published_time\" content=\"2020-07-10T13:11:13+00:00\" \/>\n<meta property=\"og:image\" content=\"https:\/\/turisme.dival.es\/wp-content\/uploads\/2021\/09\/LOGO-VT_VAL_COLOR_Positivo_RGB.jpg\" \/>\n\t<meta property=\"og:image:width\" content=\"856\" \/>\n\t<meta property=\"og:image:height\" content=\"412\" \/>\n\t<meta property=\"og:image:type\" content=\"image\/jpeg\" \/>\n<meta name=\"author\" content=\"Val\u00e8ncia Turisme\" \/>\n<meta name=\"twitter:card\" content=\"summary_large_image\" \/>\n<meta name=\"twitter:label1\" content=\"Written by\" \/>\n\t<meta name=\"twitter:data1\" content=\"Val\u00e8ncia Turisme\" \/>\n\t<meta name=\"twitter:label2\" content=\"Est. reading time\" \/>\n\t<meta name=\"twitter:data2\" content=\"1 minute\" \/>\n<script type=\"application\/ld+json\" class=\"yoast-schema-graph\">{\"@context\":\"https:\/\/schema.org\",\"@graph\":[{\"@type\":\"WebPage\",\"@id\":\"https:\/\/turisme.dival.es\/ca\/nota-aclaridora-subvencions-2020\/\",\"url\":\"https:\/\/turisme.dival.es\/ca\/nota-aclaridora-subvencions-2020\/\",\"name\":\"Nota aclaridora subvencions 2020 &#060; Valencia Turismo\",\"isPartOf\":{\"@id\":\"https:\/\/turisme.dival.es\/#website\"},\"primaryImageOfPage\":{\"@id\":\"https:\/\/turisme.dival.es\/ca\/nota-aclaridora-subvencions-2020\/#primaryimage\"},\"image\":{\"@id\":\"https:\/\/turisme.dival.es\/ca\/nota-aclaridora-subvencions-2020\/#primaryimage\"},\"thumbnailUrl\":\"https:\/\/turisme.dival.es\/wp-content\/uploads\/2021\/09\/LOGO-VT_VAL_COLOR_Positivo_RGB.jpg\",\"datePublished\":\"2020-07-10T13:11:13+00:00\",\"dateModified\":\"2020-07-10T13:11:13+00:00\",\"author\":{\"@id\":\"https:\/\/turisme.dival.es\/#\/schema\/person\/3e0b7dd59fafb4560a54b9a4940574f4\"},\"inLanguage\":\"vl\",\"potentialAction\":[{\"@type\":\"ReadAction\",\"target\":[\"https:\/\/turisme.dival.es\/ca\/nota-aclaridora-subvencions-2020\/\"]}]},{\"@type\":\"ImageObject\",\"inLanguage\":\"vl\",\"@id\":\"https:\/\/turisme.dival.es\/ca\/nota-aclaridora-subvencions-2020\/#primaryimage\",\"url\":\"https:\/\/turisme.dival.es\/wp-content\/uploads\/2021\/09\/LOGO-VT_VAL_COLOR_Positivo_RGB.jpg\",\"contentUrl\":\"https:\/\/turisme.dival.es\/wp-content\/uploads\/2021\/09\/LOGO-VT_VAL_COLOR_Positivo_RGB.jpg\",\"width\":856,\"height\":412},{\"@type\":\"WebSite\",\"@id\":\"https:\/\/turisme.dival.es\/#website\",\"url\":\"https:\/\/turisme.dival.es\/\",\"name\":\"valenciaturismo.com.mialias.net\",\"description\":\"\",\"potentialAction\":[{\"@type\":\"SearchAction\",\"target\":{\"@type\":\"EntryPoint\",\"urlTemplate\":\"https:\/\/turisme.dival.es\/?s={search_term_string}\"},\"query-input\":\"required name=search_term_string\"}],\"inLanguage\":\"vl\"},{\"@type\":\"Person\",\"@id\":\"https:\/\/turisme.dival.es\/#\/schema\/person\/3e0b7dd59fafb4560a54b9a4940574f4\",\"name\":\"Val\u00e8ncia Turisme\",\"image\":{\"@type\":\"ImageObject\",\"inLanguage\":\"vl\",\"@id\":\"https:\/\/turisme.dival.es\/#\/schema\/person\/image\/\",\"url\":\"https:\/\/secure.gravatar.com\/avatar\/0e9af38f68e5d55d0728b298890449252967999842654f5245c679ec46532ee9?s=96&d=mm&r=g\",\"contentUrl\":\"https:\/\/secure.gravatar.com\/avatar\/0e9af38f68e5d55d0728b298890449252967999842654f5245c679ec46532ee9?s=96&d=mm&r=g\",\"caption\":\"Val\u00e8ncia Turisme\"},\"sameAs\":[\"https:\/\/turisme.dival.es\"]}]}<\/script>\n<!-- \/ Yoast SEO plugin. -->","yoast_head_json":{"title":"Nota aclaridora subvencions 2020 &#060; Valencia Turismo","robots":{"index":"index","follow":"follow","max-snippet":"max-snippet:-1","max-image-preview":"max-image-preview:large","max-video-preview":"max-video-preview:-1"},"canonical":"https:\/\/turisme.dival.es\/ca\/nota-aclaridora-subvencions-2020\/","og_locale":"en_US","og_type":"article","og_title":"Nota aclaridora subvencions 2020 &#060; Valencia Turismo","og_description":"En aquest Patronat Provincial de Turisme s&#8217;estan gestionant tres l\u00ednies d&#8217;ajudes econ\u00f2miques per a accions de promoci\u00f3 tur\u00edstica encaminades a contrarestar els efectes negatius del Covid-19 sobre el sector tur\u00edstic a la prov\u00edncia de Val\u00e8ncia, potenciant el consum de productes i experi\u00e8ncies tur\u00edstiques destinades a: -Ajuntaments i Entitats Locals Menors &#8211; Mancomunitats i Associacions de [&hellip;]","og_url":"https:\/\/turisme.dival.es\/ca\/nota-aclaridora-subvencions-2020\/","og_site_name":"Valencia Turismo","article_published_time":"2020-07-10T13:11:13+00:00","og_image":[{"width":856,"height":412,"url":"https:\/\/turisme.dival.es\/wp-content\/uploads\/2021\/09\/LOGO-VT_VAL_COLOR_Positivo_RGB.jpg","type":"image\/jpeg"}],"author":"Val\u00e8ncia Turisme","twitter_card":"summary_large_image","twitter_misc":{"Written by":"Val\u00e8ncia Turisme","Est. reading time":"1 minute"},"schema":{"@context":"https:\/\/schema.org","@graph":[{"@type":"WebPage","@id":"https:\/\/turisme.dival.es\/ca\/nota-aclaridora-subvencions-2020\/","url":"https:\/\/turisme.dival.es\/ca\/nota-aclaridora-subvencions-2020\/","name":"Nota aclaridora subvencions 2020 &#060; Valencia Turismo","isPartOf":{"@id":"https:\/\/turisme.dival.es\/#website"},"primaryImageOfPage":{"@id":"https:\/\/turisme.dival.es\/ca\/nota-aclaridora-subvencions-2020\/#primaryimage"},"image":{"@id":"https:\/\/turisme.dival.es\/ca\/nota-aclaridora-subvencions-2020\/#primaryimage"},"thumbnailUrl":"https:\/\/turisme.dival.es\/wp-content\/uploads\/2021\/09\/LOGO-VT_VAL_COLOR_Positivo_RGB.jpg","datePublished":"2020-07-10T13:11:13+00:00","dateModified":"2020-07-10T13:11:13+00:00","author":{"@id":"https:\/\/turisme.dival.es\/#\/schema\/person\/3e0b7dd59fafb4560a54b9a4940574f4"},"inLanguage":"vl","potentialAction":[{"@type":"ReadAction","target":["https:\/\/turisme.dival.es\/ca\/nota-aclaridora-subvencions-2020\/"]}]},{"@type":"ImageObject","inLanguage":"vl","@id":"https:\/\/turisme.dival.es\/ca\/nota-aclaridora-subvencions-2020\/#primaryimage","url":"https:\/\/turisme.dival.es\/wp-content\/uploads\/2021\/09\/LOGO-VT_VAL_COLOR_Positivo_RGB.jpg","contentUrl":"https:\/\/turisme.dival.es\/wp-content\/uploads\/2021\/09\/LOGO-VT_VAL_COLOR_Positivo_RGB.jpg","width":856,"height":412},{"@type":"WebSite","@id":"https:\/\/turisme.dival.es\/#website","url":"https:\/\/turisme.dival.es\/","name":"valenciaturismo.com.mialias.net","description":"","potentialAction":[{"@type":"SearchAction","target":{"@type":"EntryPoint","urlTemplate":"https:\/\/turisme.dival.es\/?s={search_term_string}"},"query-input":"required name=search_term_string"}],"inLanguage":"vl"},{"@type":"Person","@id":"https:\/\/turisme.dival.es\/#\/schema\/person\/3e0b7dd59fafb4560a54b9a4940574f4","name":"Val\u00e8ncia Turisme","image":{"@type":"ImageObject","inLanguage":"vl","@id":"https:\/\/turisme.dival.es\/#\/schema\/person\/image\/","url":"https:\/\/secure.gravatar.com\/avatar\/0e9af38f68e5d55d0728b298890449252967999842654f5245c679ec46532ee9?s=96&d=mm&r=g","contentUrl":"https:\/\/secure.gravatar.com\/avatar\/0e9af38f68e5d55d0728b298890449252967999842654f5245c679ec46532ee9?s=96&d=mm&r=g","caption":"Val\u00e8ncia Turisme"},"sameAs":["https:\/\/turisme.dival.es"]}]}},"_links":{"self":[{"href":"https:\/\/turisme.dival.es\/ca\/wp-json\/wp\/v2\/posts\/127023","targetHints":{"allow":["GET"]}}],"collection":[{"href":"https:\/\/turisme.dival.es\/ca\/wp-json\/wp\/v2\/posts"}],"about":[{"href":"https:\/\/turisme.dival.es\/ca\/wp-json\/wp\/v2\/types\/post"}],"author":[{"embeddable":true,"href":"https:\/\/turisme.dival.es\/ca\/wp-json\/wp\/v2\/users\/1"}],"replies":[{"embeddable":true,"href":"https:\/\/turisme.dival.es\/ca\/wp-json\/wp\/v2\/comments?post=127023"}],"version-history":[{"count":0,"href":"https:\/\/turisme.dival.es\/ca\/wp-json\/wp\/v2\/posts\/127023\/revisions"}],"wp:featuredmedia":[{"embeddable":true,"href":"https:\/\/turisme.dival.es\/ca\/wp-json\/wp\/v2\/media\/21305"}],"wp:attachment":[{"href":"https:\/\/turisme.dival.es\/ca\/wp-json\/wp\/v2\/media?parent=127023"}],"wp:term":[{"taxonomy":"category","embeddable":true,"href":"https:\/\/turisme.dival.es\/ca\/wp-json\/wp\/v2\/categories?post=127023"},{"taxonomy":"post_tag","embeddable":true,"href":"https:\/\/turisme.dival.es\/ca\/wp-json\/wp\/v2\/tags?post=127023"}],"curies":[{"name":"wp","href":"https:\/\/api.w.org\/{rel}","templated":true}]}}