{"id":127020,"date":"2020-06-25T15:39:00","date_gmt":"2020-06-25T15:39:00","guid":{"rendered":"https:\/\/turisme.dival.es\/el-cub-de-les-comarques-de-valencia-turisme-es-reactiva-per-a-divulgar-la-nova-oferta-turistica-de-la-provincia\/"},"modified":"2024-05-05T15:05:24","modified_gmt":"2024-05-05T15:05:24","slug":"el-cub-de-les-comarques-de-valencia-turisme-es-reactiva-per-a-divulgar-la-nova-oferta-turistica-de-la-provincia","status":"publish","type":"post","link":"https:\/\/turisme.dival.es\/ca\/el-cub-de-les-comarques-de-valencia-turisme-es-reactiva-per-a-divulgar-la-nova-oferta-turistica-de-la-provincia\/","title":{"rendered":"El Cub de les Comarques de Val\u00e8ncia Turisme es reactiva per a divulgar la nova oferta tur\u00edstica de la prov\u00edncia"},"content":{"rendered":"<ul>\n<li style=\"text-align: justify\">L&#8217;Ajuntament de Riba-roja de T\u00faria protagonitza la reobertura de l&#8217;espai situat en la Marina amb la presentaci\u00f3 de la seua campanya tur\u00edstica i cultural per a aquest estiu<\/li>\n<\/ul>\n<p style=\"text-align: justify\">\n<p>25\/06\/2020<br \/>\nEl Cub de les Comarques de Val\u00e8ncia ha recobrat hui la seua funci\u00f3 dinamitzadora, divulgativa i promocional de l&#8217;oferta tur\u00edstica de la prov\u00edncia &#8220;des d&#8217;un espai privilegiat, tant per caracter\u00edstiques com per ubicaci\u00f3, i obert a tots els municipis valencians, associacions i entitats que desitgen presentar les seues propostes a la ciutat de Val\u00e8ncia per a arribar a un major p\u00fablic&#8221;, ha destacat el diputat de Turisme, Jordi Mayor.<\/p>\n<p style=\"text-align: justify\">\nL&#8217;Ajuntament de Riba-roja de T\u00faria ha protagonitzat la reobertura de l&#8217;espai, situat en la Marina de Val\u00e8ncia, amb la presentaci\u00f3 de la seua campanya d&#8217;activitats tur\u00edstiques i culturals per a aquest estiu.<\/p>\n<p style=\"text-align: justify\">\nL&#8217;acte ha comptat amb la participaci\u00f3 del Secretari Auton\u00f2mic de Turisme, Francesc Colomer; el diputat de Turisme de la Diputaci\u00f3 de Val\u00e8ncia, Jordi Mayor; el director de Val\u00e8ncia Turisme, Evarist Caselles; el director del Consorci de la Marina, Vicent Llorens, aix\u00ed com l&#8217;alcalde Robert Raga i la regidora de Turisme, Esther G\u00f3mez, que han donat compte de les noves propostes locals i del v\u00eddeo promocional.<\/p>\n<p style=\"text-align: justify\">\nLes activitats projectades per l&#8217;Ajuntament de Riba-roja, previstes per als mesos de juliol i agost, es desenvoluparan en col\u00b7laboraci\u00f3 amb empreses locals de Camp de T\u00faria per a generar economia, alhora, i consisteixen en visites culturals guiades al patrimoni hist\u00f2ric i arqueol\u00f2gic de la poblaci\u00f3, a m\u00e9s de propostes gastron\u00f2miques i la pr\u00e0ctica del turisme de naturalesa amb el descens en kayak pel riu T\u00faria, rutes ciclistes pel Parc Natural del T\u00faria, marxa n\u00f2rdica i albirament d&#8217;ocells o\u00a0birding, entre altres propostes.<\/p>\n","protected":false},"excerpt":{"rendered":"<p>L&#8217;Ajuntament de Riba-roja de T\u00faria protagonitza la reobertura de l&#8217;espai situat en la Marina amb la presentaci\u00f3 de la seua campanya tur\u00edstica i cultural per a aquest estiu 25\/06\/2020 El Cub de les Comarques de Val\u00e8ncia ha recobrat hui la seua funci\u00f3 dinamitzadora, divulgativa i promocional de l&#8217;oferta tur\u00edstica de la prov\u00edncia &#8220;des d&#8217;un espai [&hellip;]<\/p>\n","protected":false},"author":1,"featured_media":9117,"comment_status":"open","ping_status":"open","sticky":false,"template":"","format":"standard","meta":{"_acf_changed":false,"_et_pb_use_builder":"","_et_pb_old_content":"","_et_gb_content_width":"","footnotes":""},"categories":[1952],"tags":[],"class_list":["post-127020","post","type-post","status-publish","format-standard","has-post-thumbnail","hentry","category-noticies"],"acf":{"destacado":false},"yoast_head":"<!-- This site is optimized with the Yoast SEO plugin v23.0 - https:\/\/yoast.com\/wordpress\/plugins\/seo\/ -->\n<title>El Cub de les Comarques de Val\u00e8ncia Turisme es reactiva per a divulgar la nova oferta tur\u00edstica de la prov\u00edncia &#060; Valencia Turismo<\/title>\n<meta name=\"robots\" content=\"index, follow, max-snippet:-1, max-image-preview:large, max-video-preview:-1\" \/>\n<link rel=\"canonical\" href=\"https:\/\/turisme.dival.es\/ca\/el-cub-de-les-comarques-de-valencia-turisme-es-reactiva-per-a-divulgar-la-nova-oferta-turistica-de-la-provincia\/\" \/>\n<meta property=\"og:locale\" content=\"en_US\" \/>\n<meta property=\"og:type\" content=\"article\" \/>\n<meta property=\"og:title\" content=\"El Cub de les Comarques de Val\u00e8ncia Turisme es reactiva per a divulgar la nova oferta tur\u00edstica de la prov\u00edncia &#060; Valencia Turismo\" \/>\n<meta property=\"og:description\" content=\"L&#8217;Ajuntament de Riba-roja de T\u00faria protagonitza la reobertura de l&#8217;espai situat en la Marina amb la presentaci\u00f3 de la seua campanya tur\u00edstica i cultural per a aquest estiu 25\/06\/2020 El Cub de les Comarques de Val\u00e8ncia ha recobrat hui la seua funci\u00f3 dinamitzadora, divulgativa i promocional de l&#8217;oferta tur\u00edstica de la prov\u00edncia &#8220;des d&#8217;un espai [&hellip;]\" \/>\n<meta property=\"og:url\" content=\"https:\/\/turisme.dival.es\/ca\/el-cub-de-les-comarques-de-valencia-turisme-es-reactiva-per-a-divulgar-la-nova-oferta-turistica-de-la-provincia\/\" \/>\n<meta property=\"og:site_name\" content=\"Valencia Turismo\" \/>\n<meta property=\"article:published_time\" content=\"2020-06-25T15:39:00+00:00\" \/>\n<meta property=\"article:modified_time\" content=\"2024-05-05T15:05:24+00:00\" \/>\n<meta property=\"og:image\" content=\"https:\/\/turisme.dival.es\/wp-content\/uploads\/2021\/09\/1-1-scaled.jpg\" \/>\n\t<meta property=\"og:image:width\" content=\"2560\" \/>\n\t<meta property=\"og:image:height\" content=\"1920\" \/>\n\t<meta property=\"og:image:type\" content=\"image\/jpeg\" \/>\n<meta name=\"author\" content=\"Val\u00e8ncia Turisme\" \/>\n<meta name=\"twitter:card\" content=\"summary_large_image\" \/>\n<meta name=\"twitter:label1\" content=\"Written by\" \/>\n\t<meta name=\"twitter:data1\" content=\"Val\u00e8ncia Turisme\" \/>\n\t<meta name=\"twitter:label2\" content=\"Est. reading time\" \/>\n\t<meta name=\"twitter:data2\" content=\"2 minutes\" \/>\n<script type=\"application\/ld+json\" class=\"yoast-schema-graph\">{\"@context\":\"https:\/\/schema.org\",\"@graph\":[{\"@type\":\"WebPage\",\"@id\":\"https:\/\/turisme.dival.es\/ca\/el-cub-de-les-comarques-de-valencia-turisme-es-reactiva-per-a-divulgar-la-nova-oferta-turistica-de-la-provincia\/\",\"url\":\"https:\/\/turisme.dival.es\/ca\/el-cub-de-les-comarques-de-valencia-turisme-es-reactiva-per-a-divulgar-la-nova-oferta-turistica-de-la-provincia\/\",\"name\":\"El Cub de les Comarques de Val\u00e8ncia Turisme es reactiva per a divulgar la nova oferta tur\u00edstica de la prov\u00edncia &#060; Valencia Turismo\",\"isPartOf\":{\"@id\":\"https:\/\/turisme.dival.es\/#website\"},\"primaryImageOfPage\":{\"@id\":\"https:\/\/turisme.dival.es\/ca\/el-cub-de-les-comarques-de-valencia-turisme-es-reactiva-per-a-divulgar-la-nova-oferta-turistica-de-la-provincia\/#primaryimage\"},\"image\":{\"@id\":\"https:\/\/turisme.dival.es\/ca\/el-cub-de-les-comarques-de-valencia-turisme-es-reactiva-per-a-divulgar-la-nova-oferta-turistica-de-la-provincia\/#primaryimage\"},\"thumbnailUrl\":\"https:\/\/turisme.dival.es\/wp-content\/uploads\/2021\/09\/1-1-scaled.jpg\",\"datePublished\":\"2020-06-25T15:39:00+00:00\",\"dateModified\":\"2024-05-05T15:05:24+00:00\",\"author\":{\"@id\":\"https:\/\/turisme.dival.es\/#\/schema\/person\/3e0b7dd59fafb4560a54b9a4940574f4\"},\"inLanguage\":\"vl\",\"potentialAction\":[{\"@type\":\"ReadAction\",\"target\":[\"https:\/\/turisme.dival.es\/ca\/el-cub-de-les-comarques-de-valencia-turisme-es-reactiva-per-a-divulgar-la-nova-oferta-turistica-de-la-provincia\/\"]}]},{\"@type\":\"ImageObject\",\"inLanguage\":\"vl\",\"@id\":\"https:\/\/turisme.dival.es\/ca\/el-cub-de-les-comarques-de-valencia-turisme-es-reactiva-per-a-divulgar-la-nova-oferta-turistica-de-la-provincia\/#primaryimage\",\"url\":\"https:\/\/turisme.dival.es\/wp-content\/uploads\/2021\/09\/1-1-scaled.jpg\",\"contentUrl\":\"https:\/\/turisme.dival.es\/wp-content\/uploads\/2021\/09\/1-1-scaled.jpg\",\"width\":2560,\"height\":1920},{\"@type\":\"WebSite\",\"@id\":\"https:\/\/turisme.dival.es\/#website\",\"url\":\"https:\/\/turisme.dival.es\/\",\"name\":\"valenciaturismo.com.mialias.net\",\"description\":\"\",\"potentialAction\":[{\"@type\":\"SearchAction\",\"target\":{\"@type\":\"EntryPoint\",\"urlTemplate\":\"https:\/\/turisme.dival.es\/?s={search_term_string}\"},\"query-input\":\"required name=search_term_string\"}],\"inLanguage\":\"vl\"},{\"@type\":\"Person\",\"@id\":\"https:\/\/turisme.dival.es\/#\/schema\/person\/3e0b7dd59fafb4560a54b9a4940574f4\",\"name\":\"Val\u00e8ncia Turisme\",\"image\":{\"@type\":\"ImageObject\",\"inLanguage\":\"vl\",\"@id\":\"https:\/\/turisme.dival.es\/#\/schema\/person\/image\/\",\"url\":\"https:\/\/secure.gravatar.com\/avatar\/0e9af38f68e5d55d0728b298890449252967999842654f5245c679ec46532ee9?s=96&d=mm&r=g\",\"contentUrl\":\"https:\/\/secure.gravatar.com\/avatar\/0e9af38f68e5d55d0728b298890449252967999842654f5245c679ec46532ee9?s=96&d=mm&r=g\",\"caption\":\"Val\u00e8ncia Turisme\"},\"sameAs\":[\"https:\/\/turisme.dival.es\"]}]}<\/script>\n<!-- \/ Yoast SEO plugin. -->","yoast_head_json":{"title":"El Cub de les Comarques de Val\u00e8ncia Turisme es reactiva per a divulgar la nova oferta tur\u00edstica de la prov\u00edncia &#060; Valencia Turismo","robots":{"index":"index","follow":"follow","max-snippet":"max-snippet:-1","max-image-preview":"max-image-preview:large","max-video-preview":"max-video-preview:-1"},"canonical":"https:\/\/turisme.dival.es\/ca\/el-cub-de-les-comarques-de-valencia-turisme-es-reactiva-per-a-divulgar-la-nova-oferta-turistica-de-la-provincia\/","og_locale":"en_US","og_type":"article","og_title":"El Cub de les Comarques de Val\u00e8ncia Turisme es reactiva per a divulgar la nova oferta tur\u00edstica de la prov\u00edncia &#060; Valencia Turismo","og_description":"L&#8217;Ajuntament de Riba-roja de T\u00faria protagonitza la reobertura de l&#8217;espai situat en la Marina amb la presentaci\u00f3 de la seua campanya tur\u00edstica i cultural per a aquest estiu 25\/06\/2020 El Cub de les Comarques de Val\u00e8ncia ha recobrat hui la seua funci\u00f3 dinamitzadora, divulgativa i promocional de l&#8217;oferta tur\u00edstica de la prov\u00edncia &#8220;des d&#8217;un espai [&hellip;]","og_url":"https:\/\/turisme.dival.es\/ca\/el-cub-de-les-comarques-de-valencia-turisme-es-reactiva-per-a-divulgar-la-nova-oferta-turistica-de-la-provincia\/","og_site_name":"Valencia Turismo","article_published_time":"2020-06-25T15:39:00+00:00","article_modified_time":"2024-05-05T15:05:24+00:00","og_image":[{"width":2560,"height":1920,"url":"https:\/\/turisme.dival.es\/wp-content\/uploads\/2021\/09\/1-1-scaled.jpg","type":"image\/jpeg"}],"author":"Val\u00e8ncia Turisme","twitter_card":"summary_large_image","twitter_misc":{"Written by":"Val\u00e8ncia Turisme","Est. reading time":"2 minutes"},"schema":{"@context":"https:\/\/schema.org","@graph":[{"@type":"WebPage","@id":"https:\/\/turisme.dival.es\/ca\/el-cub-de-les-comarques-de-valencia-turisme-es-reactiva-per-a-divulgar-la-nova-oferta-turistica-de-la-provincia\/","url":"https:\/\/turisme.dival.es\/ca\/el-cub-de-les-comarques-de-valencia-turisme-es-reactiva-per-a-divulgar-la-nova-oferta-turistica-de-la-provincia\/","name":"El Cub de les Comarques de Val\u00e8ncia Turisme es reactiva per a divulgar la nova oferta tur\u00edstica de la prov\u00edncia &#060; Valencia Turismo","isPartOf":{"@id":"https:\/\/turisme.dival.es\/#website"},"primaryImageOfPage":{"@id":"https:\/\/turisme.dival.es\/ca\/el-cub-de-les-comarques-de-valencia-turisme-es-reactiva-per-a-divulgar-la-nova-oferta-turistica-de-la-provincia\/#primaryimage"},"image":{"@id":"https:\/\/turisme.dival.es\/ca\/el-cub-de-les-comarques-de-valencia-turisme-es-reactiva-per-a-divulgar-la-nova-oferta-turistica-de-la-provincia\/#primaryimage"},"thumbnailUrl":"https:\/\/turisme.dival.es\/wp-content\/uploads\/2021\/09\/1-1-scaled.jpg","datePublished":"2020-06-25T15:39:00+00:00","dateModified":"2024-05-05T15:05:24+00:00","author":{"@id":"https:\/\/turisme.dival.es\/#\/schema\/person\/3e0b7dd59fafb4560a54b9a4940574f4"},"inLanguage":"vl","potentialAction":[{"@type":"ReadAction","target":["https:\/\/turisme.dival.es\/ca\/el-cub-de-les-comarques-de-valencia-turisme-es-reactiva-per-a-divulgar-la-nova-oferta-turistica-de-la-provincia\/"]}]},{"@type":"ImageObject","inLanguage":"vl","@id":"https:\/\/turisme.dival.es\/ca\/el-cub-de-les-comarques-de-valencia-turisme-es-reactiva-per-a-divulgar-la-nova-oferta-turistica-de-la-provincia\/#primaryimage","url":"https:\/\/turisme.dival.es\/wp-content\/uploads\/2021\/09\/1-1-scaled.jpg","contentUrl":"https:\/\/turisme.dival.es\/wp-content\/uploads\/2021\/09\/1-1-scaled.jpg","width":2560,"height":1920},{"@type":"WebSite","@id":"https:\/\/turisme.dival.es\/#website","url":"https:\/\/turisme.dival.es\/","name":"valenciaturismo.com.mialias.net","description":"","potentialAction":[{"@type":"SearchAction","target":{"@type":"EntryPoint","urlTemplate":"https:\/\/turisme.dival.es\/?s={search_term_string}"},"query-input":"required name=search_term_string"}],"inLanguage":"vl"},{"@type":"Person","@id":"https:\/\/turisme.dival.es\/#\/schema\/person\/3e0b7dd59fafb4560a54b9a4940574f4","name":"Val\u00e8ncia Turisme","image":{"@type":"ImageObject","inLanguage":"vl","@id":"https:\/\/turisme.dival.es\/#\/schema\/person\/image\/","url":"https:\/\/secure.gravatar.com\/avatar\/0e9af38f68e5d55d0728b298890449252967999842654f5245c679ec46532ee9?s=96&d=mm&r=g","contentUrl":"https:\/\/secure.gravatar.com\/avatar\/0e9af38f68e5d55d0728b298890449252967999842654f5245c679ec46532ee9?s=96&d=mm&r=g","caption":"Val\u00e8ncia Turisme"},"sameAs":["https:\/\/turisme.dival.es"]}]}},"_links":{"self":[{"href":"https:\/\/turisme.dival.es\/ca\/wp-json\/wp\/v2\/posts\/127020","targetHints":{"allow":["GET"]}}],"collection":[{"href":"https:\/\/turisme.dival.es\/ca\/wp-json\/wp\/v2\/posts"}],"about":[{"href":"https:\/\/turisme.dival.es\/ca\/wp-json\/wp\/v2\/types\/post"}],"author":[{"embeddable":true,"href":"https:\/\/turisme.dival.es\/ca\/wp-json\/wp\/v2\/users\/1"}],"replies":[{"embeddable":true,"href":"https:\/\/turisme.dival.es\/ca\/wp-json\/wp\/v2\/comments?post=127020"}],"version-history":[{"count":1,"href":"https:\/\/turisme.dival.es\/ca\/wp-json\/wp\/v2\/posts\/127020\/revisions"}],"predecessor-version":[{"id":130612,"href":"https:\/\/turisme.dival.es\/ca\/wp-json\/wp\/v2\/posts\/127020\/revisions\/130612"}],"wp:featuredmedia":[{"embeddable":true,"href":"https:\/\/turisme.dival.es\/ca\/wp-json\/wp\/v2\/media\/9117"}],"wp:attachment":[{"href":"https:\/\/turisme.dival.es\/ca\/wp-json\/wp\/v2\/media?parent=127020"}],"wp:term":[{"taxonomy":"category","embeddable":true,"href":"https:\/\/turisme.dival.es\/ca\/wp-json\/wp\/v2\/categories?post=127020"},{"taxonomy":"post_tag","embeddable":true,"href":"https:\/\/turisme.dival.es\/ca\/wp-json\/wp\/v2\/tags?post=127020"}],"curies":[{"name":"wp","href":"https:\/\/api.w.org\/{rel}","templated":true}]}}