{"id":127019,"date":"2020-06-24T12:42:57","date_gmt":"2020-06-24T12:42:57","guid":{"rendered":"https:\/\/turisme.dival.es\/film-valencia-repren-lactivitat-audiovisual-en-el-territori-valencia\/"},"modified":"2024-05-05T15:05:24","modified_gmt":"2024-05-05T15:05:24","slug":"film-valencia-repren-lactivitat-audiovisual-en-el-territori-valencia","status":"publish","type":"post","link":"https:\/\/turisme.dival.es\/ca\/film-valencia-repren-lactivitat-audiovisual-en-el-territori-valencia\/","title":{"rendered":"Film Valencia repr\u00e8n l&#8217;activitat audiovisual en el territori valenci\u00e0"},"content":{"rendered":"<ul>\n<li style=\"text-align: justify\">El programa cultural de Val\u00e8ncia Turisme trasllada als municipis les noves formes de rodatge que ha marcat la pand\u00e8mia de la Covid-19<\/li>\n<\/ul>\n<p style=\"text-align: justify\">\n24\/06\/2020<br \/>\nEl programa cultural Film Valencia, impulsat per Val\u00e8ncia Turisme per a projectar el territori valenci\u00e0 nacional i internacionalment mitjan\u00e7ant els rodatges cinematogr\u00e0fics o publicitaris, ha repr\u00e8s l&#8217;activitat despr\u00e9s de l&#8217;aturada obligada per l&#8217;estat d&#8217;alarma amb un objectiu afegit: traslladar als municipis les noves formes i normes de rodatge que ha marcat la pand\u00e8mia de la Covid-19.<\/p>\n<p style=\"text-align: justify\">Aix\u00ed, Val\u00e8ncia Turisme celebrar\u00e0 divendres que ve dues sessions informatives via online, dirigides tant als municipis integrats en la seua plataforma com a altres interessats en el projecte, per a detallar la nova normativa aplicable a l&#8217;acci\u00f3 de la ind\u00fastria audiovisual i els protocols de seguretat necessaris per a continuar promocionant i divulgant a trav\u00e9s d&#8217;aquesta via totes les possibilitats que ofereix el territori valenci\u00e0.<\/p>\n<p style=\"text-align: justify\">La primera jornada analitzar\u00e0 el projecte Red Film Valencia amb t\u00e8cnics de turisme i cultura, municipals i comarcals, interessats en formar part de la plataforma, mitjan\u00e7ant diferents suports audiovisuals i digitals, a m\u00e9s de la informaci\u00f3 aportada pels participants sobre possibles localitzacions, serveis i professionals de les seues poblacions dedicats a l&#8217;audiovisual o que pogueren treballar en un rodatge.<\/p>\n<p style=\"text-align: justify\">La segona sessi\u00f3 est\u00e0 dirigida al mateix perfil professional per\u00f2 ja pertanyent a la REd Film Valencia, amb l&#8217;objectiu de presentar i divulgar les noves mesures t\u00e8cniques i d&#8217;organitzaci\u00f3 en rodatges postCovid-19, mitjan\u00e7ant l&#8217;estudi dels enregistraments previstos en cada localitat, la Guia de Bones Pr\u00e0ctiques en Rodatges de Mesures Especials per a la Prevenci\u00f3 de Riscos Laborals del Sector Audiovisual Espanyol, les indicacions en aquest \u00e0mbit de l&#8217;European Film Comission, l&#8217;intercanvi d&#8217;experi\u00e8ncies i la resoluci\u00f3 de dubtes sobre aquest tema.<\/p>\n<p style=\"text-align: justify\"><strong>Principals novetats en els rodatges<\/strong><\/p>\n<p style=\"text-align: justify\">Catifetes de desinfecci\u00f3 en les entrades dels rodatges, m\u00e0scares, guants i peucos per a tots els que accedeixen a l&#8217;espai, pantalles sobre les m\u00e0scares per als maquilladores i inlcuso roba de protecci\u00f3 per als m\u00e9s pr\u00f2xims als actors.<\/p>\n<p style=\"text-align: justify\">Amb la crisi sanit\u00e0ria per la incid\u00e8ncia del coronavirus &#8220;ha canviat tot i \u00e9s m\u00e9s complicat en general&#8230; Sobretot a nivell de reserves d&#8217;espai, que ara s\u00f3n molt m\u00e9s grans per les dist\u00e0ncies necess\u00e0ries entre els membres de l&#8217;equip&#8221;, destaca Daniel Escriv\u00e0, cap de localitzacions.<\/p>\n<p style=\"text-align: justify\">Tamb\u00e9 posa l&#8217;accent en els nous temps i tasques necessaris, per exemple en el procediment previ al rodatge: &#8220;Tres hores abans de comen\u00e7ar a entrar a rodar cal desinfectar la localitzaci\u00f3 i despr\u00e9s, durant el treball, fer una desinfecci\u00f3 m\u00e9s r\u00e0pida en zones comunes o de pas, a m\u00e9s d&#8217;una altra en acabar&#8221;.<\/p>\n<p style=\"text-align: justify\">Altres elements nous en els enregistraments \u00e9s la instal\u00b7laci\u00f3 d&#8217;una Carpa Covid en l&#8217;exterior, amb personal que lliura els equips de protecci\u00f3 individuals abans d&#8217;entrar i presa la temperatura&#8221;.<\/p>\n<p style=\"text-align: justify\"><strong>Protocol de seguretat, clau per a reactivar la ind\u00fastria<\/strong><\/p>\n<p style=\"text-align: justify\">Jorge Llama, productor executiu, incideix per la seua part en la import\u00e0ncia del protocol d&#8217;acci\u00f3 sobre la Covid-19 consensuat per productores i els ministeris de Cultura i Sanitat amb la finalitat de &#8220;que els rodatges continuaren sent espais segurs en totes les fases de la producci\u00f3 i per a tots els perfils professionals que participen en els mateixos&#8221;<\/p>\n<p style=\"text-align: justify\">&#8220;Ha d&#8217;estar tot molt controlat per a no c\u00f3rrer riscos, per\u00f2 tots els professionals dels diferents departaments hem sabut fer front a aquesta nova realitat d&#8217;una manera molt r\u00e0pida&#8221;.<\/p>\n<p style=\"text-align: justify\">&#8220;Aix\u00f2 va suposar un xoc per a la ind\u00fastria i tots en general, tot es va cancel\u00b7lar, per\u00f2 r\u00e0pidament gr\u00e0cies a aquest protocol ens vam saber refer i eixir al carrer a rodar amb seguretat, tema en el qual les institucions valencianes ens han ajudat molt\u00edssim tant a l&#8217;hora d&#8217;agilitar permisos com, i abans de res, poder donar la seguretat necess\u00e0ria perqu\u00e8 es torne a invertir en els rodatges, que era el m\u00e9s complicat&#8221;, conclou.<\/p>\n","protected":false},"excerpt":{"rendered":"<p>El programa cultural de Val\u00e8ncia Turisme trasllada als municipis les noves formes de rodatge que ha marcat la pand\u00e8mia de la Covid-19 24\/06\/2020 El programa cultural Film Valencia, impulsat per Val\u00e8ncia Turisme per a projectar el territori valenci\u00e0 nacional i internacionalment mitjan\u00e7ant els rodatges cinematogr\u00e0fics o publicitaris, ha repr\u00e8s l&#8217;activitat despr\u00e9s de l&#8217;aturada obligada per [&hellip;]<\/p>\n","protected":false},"author":1,"featured_media":5723,"comment_status":"open","ping_status":"open","sticky":false,"template":"","format":"standard","meta":{"_acf_changed":false,"_et_pb_use_builder":"","_et_pb_old_content":"","_et_gb_content_width":"","footnotes":""},"categories":[1952],"tags":[],"class_list":["post-127019","post","type-post","status-publish","format-standard","has-post-thumbnail","hentry","category-noticies"],"acf":{"destacado":false},"yoast_head":"<!-- This site is optimized with the Yoast SEO plugin v23.0 - https:\/\/yoast.com\/wordpress\/plugins\/seo\/ -->\n<title>Film Valencia repr\u00e8n l&#039;activitat audiovisual en el territori valenci\u00e0 &#060; Valencia Turismo<\/title>\n<meta name=\"robots\" content=\"index, follow, max-snippet:-1, max-image-preview:large, max-video-preview:-1\" \/>\n<link rel=\"canonical\" href=\"https:\/\/turisme.dival.es\/ca\/film-valencia-repren-lactivitat-audiovisual-en-el-territori-valencia\/\" \/>\n<meta property=\"og:locale\" content=\"en_US\" \/>\n<meta property=\"og:type\" content=\"article\" \/>\n<meta property=\"og:title\" content=\"Film Valencia repr\u00e8n l&#039;activitat audiovisual en el territori valenci\u00e0 &#060; Valencia Turismo\" \/>\n<meta property=\"og:description\" content=\"El programa cultural de Val\u00e8ncia Turisme trasllada als municipis les noves formes de rodatge que ha marcat la pand\u00e8mia de la Covid-19 24\/06\/2020 El programa cultural Film Valencia, impulsat per Val\u00e8ncia Turisme per a projectar el territori valenci\u00e0 nacional i internacionalment mitjan\u00e7ant els rodatges cinematogr\u00e0fics o publicitaris, ha repr\u00e8s l&#8217;activitat despr\u00e9s de l&#8217;aturada obligada per [&hellip;]\" \/>\n<meta property=\"og:url\" content=\"https:\/\/turisme.dival.es\/ca\/film-valencia-repren-lactivitat-audiovisual-en-el-territori-valencia\/\" \/>\n<meta property=\"og:site_name\" content=\"Valencia Turismo\" \/>\n<meta property=\"article:published_time\" content=\"2020-06-24T12:42:57+00:00\" \/>\n<meta property=\"article:modified_time\" content=\"2024-05-05T15:05:24+00:00\" \/>\n<meta property=\"og:image\" content=\"https:\/\/turisme.dival.es\/wp-content\/uploads\/2021\/09\/1-scaled.jpg\" \/>\n\t<meta property=\"og:image:width\" content=\"2560\" \/>\n\t<meta property=\"og:image:height\" content=\"1700\" \/>\n\t<meta property=\"og:image:type\" content=\"image\/jpeg\" \/>\n<meta name=\"author\" content=\"Val\u00e8ncia Turisme\" \/>\n<meta name=\"twitter:card\" content=\"summary_large_image\" \/>\n<meta name=\"twitter:label1\" content=\"Written by\" \/>\n\t<meta name=\"twitter:data1\" content=\"Val\u00e8ncia Turisme\" \/>\n\t<meta name=\"twitter:label2\" content=\"Est. reading time\" \/>\n\t<meta name=\"twitter:data2\" content=\"3 minutes\" \/>\n<script type=\"application\/ld+json\" class=\"yoast-schema-graph\">{\"@context\":\"https:\/\/schema.org\",\"@graph\":[{\"@type\":\"WebPage\",\"@id\":\"https:\/\/turisme.dival.es\/ca\/film-valencia-repren-lactivitat-audiovisual-en-el-territori-valencia\/\",\"url\":\"https:\/\/turisme.dival.es\/ca\/film-valencia-repren-lactivitat-audiovisual-en-el-territori-valencia\/\",\"name\":\"Film Valencia repr\u00e8n l'activitat audiovisual en el territori valenci\u00e0 &#060; Valencia Turismo\",\"isPartOf\":{\"@id\":\"https:\/\/turisme.dival.es\/#website\"},\"primaryImageOfPage\":{\"@id\":\"https:\/\/turisme.dival.es\/ca\/film-valencia-repren-lactivitat-audiovisual-en-el-territori-valencia\/#primaryimage\"},\"image\":{\"@id\":\"https:\/\/turisme.dival.es\/ca\/film-valencia-repren-lactivitat-audiovisual-en-el-territori-valencia\/#primaryimage\"},\"thumbnailUrl\":\"https:\/\/turisme.dival.es\/wp-content\/uploads\/2021\/09\/1-scaled.jpg\",\"datePublished\":\"2020-06-24T12:42:57+00:00\",\"dateModified\":\"2024-05-05T15:05:24+00:00\",\"author\":{\"@id\":\"https:\/\/turisme.dival.es\/#\/schema\/person\/3e0b7dd59fafb4560a54b9a4940574f4\"},\"inLanguage\":\"vl\",\"potentialAction\":[{\"@type\":\"ReadAction\",\"target\":[\"https:\/\/turisme.dival.es\/ca\/film-valencia-repren-lactivitat-audiovisual-en-el-territori-valencia\/\"]}]},{\"@type\":\"ImageObject\",\"inLanguage\":\"vl\",\"@id\":\"https:\/\/turisme.dival.es\/ca\/film-valencia-repren-lactivitat-audiovisual-en-el-territori-valencia\/#primaryimage\",\"url\":\"https:\/\/turisme.dival.es\/wp-content\/uploads\/2021\/09\/1-scaled.jpg\",\"contentUrl\":\"https:\/\/turisme.dival.es\/wp-content\/uploads\/2021\/09\/1-scaled.jpg\",\"width\":2560,\"height\":1700,\"caption\":\"|\"},{\"@type\":\"WebSite\",\"@id\":\"https:\/\/turisme.dival.es\/#website\",\"url\":\"https:\/\/turisme.dival.es\/\",\"name\":\"valenciaturismo.com.mialias.net\",\"description\":\"\",\"potentialAction\":[{\"@type\":\"SearchAction\",\"target\":{\"@type\":\"EntryPoint\",\"urlTemplate\":\"https:\/\/turisme.dival.es\/?s={search_term_string}\"},\"query-input\":\"required name=search_term_string\"}],\"inLanguage\":\"vl\"},{\"@type\":\"Person\",\"@id\":\"https:\/\/turisme.dival.es\/#\/schema\/person\/3e0b7dd59fafb4560a54b9a4940574f4\",\"name\":\"Val\u00e8ncia Turisme\",\"image\":{\"@type\":\"ImageObject\",\"inLanguage\":\"vl\",\"@id\":\"https:\/\/turisme.dival.es\/#\/schema\/person\/image\/\",\"url\":\"https:\/\/secure.gravatar.com\/avatar\/0e9af38f68e5d55d0728b298890449252967999842654f5245c679ec46532ee9?s=96&d=mm&r=g\",\"contentUrl\":\"https:\/\/secure.gravatar.com\/avatar\/0e9af38f68e5d55d0728b298890449252967999842654f5245c679ec46532ee9?s=96&d=mm&r=g\",\"caption\":\"Val\u00e8ncia Turisme\"},\"sameAs\":[\"https:\/\/turisme.dival.es\"]}]}<\/script>\n<!-- \/ Yoast SEO plugin. -->","yoast_head_json":{"title":"Film Valencia repr\u00e8n l'activitat audiovisual en el territori valenci\u00e0 &#060; Valencia Turismo","robots":{"index":"index","follow":"follow","max-snippet":"max-snippet:-1","max-image-preview":"max-image-preview:large","max-video-preview":"max-video-preview:-1"},"canonical":"https:\/\/turisme.dival.es\/ca\/film-valencia-repren-lactivitat-audiovisual-en-el-territori-valencia\/","og_locale":"en_US","og_type":"article","og_title":"Film Valencia repr\u00e8n l'activitat audiovisual en el territori valenci\u00e0 &#060; Valencia Turismo","og_description":"El programa cultural de Val\u00e8ncia Turisme trasllada als municipis les noves formes de rodatge que ha marcat la pand\u00e8mia de la Covid-19 24\/06\/2020 El programa cultural Film Valencia, impulsat per Val\u00e8ncia Turisme per a projectar el territori valenci\u00e0 nacional i internacionalment mitjan\u00e7ant els rodatges cinematogr\u00e0fics o publicitaris, ha repr\u00e8s l&#8217;activitat despr\u00e9s de l&#8217;aturada obligada per [&hellip;]","og_url":"https:\/\/turisme.dival.es\/ca\/film-valencia-repren-lactivitat-audiovisual-en-el-territori-valencia\/","og_site_name":"Valencia Turismo","article_published_time":"2020-06-24T12:42:57+00:00","article_modified_time":"2024-05-05T15:05:24+00:00","og_image":[{"width":2560,"height":1700,"url":"https:\/\/turisme.dival.es\/wp-content\/uploads\/2021\/09\/1-scaled.jpg","type":"image\/jpeg"}],"author":"Val\u00e8ncia Turisme","twitter_card":"summary_large_image","twitter_misc":{"Written by":"Val\u00e8ncia Turisme","Est. reading time":"3 minutes"},"schema":{"@context":"https:\/\/schema.org","@graph":[{"@type":"WebPage","@id":"https:\/\/turisme.dival.es\/ca\/film-valencia-repren-lactivitat-audiovisual-en-el-territori-valencia\/","url":"https:\/\/turisme.dival.es\/ca\/film-valencia-repren-lactivitat-audiovisual-en-el-territori-valencia\/","name":"Film Valencia repr\u00e8n l'activitat audiovisual en el territori valenci\u00e0 &#060; Valencia Turismo","isPartOf":{"@id":"https:\/\/turisme.dival.es\/#website"},"primaryImageOfPage":{"@id":"https:\/\/turisme.dival.es\/ca\/film-valencia-repren-lactivitat-audiovisual-en-el-territori-valencia\/#primaryimage"},"image":{"@id":"https:\/\/turisme.dival.es\/ca\/film-valencia-repren-lactivitat-audiovisual-en-el-territori-valencia\/#primaryimage"},"thumbnailUrl":"https:\/\/turisme.dival.es\/wp-content\/uploads\/2021\/09\/1-scaled.jpg","datePublished":"2020-06-24T12:42:57+00:00","dateModified":"2024-05-05T15:05:24+00:00","author":{"@id":"https:\/\/turisme.dival.es\/#\/schema\/person\/3e0b7dd59fafb4560a54b9a4940574f4"},"inLanguage":"vl","potentialAction":[{"@type":"ReadAction","target":["https:\/\/turisme.dival.es\/ca\/film-valencia-repren-lactivitat-audiovisual-en-el-territori-valencia\/"]}]},{"@type":"ImageObject","inLanguage":"vl","@id":"https:\/\/turisme.dival.es\/ca\/film-valencia-repren-lactivitat-audiovisual-en-el-territori-valencia\/#primaryimage","url":"https:\/\/turisme.dival.es\/wp-content\/uploads\/2021\/09\/1-scaled.jpg","contentUrl":"https:\/\/turisme.dival.es\/wp-content\/uploads\/2021\/09\/1-scaled.jpg","width":2560,"height":1700,"caption":"|"},{"@type":"WebSite","@id":"https:\/\/turisme.dival.es\/#website","url":"https:\/\/turisme.dival.es\/","name":"valenciaturismo.com.mialias.net","description":"","potentialAction":[{"@type":"SearchAction","target":{"@type":"EntryPoint","urlTemplate":"https:\/\/turisme.dival.es\/?s={search_term_string}"},"query-input":"required name=search_term_string"}],"inLanguage":"vl"},{"@type":"Person","@id":"https:\/\/turisme.dival.es\/#\/schema\/person\/3e0b7dd59fafb4560a54b9a4940574f4","name":"Val\u00e8ncia Turisme","image":{"@type":"ImageObject","inLanguage":"vl","@id":"https:\/\/turisme.dival.es\/#\/schema\/person\/image\/","url":"https:\/\/secure.gravatar.com\/avatar\/0e9af38f68e5d55d0728b298890449252967999842654f5245c679ec46532ee9?s=96&d=mm&r=g","contentUrl":"https:\/\/secure.gravatar.com\/avatar\/0e9af38f68e5d55d0728b298890449252967999842654f5245c679ec46532ee9?s=96&d=mm&r=g","caption":"Val\u00e8ncia Turisme"},"sameAs":["https:\/\/turisme.dival.es"]}]}},"_links":{"self":[{"href":"https:\/\/turisme.dival.es\/ca\/wp-json\/wp\/v2\/posts\/127019","targetHints":{"allow":["GET"]}}],"collection":[{"href":"https:\/\/turisme.dival.es\/ca\/wp-json\/wp\/v2\/posts"}],"about":[{"href":"https:\/\/turisme.dival.es\/ca\/wp-json\/wp\/v2\/types\/post"}],"author":[{"embeddable":true,"href":"https:\/\/turisme.dival.es\/ca\/wp-json\/wp\/v2\/users\/1"}],"replies":[{"embeddable":true,"href":"https:\/\/turisme.dival.es\/ca\/wp-json\/wp\/v2\/comments?post=127019"}],"version-history":[{"count":1,"href":"https:\/\/turisme.dival.es\/ca\/wp-json\/wp\/v2\/posts\/127019\/revisions"}],"predecessor-version":[{"id":130611,"href":"https:\/\/turisme.dival.es\/ca\/wp-json\/wp\/v2\/posts\/127019\/revisions\/130611"}],"wp:featuredmedia":[{"embeddable":true,"href":"https:\/\/turisme.dival.es\/ca\/wp-json\/wp\/v2\/media\/5723"}],"wp:attachment":[{"href":"https:\/\/turisme.dival.es\/ca\/wp-json\/wp\/v2\/media?parent=127019"}],"wp:term":[{"taxonomy":"category","embeddable":true,"href":"https:\/\/turisme.dival.es\/ca\/wp-json\/wp\/v2\/categories?post=127019"},{"taxonomy":"post_tag","embeddable":true,"href":"https:\/\/turisme.dival.es\/ca\/wp-json\/wp\/v2\/tags?post=127019"}],"curies":[{"name":"wp","href":"https:\/\/api.w.org\/{rel}","templated":true}]}}