{"id":127015,"date":"2020-03-31T12:03:55","date_gmt":"2020-03-31T12:03:55","guid":{"rendered":"https:\/\/turisme.dival.es\/valencia-turisme-reorienta-les-seues-accions-per-a-mitigar-limpacte-economic-de-la-crisi\/"},"modified":"2020-03-31T12:03:55","modified_gmt":"2020-03-31T12:03:55","slug":"valencia-turisme-reorienta-les-seues-accions-per-a-mitigar-limpacte-economic-de-la-crisi","status":"publish","type":"post","link":"https:\/\/turisme.dival.es\/ca\/valencia-turisme-reorienta-les-seues-accions-per-a-mitigar-limpacte-economic-de-la-crisi\/","title":{"rendered":"Val\u00e8ncia Turisme reorienta les seues accions per a mitigar l&#8217;impacte econ\u00f2mic de la crisi"},"content":{"rendered":"<ul>\n<li style=\"text-align: justify\">El Patronat de Turisme de Val\u00e8ncia s&#8217;alinea amb la Generalitat Valenciana i Visit Val\u00e8ncia en la seua acci\u00f3 i estudia adaptar les seues actuacions mitjan\u00e7ant la sostenibilitat i el disseny<\/li>\n<\/ul>\n<p style=\"text-align: justify\">\n31\/03\/2020<br \/>\nVal\u00e8ncia Turisme ha comen\u00e7at a reorientar la seua col\u00b7laboraci\u00f3 amb ajuntaments, empreses i entitats per a mitigar l&#8217;impacte econ\u00f2mic derivat de l&#8217;actual crisi sanit\u00e0ria provocada pel coronavirus.<\/p>\n<p style=\"text-align: justify\">&#8220;Volem cercar vies d&#8217;ajuda i solucions als problemes del teixit econ\u00f2mic i empresarial lligat al turisme, conscients de la greu situaci\u00f3 actual&#8221;, ha explicat el diputat de Turisme, Jordi Mayor.<\/p>\n<p style=\"text-align: justify\">El diputat ha traslladat la &#8220;solidaritat i suport&#8221; del Patronat de Turisme de Val\u00e8ncia &#8220;a tots els professionals i entitats que sumen en el turisme valenci\u00e0&#8221; i ha insitit en qu\u00e8 \u00e9s moment de &#8220;prendre nota per a repensar i reformular el model en el qual es basa el nostre turisme, en benefici del seu futur&#8221;.<\/p>\n<p style=\"text-align: justify\"><strong>Alineaci\u00f3 institucional<\/strong><\/p>\n<p style=\"text-align: justify\">El Patronat de Turisme, des de l&#8217;inici de la crisi sanit\u00e0ria, coordina la seua acci\u00f3 i es troba &#8220;alineat contundentment&#8221; amb la Generalitat Valenciana i Visit Val\u00e8ncia en l&#8217;ajuda al sector i la cerca de noves oportunitats a la prov\u00edncia.<\/p>\n<p style=\"text-align: justify\">En aquesta l\u00ednia, anima als ajuntaments, empreses i entitats a generar productes tur\u00edstics diferenciats que aporten &#8220;garanties&#8221; al visitant, com les relacionades amb la qualitat, la professionalitat i la sostenibilitat, &#8220;marcadors que poden ser les claus de l&#8217;\u00e8xit de les nostres opcions, entre una molt extensa i competitiva oferta tur\u00edstica&#8221;, ha apuntat el responsable de Val\u00e8ncia Turisme.<\/p>\n<p style=\"text-align: justify\">\n<strong>Reordenaci\u00f3 de recursos i accions<\/strong><\/p>\n<p style=\"text-align: justify\">\nEn aquest context, l&#8217;organisme de la Diputaci\u00f3 de Val\u00e8ncia es troba immers en un proc\u00e9s de reordenaci\u00f3 dels seus recursos per a adaptar-los a les noves necessitats, adequaci\u00f3 que se centrar\u00e0 en els productes relacionats amb la gastronomia, la cultura i la capitalitat del disseny de Val\u00e8ncia, elements singulars en els quals Val\u00e8ncia Turisme ha centrat el seu treball en els \u00faltims temps.<\/p>\n<p style=\"text-align: justify\">Per a aix\u00f2, redefinir\u00e0 el seu Pla d&#8217;Actuacions 2020 en funci\u00f3 del resultat d&#8217;una nova an\u00e0lisi sobre el perfil del visitant de la prov\u00edncia, la configuraci\u00f3 del mercat i les f\u00f3rmules tant de promoci\u00f3 com de comercialitzaci\u00f3 disponibles, amb la finalitat d&#8217;adaptar les seues accions als canvis que a curt, mitj\u00e0 i llarg termini exigeix la situaci\u00f3 actual en el territori valenci\u00e0.<\/p>\n<p style=\"text-align: justify\">&#8220;Tot aix\u00f2 anir\u00e0 lligat a la posada en marxa de procediments que plasmen els objectius de desenvolupament marcats per l&#8217;Agenda 2030, indispensables per al consecuci\u00f3 d&#8217;un turisme sostenible a la prov\u00edncia&#8221;, ha subratllat Jordi Mayor.<\/p>\n","protected":false},"excerpt":{"rendered":"<p>El Patronat de Turisme de Val\u00e8ncia s&#8217;alinea amb la Generalitat Valenciana i Visit Val\u00e8ncia en la seua acci\u00f3 i estudia adaptar les seues actuacions mitjan\u00e7ant la sostenibilitat i el disseny 31\/03\/2020 Val\u00e8ncia Turisme ha comen\u00e7at a reorientar la seua col\u00b7laboraci\u00f3 amb ajuntaments, empreses i entitats per a mitigar l&#8217;impacte econ\u00f2mic derivat de l&#8217;actual crisi sanit\u00e0ria [&hellip;]<\/p>\n","protected":false},"author":1,"featured_media":21295,"comment_status":"open","ping_status":"open","sticky":false,"template":"","format":"standard","meta":{"_acf_changed":false,"_et_pb_use_builder":"","_et_pb_old_content":"","_et_gb_content_width":"","footnotes":""},"categories":[1952],"tags":[],"class_list":["post-127015","post","type-post","status-publish","format-standard","has-post-thumbnail","hentry","category-noticies"],"acf":{"destacado":false},"yoast_head":"<!-- This site is optimized with the Yoast SEO plugin v23.0 - https:\/\/yoast.com\/wordpress\/plugins\/seo\/ -->\n<title>Val\u00e8ncia Turisme reorienta les seues accions per a mitigar l&#039;impacte econ\u00f2mic de la crisi &#060; Valencia Turismo<\/title>\n<meta name=\"robots\" content=\"index, follow, max-snippet:-1, max-image-preview:large, max-video-preview:-1\" \/>\n<link rel=\"canonical\" href=\"https:\/\/turisme.dival.es\/ca\/valencia-turisme-reorienta-les-seues-accions-per-a-mitigar-limpacte-economic-de-la-crisi\/\" \/>\n<meta property=\"og:locale\" content=\"en_US\" \/>\n<meta property=\"og:type\" content=\"article\" \/>\n<meta property=\"og:title\" content=\"Val\u00e8ncia Turisme reorienta les seues accions per a mitigar l&#039;impacte econ\u00f2mic de la crisi &#060; Valencia Turismo\" \/>\n<meta property=\"og:description\" content=\"El Patronat de Turisme de Val\u00e8ncia s&#8217;alinea amb la Generalitat Valenciana i Visit Val\u00e8ncia en la seua acci\u00f3 i estudia adaptar les seues actuacions mitjan\u00e7ant la sostenibilitat i el disseny 31\/03\/2020 Val\u00e8ncia Turisme ha comen\u00e7at a reorientar la seua col\u00b7laboraci\u00f3 amb ajuntaments, empreses i entitats per a mitigar l&#8217;impacte econ\u00f2mic derivat de l&#8217;actual crisi sanit\u00e0ria [&hellip;]\" \/>\n<meta property=\"og:url\" content=\"https:\/\/turisme.dival.es\/ca\/valencia-turisme-reorienta-les-seues-accions-per-a-mitigar-limpacte-economic-de-la-crisi\/\" \/>\n<meta property=\"og:site_name\" content=\"Valencia Turismo\" \/>\n<meta property=\"article:published_time\" content=\"2020-03-31T12:03:55+00:00\" \/>\n<meta property=\"og:image\" content=\"https:\/\/turisme.dival.es\/wp-content\/uploads\/2021\/09\/DIPUTADO_0-scaled-1.jpg\" \/>\n\t<meta property=\"og:image:width\" content=\"2560\" \/>\n\t<meta property=\"og:image:height\" content=\"1708\" \/>\n\t<meta property=\"og:image:type\" content=\"image\/jpeg\" \/>\n<meta name=\"author\" content=\"Val\u00e8ncia Turisme\" \/>\n<meta name=\"twitter:card\" content=\"summary_large_image\" \/>\n<meta name=\"twitter:label1\" content=\"Written by\" \/>\n\t<meta name=\"twitter:data1\" content=\"Val\u00e8ncia Turisme\" \/>\n\t<meta name=\"twitter:label2\" content=\"Est. reading time\" \/>\n\t<meta name=\"twitter:data2\" content=\"2 minutes\" \/>\n<script type=\"application\/ld+json\" class=\"yoast-schema-graph\">{\"@context\":\"https:\/\/schema.org\",\"@graph\":[{\"@type\":\"WebPage\",\"@id\":\"https:\/\/turisme.dival.es\/ca\/valencia-turisme-reorienta-les-seues-accions-per-a-mitigar-limpacte-economic-de-la-crisi\/\",\"url\":\"https:\/\/turisme.dival.es\/ca\/valencia-turisme-reorienta-les-seues-accions-per-a-mitigar-limpacte-economic-de-la-crisi\/\",\"name\":\"Val\u00e8ncia Turisme reorienta les seues accions per a mitigar l'impacte econ\u00f2mic de la crisi &#060; Valencia Turismo\",\"isPartOf\":{\"@id\":\"https:\/\/turisme.dival.es\/#website\"},\"primaryImageOfPage\":{\"@id\":\"https:\/\/turisme.dival.es\/ca\/valencia-turisme-reorienta-les-seues-accions-per-a-mitigar-limpacte-economic-de-la-crisi\/#primaryimage\"},\"image\":{\"@id\":\"https:\/\/turisme.dival.es\/ca\/valencia-turisme-reorienta-les-seues-accions-per-a-mitigar-limpacte-economic-de-la-crisi\/#primaryimage\"},\"thumbnailUrl\":\"https:\/\/turisme.dival.es\/wp-content\/uploads\/2021\/09\/DIPUTADO_0-scaled-1.jpg\",\"datePublished\":\"2020-03-31T12:03:55+00:00\",\"dateModified\":\"2020-03-31T12:03:55+00:00\",\"author\":{\"@id\":\"https:\/\/turisme.dival.es\/#\/schema\/person\/3e0b7dd59fafb4560a54b9a4940574f4\"},\"inLanguage\":\"vl\",\"potentialAction\":[{\"@type\":\"ReadAction\",\"target\":[\"https:\/\/turisme.dival.es\/ca\/valencia-turisme-reorienta-les-seues-accions-per-a-mitigar-limpacte-economic-de-la-crisi\/\"]}]},{\"@type\":\"ImageObject\",\"inLanguage\":\"vl\",\"@id\":\"https:\/\/turisme.dival.es\/ca\/valencia-turisme-reorienta-les-seues-accions-per-a-mitigar-limpacte-economic-de-la-crisi\/#primaryimage\",\"url\":\"https:\/\/turisme.dival.es\/wp-content\/uploads\/2021\/09\/DIPUTADO_0-scaled-1.jpg\",\"contentUrl\":\"https:\/\/turisme.dival.es\/wp-content\/uploads\/2021\/09\/DIPUTADO_0-scaled-1.jpg\",\"width\":2560,\"height\":1708},{\"@type\":\"WebSite\",\"@id\":\"https:\/\/turisme.dival.es\/#website\",\"url\":\"https:\/\/turisme.dival.es\/\",\"name\":\"valenciaturismo.com.mialias.net\",\"description\":\"\",\"potentialAction\":[{\"@type\":\"SearchAction\",\"target\":{\"@type\":\"EntryPoint\",\"urlTemplate\":\"https:\/\/turisme.dival.es\/?s={search_term_string}\"},\"query-input\":\"required name=search_term_string\"}],\"inLanguage\":\"vl\"},{\"@type\":\"Person\",\"@id\":\"https:\/\/turisme.dival.es\/#\/schema\/person\/3e0b7dd59fafb4560a54b9a4940574f4\",\"name\":\"Val\u00e8ncia Turisme\",\"image\":{\"@type\":\"ImageObject\",\"inLanguage\":\"vl\",\"@id\":\"https:\/\/turisme.dival.es\/#\/schema\/person\/image\/\",\"url\":\"https:\/\/secure.gravatar.com\/avatar\/0e9af38f68e5d55d0728b298890449252967999842654f5245c679ec46532ee9?s=96&d=mm&r=g\",\"contentUrl\":\"https:\/\/secure.gravatar.com\/avatar\/0e9af38f68e5d55d0728b298890449252967999842654f5245c679ec46532ee9?s=96&d=mm&r=g\",\"caption\":\"Val\u00e8ncia Turisme\"},\"sameAs\":[\"https:\/\/turisme.dival.es\"]}]}<\/script>\n<!-- \/ Yoast SEO plugin. -->","yoast_head_json":{"title":"Val\u00e8ncia Turisme reorienta les seues accions per a mitigar l'impacte econ\u00f2mic de la crisi &#060; Valencia Turismo","robots":{"index":"index","follow":"follow","max-snippet":"max-snippet:-1","max-image-preview":"max-image-preview:large","max-video-preview":"max-video-preview:-1"},"canonical":"https:\/\/turisme.dival.es\/ca\/valencia-turisme-reorienta-les-seues-accions-per-a-mitigar-limpacte-economic-de-la-crisi\/","og_locale":"en_US","og_type":"article","og_title":"Val\u00e8ncia Turisme reorienta les seues accions per a mitigar l'impacte econ\u00f2mic de la crisi &#060; Valencia Turismo","og_description":"El Patronat de Turisme de Val\u00e8ncia s&#8217;alinea amb la Generalitat Valenciana i Visit Val\u00e8ncia en la seua acci\u00f3 i estudia adaptar les seues actuacions mitjan\u00e7ant la sostenibilitat i el disseny 31\/03\/2020 Val\u00e8ncia Turisme ha comen\u00e7at a reorientar la seua col\u00b7laboraci\u00f3 amb ajuntaments, empreses i entitats per a mitigar l&#8217;impacte econ\u00f2mic derivat de l&#8217;actual crisi sanit\u00e0ria [&hellip;]","og_url":"https:\/\/turisme.dival.es\/ca\/valencia-turisme-reorienta-les-seues-accions-per-a-mitigar-limpacte-economic-de-la-crisi\/","og_site_name":"Valencia Turismo","article_published_time":"2020-03-31T12:03:55+00:00","og_image":[{"width":2560,"height":1708,"url":"https:\/\/turisme.dival.es\/wp-content\/uploads\/2021\/09\/DIPUTADO_0-scaled-1.jpg","type":"image\/jpeg"}],"author":"Val\u00e8ncia Turisme","twitter_card":"summary_large_image","twitter_misc":{"Written by":"Val\u00e8ncia Turisme","Est. reading time":"2 minutes"},"schema":{"@context":"https:\/\/schema.org","@graph":[{"@type":"WebPage","@id":"https:\/\/turisme.dival.es\/ca\/valencia-turisme-reorienta-les-seues-accions-per-a-mitigar-limpacte-economic-de-la-crisi\/","url":"https:\/\/turisme.dival.es\/ca\/valencia-turisme-reorienta-les-seues-accions-per-a-mitigar-limpacte-economic-de-la-crisi\/","name":"Val\u00e8ncia Turisme reorienta les seues accions per a mitigar l'impacte econ\u00f2mic de la crisi &#060; Valencia Turismo","isPartOf":{"@id":"https:\/\/turisme.dival.es\/#website"},"primaryImageOfPage":{"@id":"https:\/\/turisme.dival.es\/ca\/valencia-turisme-reorienta-les-seues-accions-per-a-mitigar-limpacte-economic-de-la-crisi\/#primaryimage"},"image":{"@id":"https:\/\/turisme.dival.es\/ca\/valencia-turisme-reorienta-les-seues-accions-per-a-mitigar-limpacte-economic-de-la-crisi\/#primaryimage"},"thumbnailUrl":"https:\/\/turisme.dival.es\/wp-content\/uploads\/2021\/09\/DIPUTADO_0-scaled-1.jpg","datePublished":"2020-03-31T12:03:55+00:00","dateModified":"2020-03-31T12:03:55+00:00","author":{"@id":"https:\/\/turisme.dival.es\/#\/schema\/person\/3e0b7dd59fafb4560a54b9a4940574f4"},"inLanguage":"vl","potentialAction":[{"@type":"ReadAction","target":["https:\/\/turisme.dival.es\/ca\/valencia-turisme-reorienta-les-seues-accions-per-a-mitigar-limpacte-economic-de-la-crisi\/"]}]},{"@type":"ImageObject","inLanguage":"vl","@id":"https:\/\/turisme.dival.es\/ca\/valencia-turisme-reorienta-les-seues-accions-per-a-mitigar-limpacte-economic-de-la-crisi\/#primaryimage","url":"https:\/\/turisme.dival.es\/wp-content\/uploads\/2021\/09\/DIPUTADO_0-scaled-1.jpg","contentUrl":"https:\/\/turisme.dival.es\/wp-content\/uploads\/2021\/09\/DIPUTADO_0-scaled-1.jpg","width":2560,"height":1708},{"@type":"WebSite","@id":"https:\/\/turisme.dival.es\/#website","url":"https:\/\/turisme.dival.es\/","name":"valenciaturismo.com.mialias.net","description":"","potentialAction":[{"@type":"SearchAction","target":{"@type":"EntryPoint","urlTemplate":"https:\/\/turisme.dival.es\/?s={search_term_string}"},"query-input":"required name=search_term_string"}],"inLanguage":"vl"},{"@type":"Person","@id":"https:\/\/turisme.dival.es\/#\/schema\/person\/3e0b7dd59fafb4560a54b9a4940574f4","name":"Val\u00e8ncia Turisme","image":{"@type":"ImageObject","inLanguage":"vl","@id":"https:\/\/turisme.dival.es\/#\/schema\/person\/image\/","url":"https:\/\/secure.gravatar.com\/avatar\/0e9af38f68e5d55d0728b298890449252967999842654f5245c679ec46532ee9?s=96&d=mm&r=g","contentUrl":"https:\/\/secure.gravatar.com\/avatar\/0e9af38f68e5d55d0728b298890449252967999842654f5245c679ec46532ee9?s=96&d=mm&r=g","caption":"Val\u00e8ncia Turisme"},"sameAs":["https:\/\/turisme.dival.es"]}]}},"_links":{"self":[{"href":"https:\/\/turisme.dival.es\/ca\/wp-json\/wp\/v2\/posts\/127015","targetHints":{"allow":["GET"]}}],"collection":[{"href":"https:\/\/turisme.dival.es\/ca\/wp-json\/wp\/v2\/posts"}],"about":[{"href":"https:\/\/turisme.dival.es\/ca\/wp-json\/wp\/v2\/types\/post"}],"author":[{"embeddable":true,"href":"https:\/\/turisme.dival.es\/ca\/wp-json\/wp\/v2\/users\/1"}],"replies":[{"embeddable":true,"href":"https:\/\/turisme.dival.es\/ca\/wp-json\/wp\/v2\/comments?post=127015"}],"version-history":[{"count":0,"href":"https:\/\/turisme.dival.es\/ca\/wp-json\/wp\/v2\/posts\/127015\/revisions"}],"wp:featuredmedia":[{"embeddable":true,"href":"https:\/\/turisme.dival.es\/ca\/wp-json\/wp\/v2\/media\/21295"}],"wp:attachment":[{"href":"https:\/\/turisme.dival.es\/ca\/wp-json\/wp\/v2\/media?parent=127015"}],"wp:term":[{"taxonomy":"category","embeddable":true,"href":"https:\/\/turisme.dival.es\/ca\/wp-json\/wp\/v2\/categories?post=127015"},{"taxonomy":"post_tag","embeddable":true,"href":"https:\/\/turisme.dival.es\/ca\/wp-json\/wp\/v2\/tags?post=127015"}],"curies":[{"name":"wp","href":"https:\/\/api.w.org\/{rel}","templated":true}]}}