{"id":127012,"date":"2020-03-06T10:55:21","date_gmt":"2020-03-06T10:55:21","guid":{"rendered":"https:\/\/turisme.dival.es\/jordi-mayor-destaca-lauge-de-les-iniciatives-de-turisme-nautic-a-valencia\/"},"modified":"2024-05-05T15:05:19","modified_gmt":"2024-05-05T15:05:19","slug":"jordi-mayor-destaca-lauge-de-les-iniciatives-de-turisme-nautic-a-valencia","status":"publish","type":"post","link":"https:\/\/turisme.dival.es\/ca\/jordi-mayor-destaca-lauge-de-les-iniciatives-de-turisme-nautic-a-valencia\/","title":{"rendered":"Jordi Mayor destaca l&#8217;auge de les iniciatives de turisme n\u00e0utic a Val\u00e8ncia"},"content":{"rendered":"<ul>\n<li style=\"text-align: justify\">El responsable provincial de Turisme exposa la creixent labor de Val\u00e8ncia Turisme en el sector, durant el VIII Congr\u00e9s N\u00e0utic que acull l&#8217;Oceanogr\u00e0fic<\/li>\n<\/ul>\n<p style=\"text-align: justify\">05\/03\/2020<br \/>\nEl diputat de Turisme de la Diputaci\u00f3 de Val\u00e8ncia, Jordi Mayor, ha destacat aquesta vesprada l&#8217;auge actual d&#8217;iniciatives de turisme n\u00e0utic que experimenta Val\u00e8ncia, durant la seua intervenci\u00f3 en el VIII Congr\u00e9s N\u00e0utic que se celebra en l&#8217;Oceanogr\u00e0fic.<\/p>\n<p style=\"text-align: justify\">Jordi Mayor ha exposat la \u201cdecidida\u201d col\u00b7laboraci\u00f3 de la marca tur\u00edstica de la Diputaci\u00f3, Val\u00e8ncia Turisme, en totes les propostes i accions empreses per empreses vinculades amb l&#8217;oci n\u00e0utic \u201cper a coordinar les diverses capacitats productives i transformar les seues activitats en productes tur\u00edstics que atraguen visitants al nostre territori\u201d.<\/p>\n<p style=\"text-align: justify\">Val\u00e8ncia Turisme treballa estretament en aquest sentit amb la Marina de Val\u00e8ncia i Val\u00e8ncia Boat Show des dels inicis d&#8217;aquest certamen. Al mateix temps, de forma m\u00e9s singular, s&#8217;ocupa d&#8217;iniciatives locals com les centrades en les activitats subaq\u00fc\u00e0tiques i el busseig (a Cullera), i en les experi\u00e8ncies tur\u00edstiques relacionades amb el surf i les seues varietats (a Oliva i Gandia), entre altres localitzacions.<\/p>\n<p style=\"text-align: justify\">El diputat tamb\u00e9 ha insistit en la creixent demanda de visites en velers i embarcacions especialitzades que combinen ofertes d&#8217;activitat n\u00e0utica i gastronomia local, sense oblidar la import\u00e0ncia i singularitat de la n\u00e0utica d&#8217;aigua dol\u00e7a a Val\u00e8ncia, els principals exponents de la qual s\u00f3n la tradicional Vela Latina de l\u2019Albufera, la pr\u00e0ctica del rem en el riu X\u00faquer o les experi\u00e8ncies de turisme actiu que es poden gaudir en el riu Cabriel.<\/p>\n<p style=\"text-align: justify\">El VIII Congr\u00e9s N\u00e0utic, organitzat per l&#8217;Associaci\u00f3 Nacional d&#8217;Empreses N\u00e0utiques (ANEN) abordar\u00e0 durant hui i dem\u00e0 temes com la sostenibilitat i la legislaci\u00f3 sobre el sector, els nous usos de consum, la promoci\u00f3 i el turisme n\u00e0utic, sota el lema \u201cCrecimiento Azul\u201d.<\/p>\n","protected":false},"excerpt":{"rendered":"<p>El responsable provincial de Turisme exposa la creixent labor de Val\u00e8ncia Turisme en el sector, durant el VIII Congr\u00e9s N\u00e0utic que acull l&#8217;Oceanogr\u00e0fic 05\/03\/2020 El diputat de Turisme de la Diputaci\u00f3 de Val\u00e8ncia, Jordi Mayor, ha destacat aquesta vesprada l&#8217;auge actual d&#8217;iniciatives de turisme n\u00e0utic que experimenta Val\u00e8ncia, durant la seua intervenci\u00f3 en el VIII [&hellip;]<\/p>\n","protected":false},"author":1,"featured_media":21286,"comment_status":"open","ping_status":"open","sticky":false,"template":"","format":"standard","meta":{"_acf_changed":false,"_et_pb_use_builder":"","_et_pb_old_content":"","_et_gb_content_width":"","footnotes":""},"categories":[1952],"tags":[],"class_list":["post-127012","post","type-post","status-publish","format-standard","has-post-thumbnail","hentry","category-noticies"],"acf":{"destacado":false},"yoast_head":"<!-- This site is optimized with the Yoast SEO plugin v23.0 - https:\/\/yoast.com\/wordpress\/plugins\/seo\/ -->\n<title>Jordi Mayor destaca l&#039;auge de les iniciatives de turisme n\u00e0utic a Val\u00e8ncia &#060; Valencia Turismo<\/title>\n<meta name=\"robots\" content=\"index, follow, max-snippet:-1, max-image-preview:large, max-video-preview:-1\" \/>\n<link rel=\"canonical\" href=\"https:\/\/turisme.dival.es\/ca\/jordi-mayor-destaca-lauge-de-les-iniciatives-de-turisme-nautic-a-valencia\/\" \/>\n<meta property=\"og:locale\" content=\"en_US\" \/>\n<meta property=\"og:type\" content=\"article\" \/>\n<meta property=\"og:title\" content=\"Jordi Mayor destaca l&#039;auge de les iniciatives de turisme n\u00e0utic a Val\u00e8ncia &#060; Valencia Turismo\" \/>\n<meta property=\"og:description\" content=\"El responsable provincial de Turisme exposa la creixent labor de Val\u00e8ncia Turisme en el sector, durant el VIII Congr\u00e9s N\u00e0utic que acull l&#8217;Oceanogr\u00e0fic 05\/03\/2020 El diputat de Turisme de la Diputaci\u00f3 de Val\u00e8ncia, Jordi Mayor, ha destacat aquesta vesprada l&#8217;auge actual d&#8217;iniciatives de turisme n\u00e0utic que experimenta Val\u00e8ncia, durant la seua intervenci\u00f3 en el VIII [&hellip;]\" \/>\n<meta property=\"og:url\" content=\"https:\/\/turisme.dival.es\/ca\/jordi-mayor-destaca-lauge-de-les-iniciatives-de-turisme-nautic-a-valencia\/\" \/>\n<meta property=\"og:site_name\" content=\"Valencia Turismo\" \/>\n<meta property=\"article:published_time\" content=\"2020-03-06T10:55:21+00:00\" \/>\n<meta property=\"article:modified_time\" content=\"2024-05-05T15:05:19+00:00\" \/>\n<meta property=\"og:image\" content=\"https:\/\/turisme.dival.es\/wp-content\/uploads\/2021\/09\/JORDI-MAYOR-DURANTE-SU-INTERVENCION.jpg\" \/>\n\t<meta property=\"og:image:width\" content=\"1600\" \/>\n\t<meta property=\"og:image:height\" content=\"1200\" \/>\n\t<meta property=\"og:image:type\" content=\"image\/jpeg\" \/>\n<meta name=\"author\" content=\"Val\u00e8ncia Turisme\" \/>\n<meta name=\"twitter:card\" content=\"summary_large_image\" \/>\n<meta name=\"twitter:label1\" content=\"Written by\" \/>\n\t<meta name=\"twitter:data1\" content=\"Val\u00e8ncia Turisme\" \/>\n\t<meta name=\"twitter:label2\" content=\"Est. reading time\" \/>\n\t<meta name=\"twitter:data2\" content=\"2 minutes\" \/>\n<script type=\"application\/ld+json\" class=\"yoast-schema-graph\">{\"@context\":\"https:\/\/schema.org\",\"@graph\":[{\"@type\":\"WebPage\",\"@id\":\"https:\/\/turisme.dival.es\/ca\/jordi-mayor-destaca-lauge-de-les-iniciatives-de-turisme-nautic-a-valencia\/\",\"url\":\"https:\/\/turisme.dival.es\/ca\/jordi-mayor-destaca-lauge-de-les-iniciatives-de-turisme-nautic-a-valencia\/\",\"name\":\"Jordi Mayor destaca l'auge de les iniciatives de turisme n\u00e0utic a Val\u00e8ncia &#060; Valencia Turismo\",\"isPartOf\":{\"@id\":\"https:\/\/turisme.dival.es\/#website\"},\"primaryImageOfPage\":{\"@id\":\"https:\/\/turisme.dival.es\/ca\/jordi-mayor-destaca-lauge-de-les-iniciatives-de-turisme-nautic-a-valencia\/#primaryimage\"},\"image\":{\"@id\":\"https:\/\/turisme.dival.es\/ca\/jordi-mayor-destaca-lauge-de-les-iniciatives-de-turisme-nautic-a-valencia\/#primaryimage\"},\"thumbnailUrl\":\"https:\/\/turisme.dival.es\/wp-content\/uploads\/2021\/09\/JORDI-MAYOR-DURANTE-SU-INTERVENCION.jpg\",\"datePublished\":\"2020-03-06T10:55:21+00:00\",\"dateModified\":\"2024-05-05T15:05:19+00:00\",\"author\":{\"@id\":\"https:\/\/turisme.dival.es\/#\/schema\/person\/3e0b7dd59fafb4560a54b9a4940574f4\"},\"inLanguage\":\"vl\",\"potentialAction\":[{\"@type\":\"ReadAction\",\"target\":[\"https:\/\/turisme.dival.es\/ca\/jordi-mayor-destaca-lauge-de-les-iniciatives-de-turisme-nautic-a-valencia\/\"]}]},{\"@type\":\"ImageObject\",\"inLanguage\":\"vl\",\"@id\":\"https:\/\/turisme.dival.es\/ca\/jordi-mayor-destaca-lauge-de-les-iniciatives-de-turisme-nautic-a-valencia\/#primaryimage\",\"url\":\"https:\/\/turisme.dival.es\/wp-content\/uploads\/2021\/09\/JORDI-MAYOR-DURANTE-SU-INTERVENCION.jpg\",\"contentUrl\":\"https:\/\/turisme.dival.es\/wp-content\/uploads\/2021\/09\/JORDI-MAYOR-DURANTE-SU-INTERVENCION.jpg\",\"width\":1600,\"height\":1200},{\"@type\":\"WebSite\",\"@id\":\"https:\/\/turisme.dival.es\/#website\",\"url\":\"https:\/\/turisme.dival.es\/\",\"name\":\"valenciaturismo.com.mialias.net\",\"description\":\"\",\"potentialAction\":[{\"@type\":\"SearchAction\",\"target\":{\"@type\":\"EntryPoint\",\"urlTemplate\":\"https:\/\/turisme.dival.es\/?s={search_term_string}\"},\"query-input\":\"required name=search_term_string\"}],\"inLanguage\":\"vl\"},{\"@type\":\"Person\",\"@id\":\"https:\/\/turisme.dival.es\/#\/schema\/person\/3e0b7dd59fafb4560a54b9a4940574f4\",\"name\":\"Val\u00e8ncia Turisme\",\"image\":{\"@type\":\"ImageObject\",\"inLanguage\":\"vl\",\"@id\":\"https:\/\/turisme.dival.es\/#\/schema\/person\/image\/\",\"url\":\"https:\/\/secure.gravatar.com\/avatar\/0e9af38f68e5d55d0728b298890449252967999842654f5245c679ec46532ee9?s=96&d=mm&r=g\",\"contentUrl\":\"https:\/\/secure.gravatar.com\/avatar\/0e9af38f68e5d55d0728b298890449252967999842654f5245c679ec46532ee9?s=96&d=mm&r=g\",\"caption\":\"Val\u00e8ncia Turisme\"},\"sameAs\":[\"https:\/\/turisme.dival.es\"]}]}<\/script>\n<!-- \/ Yoast SEO plugin. -->","yoast_head_json":{"title":"Jordi Mayor destaca l'auge de les iniciatives de turisme n\u00e0utic a Val\u00e8ncia &#060; Valencia Turismo","robots":{"index":"index","follow":"follow","max-snippet":"max-snippet:-1","max-image-preview":"max-image-preview:large","max-video-preview":"max-video-preview:-1"},"canonical":"https:\/\/turisme.dival.es\/ca\/jordi-mayor-destaca-lauge-de-les-iniciatives-de-turisme-nautic-a-valencia\/","og_locale":"en_US","og_type":"article","og_title":"Jordi Mayor destaca l'auge de les iniciatives de turisme n\u00e0utic a Val\u00e8ncia &#060; Valencia Turismo","og_description":"El responsable provincial de Turisme exposa la creixent labor de Val\u00e8ncia Turisme en el sector, durant el VIII Congr\u00e9s N\u00e0utic que acull l&#8217;Oceanogr\u00e0fic 05\/03\/2020 El diputat de Turisme de la Diputaci\u00f3 de Val\u00e8ncia, Jordi Mayor, ha destacat aquesta vesprada l&#8217;auge actual d&#8217;iniciatives de turisme n\u00e0utic que experimenta Val\u00e8ncia, durant la seua intervenci\u00f3 en el VIII [&hellip;]","og_url":"https:\/\/turisme.dival.es\/ca\/jordi-mayor-destaca-lauge-de-les-iniciatives-de-turisme-nautic-a-valencia\/","og_site_name":"Valencia Turismo","article_published_time":"2020-03-06T10:55:21+00:00","article_modified_time":"2024-05-05T15:05:19+00:00","og_image":[{"width":1600,"height":1200,"url":"https:\/\/turisme.dival.es\/wp-content\/uploads\/2021\/09\/JORDI-MAYOR-DURANTE-SU-INTERVENCION.jpg","type":"image\/jpeg"}],"author":"Val\u00e8ncia Turisme","twitter_card":"summary_large_image","twitter_misc":{"Written by":"Val\u00e8ncia Turisme","Est. reading time":"2 minutes"},"schema":{"@context":"https:\/\/schema.org","@graph":[{"@type":"WebPage","@id":"https:\/\/turisme.dival.es\/ca\/jordi-mayor-destaca-lauge-de-les-iniciatives-de-turisme-nautic-a-valencia\/","url":"https:\/\/turisme.dival.es\/ca\/jordi-mayor-destaca-lauge-de-les-iniciatives-de-turisme-nautic-a-valencia\/","name":"Jordi Mayor destaca l'auge de les iniciatives de turisme n\u00e0utic a Val\u00e8ncia &#060; Valencia Turismo","isPartOf":{"@id":"https:\/\/turisme.dival.es\/#website"},"primaryImageOfPage":{"@id":"https:\/\/turisme.dival.es\/ca\/jordi-mayor-destaca-lauge-de-les-iniciatives-de-turisme-nautic-a-valencia\/#primaryimage"},"image":{"@id":"https:\/\/turisme.dival.es\/ca\/jordi-mayor-destaca-lauge-de-les-iniciatives-de-turisme-nautic-a-valencia\/#primaryimage"},"thumbnailUrl":"https:\/\/turisme.dival.es\/wp-content\/uploads\/2021\/09\/JORDI-MAYOR-DURANTE-SU-INTERVENCION.jpg","datePublished":"2020-03-06T10:55:21+00:00","dateModified":"2024-05-05T15:05:19+00:00","author":{"@id":"https:\/\/turisme.dival.es\/#\/schema\/person\/3e0b7dd59fafb4560a54b9a4940574f4"},"inLanguage":"vl","potentialAction":[{"@type":"ReadAction","target":["https:\/\/turisme.dival.es\/ca\/jordi-mayor-destaca-lauge-de-les-iniciatives-de-turisme-nautic-a-valencia\/"]}]},{"@type":"ImageObject","inLanguage":"vl","@id":"https:\/\/turisme.dival.es\/ca\/jordi-mayor-destaca-lauge-de-les-iniciatives-de-turisme-nautic-a-valencia\/#primaryimage","url":"https:\/\/turisme.dival.es\/wp-content\/uploads\/2021\/09\/JORDI-MAYOR-DURANTE-SU-INTERVENCION.jpg","contentUrl":"https:\/\/turisme.dival.es\/wp-content\/uploads\/2021\/09\/JORDI-MAYOR-DURANTE-SU-INTERVENCION.jpg","width":1600,"height":1200},{"@type":"WebSite","@id":"https:\/\/turisme.dival.es\/#website","url":"https:\/\/turisme.dival.es\/","name":"valenciaturismo.com.mialias.net","description":"","potentialAction":[{"@type":"SearchAction","target":{"@type":"EntryPoint","urlTemplate":"https:\/\/turisme.dival.es\/?s={search_term_string}"},"query-input":"required name=search_term_string"}],"inLanguage":"vl"},{"@type":"Person","@id":"https:\/\/turisme.dival.es\/#\/schema\/person\/3e0b7dd59fafb4560a54b9a4940574f4","name":"Val\u00e8ncia Turisme","image":{"@type":"ImageObject","inLanguage":"vl","@id":"https:\/\/turisme.dival.es\/#\/schema\/person\/image\/","url":"https:\/\/secure.gravatar.com\/avatar\/0e9af38f68e5d55d0728b298890449252967999842654f5245c679ec46532ee9?s=96&d=mm&r=g","contentUrl":"https:\/\/secure.gravatar.com\/avatar\/0e9af38f68e5d55d0728b298890449252967999842654f5245c679ec46532ee9?s=96&d=mm&r=g","caption":"Val\u00e8ncia Turisme"},"sameAs":["https:\/\/turisme.dival.es"]}]}},"_links":{"self":[{"href":"https:\/\/turisme.dival.es\/ca\/wp-json\/wp\/v2\/posts\/127012","targetHints":{"allow":["GET"]}}],"collection":[{"href":"https:\/\/turisme.dival.es\/ca\/wp-json\/wp\/v2\/posts"}],"about":[{"href":"https:\/\/turisme.dival.es\/ca\/wp-json\/wp\/v2\/types\/post"}],"author":[{"embeddable":true,"href":"https:\/\/turisme.dival.es\/ca\/wp-json\/wp\/v2\/users\/1"}],"replies":[{"embeddable":true,"href":"https:\/\/turisme.dival.es\/ca\/wp-json\/wp\/v2\/comments?post=127012"}],"version-history":[{"count":1,"href":"https:\/\/turisme.dival.es\/ca\/wp-json\/wp\/v2\/posts\/127012\/revisions"}],"predecessor-version":[{"id":130608,"href":"https:\/\/turisme.dival.es\/ca\/wp-json\/wp\/v2\/posts\/127012\/revisions\/130608"}],"wp:featuredmedia":[{"embeddable":true,"href":"https:\/\/turisme.dival.es\/ca\/wp-json\/wp\/v2\/media\/21286"}],"wp:attachment":[{"href":"https:\/\/turisme.dival.es\/ca\/wp-json\/wp\/v2\/media?parent=127012"}],"wp:term":[{"taxonomy":"category","embeddable":true,"href":"https:\/\/turisme.dival.es\/ca\/wp-json\/wp\/v2\/categories?post=127012"},{"taxonomy":"post_tag","embeddable":true,"href":"https:\/\/turisme.dival.es\/ca\/wp-json\/wp\/v2\/tags?post=127012"}],"curies":[{"name":"wp","href":"https:\/\/api.w.org\/{rel}","templated":true}]}}