{"id":127009,"date":"2020-01-23T10:45:30","date_gmt":"2020-01-23T10:45:30","guid":{"rendered":"https:\/\/turisme.dival.es\/la-diputacio-salia-amb-generalitat-i-ajuntaments-per-a-consolidar-un-turisme-intel%c2%b7ligent-i-sostenible\/"},"modified":"2020-01-23T10:45:30","modified_gmt":"2020-01-23T10:45:30","slug":"la-diputacio-salia-amb-generalitat-i-ajuntaments-per-a-consolidar-un-turisme-intel%c2%b7ligent-i-sostenible","status":"publish","type":"post","link":"https:\/\/turisme.dival.es\/ca\/la-diputacio-salia-amb-generalitat-i-ajuntaments-per-a-consolidar-un-turisme-intel%c2%b7ligent-i-sostenible\/","title":{"rendered":"La Diputaci\u00f3 s&#8217;alia amb Generalitat i ajuntaments per a consolidar un turisme intel\u00b7ligent i sostenible"},"content":{"rendered":"<ul>\n<li style=\"text-align: justify\">El Patronat provincial aposta en Fitur per un turisme de producte i experi\u00e8ncies de la m\u00e0 dels municipis i el Consell, a m\u00e9s de complementar amb programes comarcals l&#8217;auge tur\u00edstic de Val\u00e8ncia<\/li>\n<li style=\"text-align: justify\">El diputat de Turisme, Jordi Mayor, i el president, Toni Gaspar, coincidixen que la col\u00b7laboraci\u00f3 institucional \u00e9s imprescindible per a impulsar un turisme vertebrador i respectu\u00f3s amb el medi ambient<\/li>\n<\/ul>\n<p style=\"text-align: justify\">22\/gener\/2020. La Diputaci\u00f3 de Val\u00e8ncia torna un any m\u00e9s a Fitur i el fa amb una nova imatge per a la seua marca Val\u00e8ncia Turisme i una aposta clara per caminar al costat de la Generalitat i els ajuntaments cap a un turisme intel\u00b7ligent de producte i experi\u00e8ncies, que vertebre el territori i respecte el medi ambient.<\/p>\n<p style=\"text-align: justify\">El Patronat Provincial de Turisme, des de juliol sota la batuta del diputat Jordi Mayor, reunix l&#8217;oferta comarcal en l&#8217;ampli paraigua de Turisme Comunitat Valenciana, l&#8217;ens auton\u00f2mic que coordina el potencial tur\u00edstic de les tres prov\u00edncies i que, com destaquen tant el president de la Diputaci\u00f3, Toni Gaspar, com el mateix Jordi Mayor, \u201cens obri les portes a la resta d&#8217;institucions perqu\u00e8 des de la col\u00b7laboraci\u00f3 i la suma de projectes arribem m\u00e9s lluny amb les nostres destinacions i productes tur\u00edstics\u201d.<\/p>\n<p style=\"text-align: justify\">La Diputaci\u00f3 es presenta enguany en el gran aparador tur\u00edstic de Fira Madrid amb Gandia i Cullera com a destinacions consolidades, i Canet, Oliva i Sagunt com a opcions de platja, oci i patrimoni que compten amb una important infraestructura en allotjament. La resta de municipis presenten les seues propostes i encants en \u00e0mbits com les festes, la cultura, la gastronomia i els recursos naturals.<\/p>\n<p style=\"text-align: justify\">Producte i experi\u00e8ncies es fonen en un carrusel de sensacions que el responsable provincial de Turisme resumix amb l&#8217;ess\u00e8ncia de la gesti\u00f3 del Patronat: \u201ctractem d&#8217;aprofitar l&#8217;auge tur\u00edstic de Val\u00e8ncia complementant la seua oferta amb els encants i reclams dels municipis de la prov\u00edncia, i per a aix\u00f2 posarem en marxa programes que faciliten esta connexi\u00f3 i l&#8217;impuls del turisme comarcal\u201d.<\/p>\n<p style=\"text-align: justify\">En esta l\u00ednia de col\u00b7laboraci\u00f3 amb la ciutat, Jordi Mayor ha anunciat en Fitur l&#8217;aportaci\u00f3 que la Diputaci\u00f3 far\u00e0 per a desenvolupar un pla de turisme intel\u00b7ligent a Val\u00e8ncia, estrenant aix\u00ed la nova condici\u00f3 de patr\u00f3 de la corporaci\u00f3 en l&#8217;ens tur\u00edstic de la capital. En el mateix context s&#8217;emmarca la intervenci\u00f3 de la diputada d&#8217;Inform\u00e0tica i Tecnologia, Mentxu Balaguer, encarregada de donar a con\u00e9ixer la xarxa de ciutats tur\u00edstiques intel\u00b7ligents en la qual treballa el seu departament.<\/p>\n<p style=\"text-align: justify\"><strong>Plans de dinamitzaci\u00f3 amb el Consell<\/strong><\/p>\n<p style=\"text-align: justify\">La col\u00b7laboraci\u00f3 institucional \u00e9s l&#8217;eix sobre el qual descansa el nou model tur\u00edstic de la Diputaci\u00f3, i en este \u00e0mbit s&#8217;emmarquen els plans de dinamitzaci\u00f3 i governan\u00e7a de les destinacions tur\u00edstiques de la Comunitat, que en 2020 arribaran a La Safor, el Camp de Morvedre, coordinat per l&#8217;Ajuntament de Sagunt, La Costera i La Canal, La Hoya de Bu\u00f1ol-Chiva, el Camp de T\u00faria i les mancomunitats del Carraixet, a l&#8217;Horta Nord, Terra del Vi i la Canal de Navarr\u00e9s.<\/p>\n<p style=\"text-align: justify\">El secretari auton\u00f2mic de Turisme, Francesc Colomer, ha presentat en Fitur, al costat dels presidents de les tres diputacions, estos plans en els quals participen conjuntament el Consell i els ens provincials. A Val\u00e8ncia, el president de la Diputaci\u00f3, Toni Gaspar, ha destacat este treball desenvolupat entre les institucions i les mancomunitats per a \u201cmodernitzar, fomentar i consolidar productes tur\u00edstics millorant la competitivitat, la sostenibilitat i el reequilibri territorial\u201d. Per a Gaspar, \u201cel treball en equip torna a ser la millor eina a l&#8217;hora de presentar una oferta tur\u00edstica en la qual tots junts arribem m\u00e9s lluny\u201d.<\/p>\n<p style=\"text-align: justify\">La sostenibilitat ha sigut, al costat de la col\u00b7laboraci\u00f3 institucional, el missatge m\u00e9s repetit en esta jornada de les marques i el turisme de la prov\u00edncia en Fitur. En paraules del director del Patronat Provincial de Turisme, Evarist Caselles, \u201cel nostre repte, a m\u00e9s de consolidar destinacions i productes, consistix a minimitzar i evitar la maleta de la brut\u00edcia que genera el turisme\u201d.<\/p>\n<p style=\"text-align: justify\">Un turisme dels municipis valencians que compta en Fitur amb un espai destacat per a la gastronomia, amb la inclusi\u00f3 de la iniciativa del Patronat \u2018Del tros al plat\u2019 en la nova marca auton\u00f2mica \u2018L\u2019Exquisit mediterrani\u2019, i identitat pr\u00f2pia per a productes festius com la Tomatina de Bu\u00f1ol, que celebra el seu 75 aniversari; esportius com el Cotif de L&#8217;Alc\u00fadia, el torneig internacional per excel\u00b7l\u00e8ncia de futbol sub-20; i patrimonials com la X\u00e0tiva dels Borgia.<\/p>\n<p style=\"text-align: justify\"><strong>Una imatge per a unir<\/strong><\/p>\n<p style=\"text-align: justify\">L&#8217;oferta tur\u00edstica de la Diputaci\u00f3 es presenta en Fitur amb una nova imatge per a Val\u00e8ncia Turisme, un treball del dissenyador valenci\u00e0 Pepe Gimeno que aporta versatilitat a la marca per a adaptar-se a qualsevol suport i consolida l&#8217;aposta del Patronat Provincial per un turisme sostenible basat en la col\u00b7laboraci\u00f3 amb la resta d&#8217;institucions.<\/p>\n<p style=\"text-align: justify\">Tant el president de la Diputaci\u00f3, Toni Gaspar, com el responsable de Turisme, Jordi Mayor, coincidixen que l&#8217;ess\u00e8ncia d&#8217;esta nova marca \u00e9s la suma d&#8217;esfor\u00e7os i la coher\u00e8ncia gr\u00e0fica, la qual cosa explica m\u00e9s detalladament el creador, Pepe Gimeno: \u201cel concepte fonamental d&#8217;este logo \u00e9s que es parla amb els logos de la Generalitat i l&#8217;Ajuntament, mant\u00e9 el concepte territorial amb el mig arc que representa la prov\u00edncia, un ens intermedi entre la ciutat i la Comunitat, i incorpora una \u00e0mplia gamma de colors i formats per a donar resposta a suports com el 3D, les xarxes o els estampats virtuals\u201d.<\/p>\n<p>&nbsp;<\/p>\n<p>&nbsp;<\/p>\n<p>&nbsp;<\/p>\n<p>&nbsp;<\/p>\n<p>&nbsp;<\/p>\n","protected":false},"excerpt":{"rendered":"<p>El Patronat provincial aposta en Fitur per un turisme de producte i experi\u00e8ncies de la m\u00e0 dels municipis i el Consell, a m\u00e9s de complementar amb programes comarcals l&#8217;auge tur\u00edstic de Val\u00e8ncia El diputat de Turisme, Jordi Mayor, i el president, Toni Gaspar, coincidixen que la col\u00b7laboraci\u00f3 institucional \u00e9s imprescindible per a impulsar un turisme [&hellip;]<\/p>\n","protected":false},"author":1,"featured_media":41166,"comment_status":"open","ping_status":"open","sticky":false,"template":"","format":"standard","meta":{"_acf_changed":false,"_et_pb_use_builder":"","_et_pb_old_content":"","_et_gb_content_width":"","footnotes":""},"categories":[1952],"tags":[],"class_list":["post-127009","post","type-post","status-publish","format-standard","has-post-thumbnail","hentry","category-noticies"],"acf":{"destacado":false},"yoast_head":"<!-- This site is optimized with the Yoast SEO plugin v23.0 - https:\/\/yoast.com\/wordpress\/plugins\/seo\/ -->\n<title>La Diputaci\u00f3 s&#039;alia amb Generalitat i ajuntaments per a consolidar un turisme intel\u00b7ligent i sostenible &#060; Valencia Turismo<\/title>\n<meta name=\"robots\" content=\"index, follow, max-snippet:-1, max-image-preview:large, max-video-preview:-1\" \/>\n<link rel=\"canonical\" href=\"https:\/\/turisme.dival.es\/ca\/la-diputacio-salia-amb-generalitat-i-ajuntaments-per-a-consolidar-un-turisme-intel\u00b7ligent-i-sostenible\/\" \/>\n<meta property=\"og:locale\" content=\"en_US\" \/>\n<meta property=\"og:type\" content=\"article\" \/>\n<meta property=\"og:title\" content=\"La Diputaci\u00f3 s&#039;alia amb Generalitat i ajuntaments per a consolidar un turisme intel\u00b7ligent i sostenible &#060; Valencia Turismo\" \/>\n<meta property=\"og:description\" content=\"El Patronat provincial aposta en Fitur per un turisme de producte i experi\u00e8ncies de la m\u00e0 dels municipis i el Consell, a m\u00e9s de complementar amb programes comarcals l&#8217;auge tur\u00edstic de Val\u00e8ncia El diputat de Turisme, Jordi Mayor, i el president, Toni Gaspar, coincidixen que la col\u00b7laboraci\u00f3 institucional \u00e9s imprescindible per a impulsar un turisme [&hellip;]\" \/>\n<meta property=\"og:url\" content=\"https:\/\/turisme.dival.es\/ca\/la-diputacio-salia-amb-generalitat-i-ajuntaments-per-a-consolidar-un-turisme-intel\u00b7ligent-i-sostenible\/\" \/>\n<meta property=\"og:site_name\" content=\"Valencia Turismo\" \/>\n<meta property=\"article:published_time\" content=\"2020-01-23T10:45:30+00:00\" \/>\n<meta property=\"og:image\" content=\"https:\/\/turisme.dival.es\/wp-content\/uploads\/2022\/01\/IMG-20200122-WA0016.jpg\" \/>\n\t<meta property=\"og:image:width\" content=\"1560\" \/>\n\t<meta property=\"og:image:height\" content=\"1040\" \/>\n\t<meta property=\"og:image:type\" content=\"image\/jpeg\" \/>\n<meta name=\"author\" content=\"Val\u00e8ncia Turisme\" \/>\n<meta name=\"twitter:card\" content=\"summary_large_image\" \/>\n<meta name=\"twitter:label1\" content=\"Written by\" \/>\n\t<meta name=\"twitter:data1\" content=\"Val\u00e8ncia Turisme\" \/>\n\t<meta name=\"twitter:label2\" content=\"Est. reading time\" \/>\n\t<meta name=\"twitter:data2\" content=\"5 minutes\" \/>\n<script type=\"application\/ld+json\" class=\"yoast-schema-graph\">{\"@context\":\"https:\/\/schema.org\",\"@graph\":[{\"@type\":\"WebPage\",\"@id\":\"https:\/\/turisme.dival.es\/ca\/la-diputacio-salia-amb-generalitat-i-ajuntaments-per-a-consolidar-un-turisme-intel%c2%b7ligent-i-sostenible\/\",\"url\":\"https:\/\/turisme.dival.es\/ca\/la-diputacio-salia-amb-generalitat-i-ajuntaments-per-a-consolidar-un-turisme-intel%c2%b7ligent-i-sostenible\/\",\"name\":\"La Diputaci\u00f3 s'alia amb Generalitat i ajuntaments per a consolidar un turisme intel\u00b7ligent i sostenible &#060; Valencia Turismo\",\"isPartOf\":{\"@id\":\"https:\/\/turisme.dival.es\/#website\"},\"primaryImageOfPage\":{\"@id\":\"https:\/\/turisme.dival.es\/ca\/la-diputacio-salia-amb-generalitat-i-ajuntaments-per-a-consolidar-un-turisme-intel%c2%b7ligent-i-sostenible\/#primaryimage\"},\"image\":{\"@id\":\"https:\/\/turisme.dival.es\/ca\/la-diputacio-salia-amb-generalitat-i-ajuntaments-per-a-consolidar-un-turisme-intel%c2%b7ligent-i-sostenible\/#primaryimage\"},\"thumbnailUrl\":\"https:\/\/turisme.dival.es\/wp-content\/uploads\/2022\/01\/IMG-20200122-WA0016.jpg\",\"datePublished\":\"2020-01-23T10:45:30+00:00\",\"dateModified\":\"2020-01-23T10:45:30+00:00\",\"author\":{\"@id\":\"https:\/\/turisme.dival.es\/#\/schema\/person\/3e0b7dd59fafb4560a54b9a4940574f4\"},\"inLanguage\":\"vl\",\"potentialAction\":[{\"@type\":\"ReadAction\",\"target\":[\"https:\/\/turisme.dival.es\/ca\/la-diputacio-salia-amb-generalitat-i-ajuntaments-per-a-consolidar-un-turisme-intel%c2%b7ligent-i-sostenible\/\"]}]},{\"@type\":\"ImageObject\",\"inLanguage\":\"vl\",\"@id\":\"https:\/\/turisme.dival.es\/ca\/la-diputacio-salia-amb-generalitat-i-ajuntaments-per-a-consolidar-un-turisme-intel%c2%b7ligent-i-sostenible\/#primaryimage\",\"url\":\"https:\/\/turisme.dival.es\/wp-content\/uploads\/2022\/01\/IMG-20200122-WA0016.jpg\",\"contentUrl\":\"https:\/\/turisme.dival.es\/wp-content\/uploads\/2022\/01\/IMG-20200122-WA0016.jpg\",\"width\":1560,\"height\":1040,\"caption\":\"||||||\"},{\"@type\":\"WebSite\",\"@id\":\"https:\/\/turisme.dival.es\/#website\",\"url\":\"https:\/\/turisme.dival.es\/\",\"name\":\"valenciaturismo.com.mialias.net\",\"description\":\"\",\"potentialAction\":[{\"@type\":\"SearchAction\",\"target\":{\"@type\":\"EntryPoint\",\"urlTemplate\":\"https:\/\/turisme.dival.es\/?s={search_term_string}\"},\"query-input\":\"required name=search_term_string\"}],\"inLanguage\":\"vl\"},{\"@type\":\"Person\",\"@id\":\"https:\/\/turisme.dival.es\/#\/schema\/person\/3e0b7dd59fafb4560a54b9a4940574f4\",\"name\":\"Val\u00e8ncia Turisme\",\"image\":{\"@type\":\"ImageObject\",\"inLanguage\":\"vl\",\"@id\":\"https:\/\/turisme.dival.es\/#\/schema\/person\/image\/\",\"url\":\"https:\/\/secure.gravatar.com\/avatar\/0e9af38f68e5d55d0728b298890449252967999842654f5245c679ec46532ee9?s=96&d=mm&r=g\",\"contentUrl\":\"https:\/\/secure.gravatar.com\/avatar\/0e9af38f68e5d55d0728b298890449252967999842654f5245c679ec46532ee9?s=96&d=mm&r=g\",\"caption\":\"Val\u00e8ncia Turisme\"},\"sameAs\":[\"https:\/\/turisme.dival.es\"]}]}<\/script>\n<!-- \/ Yoast SEO plugin. -->","yoast_head_json":{"title":"La Diputaci\u00f3 s'alia amb Generalitat i ajuntaments per a consolidar un turisme intel\u00b7ligent i sostenible &#060; Valencia Turismo","robots":{"index":"index","follow":"follow","max-snippet":"max-snippet:-1","max-image-preview":"max-image-preview:large","max-video-preview":"max-video-preview:-1"},"canonical":"https:\/\/turisme.dival.es\/ca\/la-diputacio-salia-amb-generalitat-i-ajuntaments-per-a-consolidar-un-turisme-intel\u00b7ligent-i-sostenible\/","og_locale":"en_US","og_type":"article","og_title":"La Diputaci\u00f3 s'alia amb Generalitat i ajuntaments per a consolidar un turisme intel\u00b7ligent i sostenible &#060; Valencia Turismo","og_description":"El Patronat provincial aposta en Fitur per un turisme de producte i experi\u00e8ncies de la m\u00e0 dels municipis i el Consell, a m\u00e9s de complementar amb programes comarcals l&#8217;auge tur\u00edstic de Val\u00e8ncia El diputat de Turisme, Jordi Mayor, i el president, Toni Gaspar, coincidixen que la col\u00b7laboraci\u00f3 institucional \u00e9s imprescindible per a impulsar un turisme [&hellip;]","og_url":"https:\/\/turisme.dival.es\/ca\/la-diputacio-salia-amb-generalitat-i-ajuntaments-per-a-consolidar-un-turisme-intel\u00b7ligent-i-sostenible\/","og_site_name":"Valencia Turismo","article_published_time":"2020-01-23T10:45:30+00:00","og_image":[{"width":1560,"height":1040,"url":"https:\/\/turisme.dival.es\/wp-content\/uploads\/2022\/01\/IMG-20200122-WA0016.jpg","type":"image\/jpeg"}],"author":"Val\u00e8ncia Turisme","twitter_card":"summary_large_image","twitter_misc":{"Written by":"Val\u00e8ncia Turisme","Est. reading time":"5 minutes"},"schema":{"@context":"https:\/\/schema.org","@graph":[{"@type":"WebPage","@id":"https:\/\/turisme.dival.es\/ca\/la-diputacio-salia-amb-generalitat-i-ajuntaments-per-a-consolidar-un-turisme-intel%c2%b7ligent-i-sostenible\/","url":"https:\/\/turisme.dival.es\/ca\/la-diputacio-salia-amb-generalitat-i-ajuntaments-per-a-consolidar-un-turisme-intel%c2%b7ligent-i-sostenible\/","name":"La Diputaci\u00f3 s'alia amb Generalitat i ajuntaments per a consolidar un turisme intel\u00b7ligent i sostenible &#060; Valencia Turismo","isPartOf":{"@id":"https:\/\/turisme.dival.es\/#website"},"primaryImageOfPage":{"@id":"https:\/\/turisme.dival.es\/ca\/la-diputacio-salia-amb-generalitat-i-ajuntaments-per-a-consolidar-un-turisme-intel%c2%b7ligent-i-sostenible\/#primaryimage"},"image":{"@id":"https:\/\/turisme.dival.es\/ca\/la-diputacio-salia-amb-generalitat-i-ajuntaments-per-a-consolidar-un-turisme-intel%c2%b7ligent-i-sostenible\/#primaryimage"},"thumbnailUrl":"https:\/\/turisme.dival.es\/wp-content\/uploads\/2022\/01\/IMG-20200122-WA0016.jpg","datePublished":"2020-01-23T10:45:30+00:00","dateModified":"2020-01-23T10:45:30+00:00","author":{"@id":"https:\/\/turisme.dival.es\/#\/schema\/person\/3e0b7dd59fafb4560a54b9a4940574f4"},"inLanguage":"vl","potentialAction":[{"@type":"ReadAction","target":["https:\/\/turisme.dival.es\/ca\/la-diputacio-salia-amb-generalitat-i-ajuntaments-per-a-consolidar-un-turisme-intel%c2%b7ligent-i-sostenible\/"]}]},{"@type":"ImageObject","inLanguage":"vl","@id":"https:\/\/turisme.dival.es\/ca\/la-diputacio-salia-amb-generalitat-i-ajuntaments-per-a-consolidar-un-turisme-intel%c2%b7ligent-i-sostenible\/#primaryimage","url":"https:\/\/turisme.dival.es\/wp-content\/uploads\/2022\/01\/IMG-20200122-WA0016.jpg","contentUrl":"https:\/\/turisme.dival.es\/wp-content\/uploads\/2022\/01\/IMG-20200122-WA0016.jpg","width":1560,"height":1040,"caption":"||||||"},{"@type":"WebSite","@id":"https:\/\/turisme.dival.es\/#website","url":"https:\/\/turisme.dival.es\/","name":"valenciaturismo.com.mialias.net","description":"","potentialAction":[{"@type":"SearchAction","target":{"@type":"EntryPoint","urlTemplate":"https:\/\/turisme.dival.es\/?s={search_term_string}"},"query-input":"required name=search_term_string"}],"inLanguage":"vl"},{"@type":"Person","@id":"https:\/\/turisme.dival.es\/#\/schema\/person\/3e0b7dd59fafb4560a54b9a4940574f4","name":"Val\u00e8ncia Turisme","image":{"@type":"ImageObject","inLanguage":"vl","@id":"https:\/\/turisme.dival.es\/#\/schema\/person\/image\/","url":"https:\/\/secure.gravatar.com\/avatar\/0e9af38f68e5d55d0728b298890449252967999842654f5245c679ec46532ee9?s=96&d=mm&r=g","contentUrl":"https:\/\/secure.gravatar.com\/avatar\/0e9af38f68e5d55d0728b298890449252967999842654f5245c679ec46532ee9?s=96&d=mm&r=g","caption":"Val\u00e8ncia Turisme"},"sameAs":["https:\/\/turisme.dival.es"]}]}},"_links":{"self":[{"href":"https:\/\/turisme.dival.es\/ca\/wp-json\/wp\/v2\/posts\/127009","targetHints":{"allow":["GET"]}}],"collection":[{"href":"https:\/\/turisme.dival.es\/ca\/wp-json\/wp\/v2\/posts"}],"about":[{"href":"https:\/\/turisme.dival.es\/ca\/wp-json\/wp\/v2\/types\/post"}],"author":[{"embeddable":true,"href":"https:\/\/turisme.dival.es\/ca\/wp-json\/wp\/v2\/users\/1"}],"replies":[{"embeddable":true,"href":"https:\/\/turisme.dival.es\/ca\/wp-json\/wp\/v2\/comments?post=127009"}],"version-history":[{"count":0,"href":"https:\/\/turisme.dival.es\/ca\/wp-json\/wp\/v2\/posts\/127009\/revisions"}],"wp:featuredmedia":[{"embeddable":true,"href":"https:\/\/turisme.dival.es\/ca\/wp-json\/wp\/v2\/media\/41166"}],"wp:attachment":[{"href":"https:\/\/turisme.dival.es\/ca\/wp-json\/wp\/v2\/media?parent=127009"}],"wp:term":[{"taxonomy":"category","embeddable":true,"href":"https:\/\/turisme.dival.es\/ca\/wp-json\/wp\/v2\/categories?post=127009"},{"taxonomy":"post_tag","embeddable":true,"href":"https:\/\/turisme.dival.es\/ca\/wp-json\/wp\/v2\/tags?post=127009"}],"curies":[{"name":"wp","href":"https:\/\/api.w.org\/{rel}","templated":true}]}}