{"id":127008,"date":"2020-01-10T15:45:26","date_gmt":"2020-01-10T15:45:26","guid":{"rendered":"https:\/\/turisme.dival.es\/la-diputacio-redissenya-la-imatge-de-valencia-turisme-i-consolida-la-idea-de-col%c2%b7laboracio-institucional\/"},"modified":"2020-01-10T15:45:26","modified_gmt":"2020-01-10T15:45:26","slug":"la-diputacio-redissenya-la-imatge-de-valencia-turisme-i-consolida-la-idea-de-col%c2%b7laboracio-institucional","status":"publish","type":"post","link":"https:\/\/turisme.dival.es\/ca\/la-diputacio-redissenya-la-imatge-de-valencia-turisme-i-consolida-la-idea-de-col%c2%b7laboracio-institucional\/","title":{"rendered":"La Diputaci\u00f3 redissenya la imatge de Val\u00e8ncia Turisme i consolida la idea de col\u00b7laboraci\u00f3 institucional"},"content":{"rendered":"<ul>\n<li style=\"text-align: justify\">El Patronat Provincial de Turisme consolida el model de gesti\u00f3 basat en la sostenibilitat amb un concurs obert a tot el sector del disseny valenci\u00e0, que presenta una imatge vers\u00e0til i integradora<\/li>\n<li style=\"text-align: justify\">L\u2019Associaci\u00f3\u00a0de Dissenyadors de la Comunitat ha triat el treball de Pepe Gimeno, autor dels logos de Generalitat i Ajuntament. Els responsables de la Diputaci\u00f3 destaquen la \u201ccoher\u00e8ncia gr\u00e0fica\u201d<\/li>\n<\/ul>\n<p style=\"text-align: justify\">10\/01\/2020<br \/>\nLa Diputaci\u00f3 de Val\u00e8ncia ha presentat este divendres la nova imatge de Val\u00e8ncia Turisme, un treball del dissenyador valenci\u00e0 Pepe Gimeno que aporta versatilitat a la marca per a adaptar-se a qualsevol suport i consolida l&#8217;aposta del Patronat Provincial per un turisme sostenible basat en la col\u00b7laboraci\u00f3 amb la resta d&#8217;institucions.<\/p>\n<p style=\"text-align: justify\">En paraules del creador d&#8217;esta nova imatge, Pepe Gimeno, \u201cel concepte fonamental d&#8217;este logo \u00e9s que es parla amb els logos de la Generalitat i l&#8217;Ajuntament, mant\u00e9 el concepte territorial amb el mig arc que representa la prov\u00edncia, un ens intermedi entre la ciutat i la Comunitat, i incorpora una \u00e0mplia gamma de colors i formats per a donar resposta a suports com el 3D, les xarxes o els estampats virtuals\u201d.<\/p>\n<p style=\"text-align: justify\">Gimeno ha sigut seleccionat per l&#8217;Associaci\u00f3 de Dissenyadors de la Comunitat d&#8217;entre els 29 projectes presentats per empreses del sector, al qual la Diputaci\u00f3 ha volgut obrir les portes en este proc\u00e9s per a renovar la imatge de la seua marca tur\u00edstica. Explica el diputat de Turisme, Jordi Mayor, que la intenci\u00f3 era \u201charmonitzar la nostra marca amb les de la resta d&#8217;institucions, generant sinergies i un relat ple de personalitat, de la m\u00e0 d&#8217;un col\u00b7lectiu que convertir\u00e0 Val\u00e8ncia en capital mundial del disseny\u201d.<\/p>\n<p style=\"text-align: justify\">En la presentaci\u00f3 oficial de la nova imatge de Val\u00e8ncia Turisme han participat tamb\u00e9 el secretari auton\u00f2mic de Turisme, Francesc Colomer, i el president de la Diputaci\u00f3, Toni Gaspar, qui ha destacat la implicaci\u00f3 dels dissenyadors valencians en este redisseny que \u201cobri un nou temps per a posar en marxa la manera d&#8217;entendre el turisme que hem desenvolupat en els \u00faltims 4 anys, i que se sustenta en el treball en equip de totes les institucions per a oferir productes tur\u00edstics conjunts, potents i sostenibles\u201d.<\/p>\n<p style=\"text-align: justify\">Per a Gaspar, \u201cla col\u00b7laboraci\u00f3 institucional \u00e9s necess\u00e0ria en qualsevol \u00e0mbit de gesti\u00f3, i la seua import\u00e0ncia es demostra molt especialment en sectors tan transversals com el turisme\u201d. El president de la corporaci\u00f3 provincial ha tancat aix\u00ed un acte al qual han assistit les diputades Pilar Sarri\u00f3n, Mentxu Balaguer i Roc\u00edo Gil, i el vicepresident Carlos Fern\u00e1ndez Bielsa.<\/p>\n<p style=\"text-align: justify\">Estrena en Fitur<\/p>\n<p style=\"text-align: justify\">Del proc\u00e9s de creaci\u00f3 de la imatge ha parlat igualment el director del Patronat Provincial de Turisme, Evarist Caselles, que ha posat en valor el treball de les 29 empreses participants. \u201cQualsevol d&#8217;elles podria haver sigut seleccionada, per\u00f2 finalment ha sigut l&#8217;associaci\u00f3 la que ha triat el disseny que millor s&#8217;adapta a les nostres necessitats, partint de la col\u00b7laboraci\u00f3 institucional i de la claredat i versatilitat que ens permeta continuar creixent en tots els \u00e0mbits, tant en destinacions com al mig natural o gastronomia\u201d.<\/p>\n<p style=\"text-align: justify\">Una vegada presentada oficialment, la imatge de Pepe Gimeno per a Val\u00e8ncia Turisme podr\u00e0 veure&#8217;s ja en la Fira Internacional de Turisme de Madrid, que tindr\u00e0 lloc en Ifema entre el 22 i el 26 de gener. Com \u00e9s habitual, la Diputaci\u00f3 celebrar\u00e0 el dia de la provincia a Fitur el dimecres 22, en la jornada d&#8217;obertura d&#8217;un certamen que en la seua \u00faltima edici\u00f3 va superar els 250.000 participants.<\/p>\n","protected":false},"excerpt":{"rendered":"<p>El Patronat Provincial de Turisme consolida el model de gesti\u00f3 basat en la sostenibilitat amb un concurs obert a tot el sector del disseny valenci\u00e0, que presenta una imatge vers\u00e0til i integradora L\u2019Associaci\u00f3\u00a0de Dissenyadors de la Comunitat ha triat el treball de Pepe Gimeno, autor dels logos de Generalitat i Ajuntament. Els responsables de la [&hellip;]<\/p>\n","protected":false},"author":1,"featured_media":42503,"comment_status":"open","ping_status":"open","sticky":false,"template":"","format":"standard","meta":{"_acf_changed":false,"_et_pb_use_builder":"","_et_pb_old_content":"","_et_gb_content_width":"","footnotes":""},"categories":[1952],"tags":[],"class_list":["post-127008","post","type-post","status-publish","format-standard","has-post-thumbnail","hentry","category-noticies"],"acf":{"destacado":false},"yoast_head":"<!-- This site is optimized with the Yoast SEO plugin v23.0 - https:\/\/yoast.com\/wordpress\/plugins\/seo\/ -->\n<title>La Diputaci\u00f3 redissenya la imatge de Val\u00e8ncia Turisme i consolida la idea de col\u00b7laboraci\u00f3 institucional &#060; Valencia Turismo<\/title>\n<meta name=\"robots\" content=\"index, follow, max-snippet:-1, max-image-preview:large, max-video-preview:-1\" \/>\n<link rel=\"canonical\" href=\"https:\/\/turisme.dival.es\/ca\/la-diputacio-redissenya-la-imatge-de-valencia-turisme-i-consolida-la-idea-de-col\u00b7laboracio-institucional\/\" \/>\n<meta property=\"og:locale\" content=\"en_US\" \/>\n<meta property=\"og:type\" content=\"article\" \/>\n<meta property=\"og:title\" content=\"La Diputaci\u00f3 redissenya la imatge de Val\u00e8ncia Turisme i consolida la idea de col\u00b7laboraci\u00f3 institucional &#060; Valencia Turismo\" \/>\n<meta property=\"og:description\" content=\"El Patronat Provincial de Turisme consolida el model de gesti\u00f3 basat en la sostenibilitat amb un concurs obert a tot el sector del disseny valenci\u00e0, que presenta una imatge vers\u00e0til i integradora L\u2019Associaci\u00f3\u00a0de Dissenyadors de la Comunitat ha triat el treball de Pepe Gimeno, autor dels logos de Generalitat i Ajuntament. Els responsables de la [&hellip;]\" \/>\n<meta property=\"og:url\" content=\"https:\/\/turisme.dival.es\/ca\/la-diputacio-redissenya-la-imatge-de-valencia-turisme-i-consolida-la-idea-de-col\u00b7laboracio-institucional\/\" \/>\n<meta property=\"og:site_name\" content=\"Valencia Turismo\" \/>\n<meta property=\"article:published_time\" content=\"2020-01-10T15:45:26+00:00\" \/>\n<meta property=\"og:image\" content=\"https:\/\/turisme.dival.es\/wp-content\/uploads\/2022\/01\/3F5476E4-8558-4914-A861-4B7F737C62B7.jpeg\" \/>\n\t<meta property=\"og:image:width\" content=\"1560\" \/>\n\t<meta property=\"og:image:height\" content=\"1040\" \/>\n\t<meta property=\"og:image:type\" content=\"image\/jpeg\" \/>\n<meta name=\"author\" content=\"Val\u00e8ncia Turisme\" \/>\n<meta name=\"twitter:card\" content=\"summary_large_image\" \/>\n<meta name=\"twitter:label1\" content=\"Written by\" \/>\n\t<meta name=\"twitter:data1\" content=\"Val\u00e8ncia Turisme\" \/>\n\t<meta name=\"twitter:label2\" content=\"Est. reading time\" \/>\n\t<meta name=\"twitter:data2\" content=\"3 minutes\" \/>\n<script type=\"application\/ld+json\" class=\"yoast-schema-graph\">{\"@context\":\"https:\/\/schema.org\",\"@graph\":[{\"@type\":\"WebPage\",\"@id\":\"https:\/\/turisme.dival.es\/ca\/la-diputacio-redissenya-la-imatge-de-valencia-turisme-i-consolida-la-idea-de-col%c2%b7laboracio-institucional\/\",\"url\":\"https:\/\/turisme.dival.es\/ca\/la-diputacio-redissenya-la-imatge-de-valencia-turisme-i-consolida-la-idea-de-col%c2%b7laboracio-institucional\/\",\"name\":\"La Diputaci\u00f3 redissenya la imatge de Val\u00e8ncia Turisme i consolida la idea de col\u00b7laboraci\u00f3 institucional &#060; Valencia Turismo\",\"isPartOf\":{\"@id\":\"https:\/\/turisme.dival.es\/#website\"},\"primaryImageOfPage\":{\"@id\":\"https:\/\/turisme.dival.es\/ca\/la-diputacio-redissenya-la-imatge-de-valencia-turisme-i-consolida-la-idea-de-col%c2%b7laboracio-institucional\/#primaryimage\"},\"image\":{\"@id\":\"https:\/\/turisme.dival.es\/ca\/la-diputacio-redissenya-la-imatge-de-valencia-turisme-i-consolida-la-idea-de-col%c2%b7laboracio-institucional\/#primaryimage\"},\"thumbnailUrl\":\"https:\/\/turisme.dival.es\/wp-content\/uploads\/2022\/01\/3F5476E4-8558-4914-A861-4B7F737C62B7.jpeg\",\"datePublished\":\"2020-01-10T15:45:26+00:00\",\"dateModified\":\"2020-01-10T15:45:26+00:00\",\"author\":{\"@id\":\"https:\/\/turisme.dival.es\/#\/schema\/person\/3e0b7dd59fafb4560a54b9a4940574f4\"},\"inLanguage\":\"vl\",\"potentialAction\":[{\"@type\":\"ReadAction\",\"target\":[\"https:\/\/turisme.dival.es\/ca\/la-diputacio-redissenya-la-imatge-de-valencia-turisme-i-consolida-la-idea-de-col%c2%b7laboracio-institucional\/\"]}]},{\"@type\":\"ImageObject\",\"inLanguage\":\"vl\",\"@id\":\"https:\/\/turisme.dival.es\/ca\/la-diputacio-redissenya-la-imatge-de-valencia-turisme-i-consolida-la-idea-de-col%c2%b7laboracio-institucional\/#primaryimage\",\"url\":\"https:\/\/turisme.dival.es\/wp-content\/uploads\/2022\/01\/3F5476E4-8558-4914-A861-4B7F737C62B7.jpeg\",\"contentUrl\":\"https:\/\/turisme.dival.es\/wp-content\/uploads\/2022\/01\/3F5476E4-8558-4914-A861-4B7F737C62B7.jpeg\",\"width\":1560,\"height\":1040,\"caption\":\"|||||\"},{\"@type\":\"WebSite\",\"@id\":\"https:\/\/turisme.dival.es\/#website\",\"url\":\"https:\/\/turisme.dival.es\/\",\"name\":\"valenciaturismo.com.mialias.net\",\"description\":\"\",\"potentialAction\":[{\"@type\":\"SearchAction\",\"target\":{\"@type\":\"EntryPoint\",\"urlTemplate\":\"https:\/\/turisme.dival.es\/?s={search_term_string}\"},\"query-input\":\"required name=search_term_string\"}],\"inLanguage\":\"vl\"},{\"@type\":\"Person\",\"@id\":\"https:\/\/turisme.dival.es\/#\/schema\/person\/3e0b7dd59fafb4560a54b9a4940574f4\",\"name\":\"Val\u00e8ncia Turisme\",\"image\":{\"@type\":\"ImageObject\",\"inLanguage\":\"vl\",\"@id\":\"https:\/\/turisme.dival.es\/#\/schema\/person\/image\/\",\"url\":\"https:\/\/secure.gravatar.com\/avatar\/0e9af38f68e5d55d0728b298890449252967999842654f5245c679ec46532ee9?s=96&d=mm&r=g\",\"contentUrl\":\"https:\/\/secure.gravatar.com\/avatar\/0e9af38f68e5d55d0728b298890449252967999842654f5245c679ec46532ee9?s=96&d=mm&r=g\",\"caption\":\"Val\u00e8ncia Turisme\"},\"sameAs\":[\"https:\/\/turisme.dival.es\"]}]}<\/script>\n<!-- \/ Yoast SEO plugin. -->","yoast_head_json":{"title":"La Diputaci\u00f3 redissenya la imatge de Val\u00e8ncia Turisme i consolida la idea de col\u00b7laboraci\u00f3 institucional &#060; Valencia Turismo","robots":{"index":"index","follow":"follow","max-snippet":"max-snippet:-1","max-image-preview":"max-image-preview:large","max-video-preview":"max-video-preview:-1"},"canonical":"https:\/\/turisme.dival.es\/ca\/la-diputacio-redissenya-la-imatge-de-valencia-turisme-i-consolida-la-idea-de-col\u00b7laboracio-institucional\/","og_locale":"en_US","og_type":"article","og_title":"La Diputaci\u00f3 redissenya la imatge de Val\u00e8ncia Turisme i consolida la idea de col\u00b7laboraci\u00f3 institucional &#060; Valencia Turismo","og_description":"El Patronat Provincial de Turisme consolida el model de gesti\u00f3 basat en la sostenibilitat amb un concurs obert a tot el sector del disseny valenci\u00e0, que presenta una imatge vers\u00e0til i integradora L\u2019Associaci\u00f3\u00a0de Dissenyadors de la Comunitat ha triat el treball de Pepe Gimeno, autor dels logos de Generalitat i Ajuntament. Els responsables de la [&hellip;]","og_url":"https:\/\/turisme.dival.es\/ca\/la-diputacio-redissenya-la-imatge-de-valencia-turisme-i-consolida-la-idea-de-col\u00b7laboracio-institucional\/","og_site_name":"Valencia Turismo","article_published_time":"2020-01-10T15:45:26+00:00","og_image":[{"width":1560,"height":1040,"url":"https:\/\/turisme.dival.es\/wp-content\/uploads\/2022\/01\/3F5476E4-8558-4914-A861-4B7F737C62B7.jpeg","type":"image\/jpeg"}],"author":"Val\u00e8ncia Turisme","twitter_card":"summary_large_image","twitter_misc":{"Written by":"Val\u00e8ncia Turisme","Est. reading time":"3 minutes"},"schema":{"@context":"https:\/\/schema.org","@graph":[{"@type":"WebPage","@id":"https:\/\/turisme.dival.es\/ca\/la-diputacio-redissenya-la-imatge-de-valencia-turisme-i-consolida-la-idea-de-col%c2%b7laboracio-institucional\/","url":"https:\/\/turisme.dival.es\/ca\/la-diputacio-redissenya-la-imatge-de-valencia-turisme-i-consolida-la-idea-de-col%c2%b7laboracio-institucional\/","name":"La Diputaci\u00f3 redissenya la imatge de Val\u00e8ncia Turisme i consolida la idea de col\u00b7laboraci\u00f3 institucional &#060; Valencia Turismo","isPartOf":{"@id":"https:\/\/turisme.dival.es\/#website"},"primaryImageOfPage":{"@id":"https:\/\/turisme.dival.es\/ca\/la-diputacio-redissenya-la-imatge-de-valencia-turisme-i-consolida-la-idea-de-col%c2%b7laboracio-institucional\/#primaryimage"},"image":{"@id":"https:\/\/turisme.dival.es\/ca\/la-diputacio-redissenya-la-imatge-de-valencia-turisme-i-consolida-la-idea-de-col%c2%b7laboracio-institucional\/#primaryimage"},"thumbnailUrl":"https:\/\/turisme.dival.es\/wp-content\/uploads\/2022\/01\/3F5476E4-8558-4914-A861-4B7F737C62B7.jpeg","datePublished":"2020-01-10T15:45:26+00:00","dateModified":"2020-01-10T15:45:26+00:00","author":{"@id":"https:\/\/turisme.dival.es\/#\/schema\/person\/3e0b7dd59fafb4560a54b9a4940574f4"},"inLanguage":"vl","potentialAction":[{"@type":"ReadAction","target":["https:\/\/turisme.dival.es\/ca\/la-diputacio-redissenya-la-imatge-de-valencia-turisme-i-consolida-la-idea-de-col%c2%b7laboracio-institucional\/"]}]},{"@type":"ImageObject","inLanguage":"vl","@id":"https:\/\/turisme.dival.es\/ca\/la-diputacio-redissenya-la-imatge-de-valencia-turisme-i-consolida-la-idea-de-col%c2%b7laboracio-institucional\/#primaryimage","url":"https:\/\/turisme.dival.es\/wp-content\/uploads\/2022\/01\/3F5476E4-8558-4914-A861-4B7F737C62B7.jpeg","contentUrl":"https:\/\/turisme.dival.es\/wp-content\/uploads\/2022\/01\/3F5476E4-8558-4914-A861-4B7F737C62B7.jpeg","width":1560,"height":1040,"caption":"|||||"},{"@type":"WebSite","@id":"https:\/\/turisme.dival.es\/#website","url":"https:\/\/turisme.dival.es\/","name":"valenciaturismo.com.mialias.net","description":"","potentialAction":[{"@type":"SearchAction","target":{"@type":"EntryPoint","urlTemplate":"https:\/\/turisme.dival.es\/?s={search_term_string}"},"query-input":"required name=search_term_string"}],"inLanguage":"vl"},{"@type":"Person","@id":"https:\/\/turisme.dival.es\/#\/schema\/person\/3e0b7dd59fafb4560a54b9a4940574f4","name":"Val\u00e8ncia Turisme","image":{"@type":"ImageObject","inLanguage":"vl","@id":"https:\/\/turisme.dival.es\/#\/schema\/person\/image\/","url":"https:\/\/secure.gravatar.com\/avatar\/0e9af38f68e5d55d0728b298890449252967999842654f5245c679ec46532ee9?s=96&d=mm&r=g","contentUrl":"https:\/\/secure.gravatar.com\/avatar\/0e9af38f68e5d55d0728b298890449252967999842654f5245c679ec46532ee9?s=96&d=mm&r=g","caption":"Val\u00e8ncia Turisme"},"sameAs":["https:\/\/turisme.dival.es"]}]}},"_links":{"self":[{"href":"https:\/\/turisme.dival.es\/ca\/wp-json\/wp\/v2\/posts\/127008","targetHints":{"allow":["GET"]}}],"collection":[{"href":"https:\/\/turisme.dival.es\/ca\/wp-json\/wp\/v2\/posts"}],"about":[{"href":"https:\/\/turisme.dival.es\/ca\/wp-json\/wp\/v2\/types\/post"}],"author":[{"embeddable":true,"href":"https:\/\/turisme.dival.es\/ca\/wp-json\/wp\/v2\/users\/1"}],"replies":[{"embeddable":true,"href":"https:\/\/turisme.dival.es\/ca\/wp-json\/wp\/v2\/comments?post=127008"}],"version-history":[{"count":0,"href":"https:\/\/turisme.dival.es\/ca\/wp-json\/wp\/v2\/posts\/127008\/revisions"}],"wp:featuredmedia":[{"embeddable":true,"href":"https:\/\/turisme.dival.es\/ca\/wp-json\/wp\/v2\/media\/42503"}],"wp:attachment":[{"href":"https:\/\/turisme.dival.es\/ca\/wp-json\/wp\/v2\/media?parent=127008"}],"wp:term":[{"taxonomy":"category","embeddable":true,"href":"https:\/\/turisme.dival.es\/ca\/wp-json\/wp\/v2\/categories?post=127008"},{"taxonomy":"post_tag","embeddable":true,"href":"https:\/\/turisme.dival.es\/ca\/wp-json\/wp\/v2\/tags?post=127008"}],"curies":[{"name":"wp","href":"https:\/\/api.w.org\/{rel}","templated":true}]}}