{"id":127001,"date":"2019-11-26T15:45:50","date_gmt":"2019-11-26T15:45:50","guid":{"rendered":"https:\/\/turisme.dival.es\/mes-de-30-agents-publics-i-privats-es-reuneixen-a-requena-per-a-optimitzar-la-gestio-de-serveis-turistics-locals\/"},"modified":"2024-05-05T15:05:13","modified_gmt":"2024-05-05T15:05:13","slug":"mes-de-30-agents-publics-i-privats-es-reuneixen-a-requena-per-a-optimitzar-la-gestio-de-serveis-turistics-locals","status":"publish","type":"post","link":"https:\/\/turisme.dival.es\/ca\/mes-de-30-agents-publics-i-privats-es-reuneixen-a-requena-per-a-optimitzar-la-gestio-de-serveis-turistics-locals\/","title":{"rendered":"M\u00e9s de 30 agents p\u00fablics i privats es reuneixen a Requena per a optimitzar la gesti\u00f3 de serveis tur\u00edstics locals"},"content":{"rendered":"<p>Val\u00e8ncia Turisme celebra la Taula de Promoci\u00f3 i Empreses de Serveis Tur\u00edstics Locals de les comarques de Requena-Utiel i el Valle de Ayora- Cofrentes<\/p>\n<p>26\/11\/2019<br \/>\nLa sala d&#8217;actes del Museu del Vi de Requena ha acollit aquest mat\u00ed la reuni\u00f3 de la Taula de Promoci\u00f3 Tur\u00edstica i Empreses de Serveis Tur\u00edstics Locals de les comarques de Requena-Utiel i el Valle de Ayora-Cofrentes, organitzada per Val\u00e8ncia Turisme, que ha congregat a m\u00e9s de 30 agents dedicats a activitats tur\u00edstiques locals, entre t\u00e8cnics municipals i<\/p>\n<p>La trobada ha comptat amb la pres\u00e8ncia de l&#8217;alcalde de Requena, Mario S\u00e1nchez; la regidora de Turisme, M\u00aa Jos\u00e9 Mart\u00edn; el director de Val\u00e8ncia Turisme, Evarist Caselles; i els t\u00e8cnics de Promoci\u00f3 Nacional i Internacional del Patronat de Turisme de Val\u00e8ncia, que han prestat el seu assessorament als assistents.<\/p>\n<p>L&#8217;objectiu d&#8217;aquest f\u00f2rum, el segon que se celebra a la prov\u00edncia de Val\u00e8ncia, \u00e9s donar a con\u00e8ixer tots els recursos que Val\u00e8ncia Turisme posa a la disposici\u00f3 dels municipis perqu\u00e8 puguen potenciar la seua activitat tur\u00edstica particular i la seua acci\u00f3 comuna a les comarques com a via de desenvolupament econ\u00f2mic, amb la qual combatre, a m\u00e9s, el despoblament.<\/p>\n<p>\u201cVolem que despr\u00e9s d&#8217;aquestes sessions entreu en contacte amb els receptius que puguen posar en el mercat les accions tur\u00edstiques que esteu preparant com a productors, a m\u00e9s de fer de baula per a connectar-vos amb altres administracions\u201d, ha explicat el director de Val\u00e8ncia Turisme a l&#8217;inici de la jornada.<\/p>\n<p>Turisme com a font de riquesa<\/p>\n<p>En aquestes sessions estem oberts a les vostres iniciatives per a ajudar-vos a desenvolupar m\u00e9s activitat, organitzar els serveis que oferiu i que tingueu m\u00e9s capacitat de promoci\u00f3 per a convertir-los en experi\u00e8ncies de felicitat que puguen pagar i gaudir els visitants, en benefici del nostre territori\u201d, ha agregat Caselles.<\/p>\n<p>L&#8217;alcalde de Requena, per part seua, ha destacat la import\u00e0ncia de celebrar aquest tipus de jornades, ja que \u201cels municipis de Requena-Utiel i el Valle de Ayora-Cofrentes tenen molt que oferir, molt per explotar i molt treball per davant per a fer del turisme una font de riquesa, molt m\u00e9s important del que \u00e9s ara\u201d.<\/p>\n<p>Val\u00e8ncia Turisme celebrar\u00e0 en les pr\u00f2ximes setmanes noves jornades comarcals a la prov\u00edncia, per a potenciar que ajuntaments i empresaris locals dedicats al turisme aconseguisquen els seus objectius amb el major \u00e8xit possible.<\/p>\n","protected":false},"excerpt":{"rendered":"<p>Val\u00e8ncia Turisme celebra la Taula de Promoci\u00f3 i Empreses de Serveis Tur\u00edstics Locals de les comarques de Requena-Utiel i el Valle de Ayora- Cofrentes 26\/11\/2019 La sala d&#8217;actes del Museu del Vi de Requena ha acollit aquest mat\u00ed la reuni\u00f3 de la Taula de Promoci\u00f3 Tur\u00edstica i Empreses de Serveis Tur\u00edstics Locals de les comarques [&hellip;]<\/p>\n","protected":false},"author":1,"featured_media":42461,"comment_status":"open","ping_status":"open","sticky":false,"template":"","format":"standard","meta":{"_acf_changed":false,"_et_pb_use_builder":"","_et_pb_old_content":"","_et_gb_content_width":"","footnotes":""},"categories":[1952],"tags":[],"class_list":["post-127001","post","type-post","status-publish","format-standard","has-post-thumbnail","hentry","category-noticies"],"acf":{"destacado":false},"yoast_head":"<!-- This site is optimized with the Yoast SEO plugin v23.0 - https:\/\/yoast.com\/wordpress\/plugins\/seo\/ -->\n<title>M\u00e9s de 30 agents p\u00fablics i privats es reuneixen a Requena per a optimitzar la gesti\u00f3 de serveis tur\u00edstics locals &#060; Valencia Turismo<\/title>\n<meta name=\"robots\" content=\"index, follow, max-snippet:-1, max-image-preview:large, max-video-preview:-1\" \/>\n<link rel=\"canonical\" href=\"https:\/\/turisme.dival.es\/ca\/mes-de-30-agents-publics-i-privats-es-reuneixen-a-requena-per-a-optimitzar-la-gestio-de-serveis-turistics-locals\/\" \/>\n<meta property=\"og:locale\" content=\"en_US\" \/>\n<meta property=\"og:type\" content=\"article\" \/>\n<meta property=\"og:title\" content=\"M\u00e9s de 30 agents p\u00fablics i privats es reuneixen a Requena per a optimitzar la gesti\u00f3 de serveis tur\u00edstics locals &#060; Valencia Turismo\" \/>\n<meta property=\"og:description\" content=\"Val\u00e8ncia Turisme celebra la Taula de Promoci\u00f3 i Empreses de Serveis Tur\u00edstics Locals de les comarques de Requena-Utiel i el Valle de Ayora- Cofrentes 26\/11\/2019 La sala d&#8217;actes del Museu del Vi de Requena ha acollit aquest mat\u00ed la reuni\u00f3 de la Taula de Promoci\u00f3 Tur\u00edstica i Empreses de Serveis Tur\u00edstics Locals de les comarques [&hellip;]\" \/>\n<meta property=\"og:url\" content=\"https:\/\/turisme.dival.es\/ca\/mes-de-30-agents-publics-i-privats-es-reuneixen-a-requena-per-a-optimitzar-la-gestio-de-serveis-turistics-locals\/\" \/>\n<meta property=\"og:site_name\" content=\"Valencia Turismo\" \/>\n<meta property=\"article:published_time\" content=\"2019-11-26T15:45:50+00:00\" \/>\n<meta property=\"article:modified_time\" content=\"2024-05-05T15:05:13+00:00\" \/>\n<meta property=\"og:image\" content=\"https:\/\/turisme.dival.es\/wp-content\/uploads\/2022\/01\/CD253F65-0B18-41A5-9623-E0133D4154FC.jpeg\" \/>\n\t<meta property=\"og:image:width\" content=\"2048\" \/>\n\t<meta property=\"og:image:height\" content=\"1250\" \/>\n\t<meta property=\"og:image:type\" content=\"image\/jpeg\" \/>\n<meta name=\"author\" content=\"Val\u00e8ncia Turisme\" \/>\n<meta name=\"twitter:card\" content=\"summary_large_image\" \/>\n<meta name=\"twitter:label1\" content=\"Written by\" \/>\n\t<meta name=\"twitter:data1\" content=\"Val\u00e8ncia Turisme\" \/>\n\t<meta name=\"twitter:label2\" content=\"Est. reading time\" \/>\n\t<meta name=\"twitter:data2\" content=\"2 minutes\" \/>\n<script type=\"application\/ld+json\" class=\"yoast-schema-graph\">{\"@context\":\"https:\/\/schema.org\",\"@graph\":[{\"@type\":\"WebPage\",\"@id\":\"https:\/\/turisme.dival.es\/ca\/mes-de-30-agents-publics-i-privats-es-reuneixen-a-requena-per-a-optimitzar-la-gestio-de-serveis-turistics-locals\/\",\"url\":\"https:\/\/turisme.dival.es\/ca\/mes-de-30-agents-publics-i-privats-es-reuneixen-a-requena-per-a-optimitzar-la-gestio-de-serveis-turistics-locals\/\",\"name\":\"M\u00e9s de 30 agents p\u00fablics i privats es reuneixen a Requena per a optimitzar la gesti\u00f3 de serveis tur\u00edstics locals &#060; Valencia Turismo\",\"isPartOf\":{\"@id\":\"https:\/\/turisme.dival.es\/#website\"},\"primaryImageOfPage\":{\"@id\":\"https:\/\/turisme.dival.es\/ca\/mes-de-30-agents-publics-i-privats-es-reuneixen-a-requena-per-a-optimitzar-la-gestio-de-serveis-turistics-locals\/#primaryimage\"},\"image\":{\"@id\":\"https:\/\/turisme.dival.es\/ca\/mes-de-30-agents-publics-i-privats-es-reuneixen-a-requena-per-a-optimitzar-la-gestio-de-serveis-turistics-locals\/#primaryimage\"},\"thumbnailUrl\":\"https:\/\/turisme.dival.es\/wp-content\/uploads\/2022\/01\/CD253F65-0B18-41A5-9623-E0133D4154FC.jpeg\",\"datePublished\":\"2019-11-26T15:45:50+00:00\",\"dateModified\":\"2024-05-05T15:05:13+00:00\",\"author\":{\"@id\":\"https:\/\/turisme.dival.es\/#\/schema\/person\/3e0b7dd59fafb4560a54b9a4940574f4\"},\"inLanguage\":\"vl\",\"potentialAction\":[{\"@type\":\"ReadAction\",\"target\":[\"https:\/\/turisme.dival.es\/ca\/mes-de-30-agents-publics-i-privats-es-reuneixen-a-requena-per-a-optimitzar-la-gestio-de-serveis-turistics-locals\/\"]}]},{\"@type\":\"ImageObject\",\"inLanguage\":\"vl\",\"@id\":\"https:\/\/turisme.dival.es\/ca\/mes-de-30-agents-publics-i-privats-es-reuneixen-a-requena-per-a-optimitzar-la-gestio-de-serveis-turistics-locals\/#primaryimage\",\"url\":\"https:\/\/turisme.dival.es\/wp-content\/uploads\/2022\/01\/CD253F65-0B18-41A5-9623-E0133D4154FC.jpeg\",\"contentUrl\":\"https:\/\/turisme.dival.es\/wp-content\/uploads\/2022\/01\/CD253F65-0B18-41A5-9623-E0133D4154FC.jpeg\",\"width\":2048,\"height\":1250,\"caption\":\"|||\"},{\"@type\":\"WebSite\",\"@id\":\"https:\/\/turisme.dival.es\/#website\",\"url\":\"https:\/\/turisme.dival.es\/\",\"name\":\"valenciaturismo.com.mialias.net\",\"description\":\"\",\"potentialAction\":[{\"@type\":\"SearchAction\",\"target\":{\"@type\":\"EntryPoint\",\"urlTemplate\":\"https:\/\/turisme.dival.es\/?s={search_term_string}\"},\"query-input\":\"required name=search_term_string\"}],\"inLanguage\":\"vl\"},{\"@type\":\"Person\",\"@id\":\"https:\/\/turisme.dival.es\/#\/schema\/person\/3e0b7dd59fafb4560a54b9a4940574f4\",\"name\":\"Val\u00e8ncia Turisme\",\"image\":{\"@type\":\"ImageObject\",\"inLanguage\":\"vl\",\"@id\":\"https:\/\/turisme.dival.es\/#\/schema\/person\/image\/\",\"url\":\"https:\/\/secure.gravatar.com\/avatar\/0e9af38f68e5d55d0728b298890449252967999842654f5245c679ec46532ee9?s=96&d=mm&r=g\",\"contentUrl\":\"https:\/\/secure.gravatar.com\/avatar\/0e9af38f68e5d55d0728b298890449252967999842654f5245c679ec46532ee9?s=96&d=mm&r=g\",\"caption\":\"Val\u00e8ncia Turisme\"},\"sameAs\":[\"https:\/\/turisme.dival.es\"]}]}<\/script>\n<!-- \/ Yoast SEO plugin. -->","yoast_head_json":{"title":"M\u00e9s de 30 agents p\u00fablics i privats es reuneixen a Requena per a optimitzar la gesti\u00f3 de serveis tur\u00edstics locals &#060; Valencia Turismo","robots":{"index":"index","follow":"follow","max-snippet":"max-snippet:-1","max-image-preview":"max-image-preview:large","max-video-preview":"max-video-preview:-1"},"canonical":"https:\/\/turisme.dival.es\/ca\/mes-de-30-agents-publics-i-privats-es-reuneixen-a-requena-per-a-optimitzar-la-gestio-de-serveis-turistics-locals\/","og_locale":"en_US","og_type":"article","og_title":"M\u00e9s de 30 agents p\u00fablics i privats es reuneixen a Requena per a optimitzar la gesti\u00f3 de serveis tur\u00edstics locals &#060; Valencia Turismo","og_description":"Val\u00e8ncia Turisme celebra la Taula de Promoci\u00f3 i Empreses de Serveis Tur\u00edstics Locals de les comarques de Requena-Utiel i el Valle de Ayora- Cofrentes 26\/11\/2019 La sala d&#8217;actes del Museu del Vi de Requena ha acollit aquest mat\u00ed la reuni\u00f3 de la Taula de Promoci\u00f3 Tur\u00edstica i Empreses de Serveis Tur\u00edstics Locals de les comarques [&hellip;]","og_url":"https:\/\/turisme.dival.es\/ca\/mes-de-30-agents-publics-i-privats-es-reuneixen-a-requena-per-a-optimitzar-la-gestio-de-serveis-turistics-locals\/","og_site_name":"Valencia Turismo","article_published_time":"2019-11-26T15:45:50+00:00","article_modified_time":"2024-05-05T15:05:13+00:00","og_image":[{"width":2048,"height":1250,"url":"https:\/\/turisme.dival.es\/wp-content\/uploads\/2022\/01\/CD253F65-0B18-41A5-9623-E0133D4154FC.jpeg","type":"image\/jpeg"}],"author":"Val\u00e8ncia Turisme","twitter_card":"summary_large_image","twitter_misc":{"Written by":"Val\u00e8ncia Turisme","Est. reading time":"2 minutes"},"schema":{"@context":"https:\/\/schema.org","@graph":[{"@type":"WebPage","@id":"https:\/\/turisme.dival.es\/ca\/mes-de-30-agents-publics-i-privats-es-reuneixen-a-requena-per-a-optimitzar-la-gestio-de-serveis-turistics-locals\/","url":"https:\/\/turisme.dival.es\/ca\/mes-de-30-agents-publics-i-privats-es-reuneixen-a-requena-per-a-optimitzar-la-gestio-de-serveis-turistics-locals\/","name":"M\u00e9s de 30 agents p\u00fablics i privats es reuneixen a Requena per a optimitzar la gesti\u00f3 de serveis tur\u00edstics locals &#060; Valencia Turismo","isPartOf":{"@id":"https:\/\/turisme.dival.es\/#website"},"primaryImageOfPage":{"@id":"https:\/\/turisme.dival.es\/ca\/mes-de-30-agents-publics-i-privats-es-reuneixen-a-requena-per-a-optimitzar-la-gestio-de-serveis-turistics-locals\/#primaryimage"},"image":{"@id":"https:\/\/turisme.dival.es\/ca\/mes-de-30-agents-publics-i-privats-es-reuneixen-a-requena-per-a-optimitzar-la-gestio-de-serveis-turistics-locals\/#primaryimage"},"thumbnailUrl":"https:\/\/turisme.dival.es\/wp-content\/uploads\/2022\/01\/CD253F65-0B18-41A5-9623-E0133D4154FC.jpeg","datePublished":"2019-11-26T15:45:50+00:00","dateModified":"2024-05-05T15:05:13+00:00","author":{"@id":"https:\/\/turisme.dival.es\/#\/schema\/person\/3e0b7dd59fafb4560a54b9a4940574f4"},"inLanguage":"vl","potentialAction":[{"@type":"ReadAction","target":["https:\/\/turisme.dival.es\/ca\/mes-de-30-agents-publics-i-privats-es-reuneixen-a-requena-per-a-optimitzar-la-gestio-de-serveis-turistics-locals\/"]}]},{"@type":"ImageObject","inLanguage":"vl","@id":"https:\/\/turisme.dival.es\/ca\/mes-de-30-agents-publics-i-privats-es-reuneixen-a-requena-per-a-optimitzar-la-gestio-de-serveis-turistics-locals\/#primaryimage","url":"https:\/\/turisme.dival.es\/wp-content\/uploads\/2022\/01\/CD253F65-0B18-41A5-9623-E0133D4154FC.jpeg","contentUrl":"https:\/\/turisme.dival.es\/wp-content\/uploads\/2022\/01\/CD253F65-0B18-41A5-9623-E0133D4154FC.jpeg","width":2048,"height":1250,"caption":"|||"},{"@type":"WebSite","@id":"https:\/\/turisme.dival.es\/#website","url":"https:\/\/turisme.dival.es\/","name":"valenciaturismo.com.mialias.net","description":"","potentialAction":[{"@type":"SearchAction","target":{"@type":"EntryPoint","urlTemplate":"https:\/\/turisme.dival.es\/?s={search_term_string}"},"query-input":"required name=search_term_string"}],"inLanguage":"vl"},{"@type":"Person","@id":"https:\/\/turisme.dival.es\/#\/schema\/person\/3e0b7dd59fafb4560a54b9a4940574f4","name":"Val\u00e8ncia Turisme","image":{"@type":"ImageObject","inLanguage":"vl","@id":"https:\/\/turisme.dival.es\/#\/schema\/person\/image\/","url":"https:\/\/secure.gravatar.com\/avatar\/0e9af38f68e5d55d0728b298890449252967999842654f5245c679ec46532ee9?s=96&d=mm&r=g","contentUrl":"https:\/\/secure.gravatar.com\/avatar\/0e9af38f68e5d55d0728b298890449252967999842654f5245c679ec46532ee9?s=96&d=mm&r=g","caption":"Val\u00e8ncia Turisme"},"sameAs":["https:\/\/turisme.dival.es"]}]}},"_links":{"self":[{"href":"https:\/\/turisme.dival.es\/ca\/wp-json\/wp\/v2\/posts\/127001","targetHints":{"allow":["GET"]}}],"collection":[{"href":"https:\/\/turisme.dival.es\/ca\/wp-json\/wp\/v2\/posts"}],"about":[{"href":"https:\/\/turisme.dival.es\/ca\/wp-json\/wp\/v2\/types\/post"}],"author":[{"embeddable":true,"href":"https:\/\/turisme.dival.es\/ca\/wp-json\/wp\/v2\/users\/1"}],"replies":[{"embeddable":true,"href":"https:\/\/turisme.dival.es\/ca\/wp-json\/wp\/v2\/comments?post=127001"}],"version-history":[{"count":1,"href":"https:\/\/turisme.dival.es\/ca\/wp-json\/wp\/v2\/posts\/127001\/revisions"}],"predecessor-version":[{"id":130604,"href":"https:\/\/turisme.dival.es\/ca\/wp-json\/wp\/v2\/posts\/127001\/revisions\/130604"}],"wp:featuredmedia":[{"embeddable":true,"href":"https:\/\/turisme.dival.es\/ca\/wp-json\/wp\/v2\/media\/42461"}],"wp:attachment":[{"href":"https:\/\/turisme.dival.es\/ca\/wp-json\/wp\/v2\/media?parent=127001"}],"wp:term":[{"taxonomy":"category","embeddable":true,"href":"https:\/\/turisme.dival.es\/ca\/wp-json\/wp\/v2\/categories?post=127001"},{"taxonomy":"post_tag","embeddable":true,"href":"https:\/\/turisme.dival.es\/ca\/wp-json\/wp\/v2\/tags?post=127001"}],"curies":[{"name":"wp","href":"https:\/\/api.w.org\/{rel}","templated":true}]}}