{"id":126999,"date":"2019-11-22T12:49:01","date_gmt":"2019-11-22T12:49:01","guid":{"rendered":"https:\/\/turisme.dival.es\/valencia-turisme-participa-en-la-valladolid-travel-night-de-ceav\/"},"modified":"2019-11-22T12:49:01","modified_gmt":"2019-11-22T12:49:01","slug":"valencia-turisme-participa-en-la-valladolid-travel-night-de-ceav","status":"publish","type":"post","link":"https:\/\/turisme.dival.es\/ca\/valencia-turisme-participa-en-la-valladolid-travel-night-de-ceav\/","title":{"rendered":"Val\u00e8ncia Turisme participa en la \u2018Valladolid Travel Night\u2019 de CEAV"},"content":{"rendered":"<p style=\"text-align: justify\">22\/11\/2019<br \/>\nVal\u00e8ncia Turisme va participar anit a la Valladolid Travel Night, organitzada per la Confederaci\u00f3n Espa\u00f1ola de Agencias de Viajes (CEAV) amb motiu de la Feria Internacional de Turismo de Interior INTUR, que va congregar a un centenar d&#8217;ag\u00e8ncies de viatges i experts del sector tur\u00edstic, tant nacionals com internacionals.<\/p>\n<p style=\"text-align: justify\">La marca tur\u00edstica de la Diputaci\u00f3 de Val\u00e8ncia va coordinar l&#8217;acci\u00f3 de la delegaci\u00f3 valenciana assistent a l&#8217;esdeveniment, composta tamb\u00e9 per representants dels municipis de X\u00e0tiva, Gandia i Cullera; l&#8217;Oceanogr\u00e0fic i Val\u00e8ncia ciutat.<\/p>\n<p style=\"text-align: justify\">INTUR 2019, que se celebra des d&#8217;ahir i fins diumenge que ve a Valladolid,reuneix m\u00e9s de 310 expositors entre majoristes, turoperadors, receptius, ag\u00e8ncies de viatges, empreses de serveis, d&#8217;allotjament, de reunions i congressos, parcs tem\u00e0tics, associacions professionals i organismes oficials, aix\u00ed com agents de tota mena de turisme d&#8217;interior i l turisme accessible, tant d&#8217;\u00e0mbit nacional com internacional.<\/p>\n","protected":false},"excerpt":{"rendered":"<p>22\/11\/2019 Val\u00e8ncia Turisme va participar anit a la Valladolid Travel Night, organitzada per la Confederaci\u00f3n Espa\u00f1ola de Agencias de Viajes (CEAV) amb motiu de la Feria Internacional de Turismo de Interior INTUR, que va congregar a un centenar d&#8217;ag\u00e8ncies de viatges i experts del sector tur\u00edstic, tant nacionals com internacionals. La marca tur\u00edstica de la [&hellip;]<\/p>\n","protected":false},"author":1,"featured_media":21269,"comment_status":"open","ping_status":"open","sticky":false,"template":"","format":"standard","meta":{"_acf_changed":false,"_et_pb_use_builder":"","_et_pb_old_content":"","_et_gb_content_width":"","footnotes":""},"categories":[1952],"tags":[],"class_list":["post-126999","post","type-post","status-publish","format-standard","has-post-thumbnail","hentry","category-noticies"],"acf":{"destacado":false},"yoast_head":"<!-- This site is optimized with the Yoast SEO plugin v23.0 - https:\/\/yoast.com\/wordpress\/plugins\/seo\/ -->\n<title>Val\u00e8ncia Turisme participa en la \u2018Valladolid Travel Night\u2019 de CEAV &#060; Valencia Turismo<\/title>\n<meta name=\"robots\" content=\"index, follow, max-snippet:-1, max-image-preview:large, max-video-preview:-1\" \/>\n<link rel=\"canonical\" href=\"https:\/\/turisme.dival.es\/ca\/valencia-turisme-participa-en-la-valladolid-travel-night-de-ceav\/\" \/>\n<meta property=\"og:locale\" content=\"en_US\" \/>\n<meta property=\"og:type\" content=\"article\" \/>\n<meta property=\"og:title\" content=\"Val\u00e8ncia Turisme participa en la \u2018Valladolid Travel Night\u2019 de CEAV &#060; Valencia Turismo\" \/>\n<meta property=\"og:description\" content=\"22\/11\/2019 Val\u00e8ncia Turisme va participar anit a la Valladolid Travel Night, organitzada per la Confederaci\u00f3n Espa\u00f1ola de Agencias de Viajes (CEAV) amb motiu de la Feria Internacional de Turismo de Interior INTUR, que va congregar a un centenar d&#8217;ag\u00e8ncies de viatges i experts del sector tur\u00edstic, tant nacionals com internacionals. La marca tur\u00edstica de la [&hellip;]\" \/>\n<meta property=\"og:url\" content=\"https:\/\/turisme.dival.es\/ca\/valencia-turisme-participa-en-la-valladolid-travel-night-de-ceav\/\" \/>\n<meta property=\"og:site_name\" content=\"Valencia Turismo\" \/>\n<meta property=\"article:published_time\" content=\"2019-11-22T12:49:01+00:00\" \/>\n<meta property=\"og:image\" content=\"https:\/\/turisme.dival.es\/wp-content\/uploads\/2021\/09\/El-director-de-Valencia-Turisme-con-miembros-de-la-delegacion-valenciana.jpg\" \/>\n\t<meta property=\"og:image:width\" content=\"2048\" \/>\n\t<meta property=\"og:image:height\" content=\"1536\" \/>\n\t<meta property=\"og:image:type\" content=\"image\/jpeg\" \/>\n<meta name=\"author\" content=\"Val\u00e8ncia Turisme\" \/>\n<meta name=\"twitter:card\" content=\"summary_large_image\" \/>\n<meta name=\"twitter:label1\" content=\"Written by\" \/>\n\t<meta name=\"twitter:data1\" content=\"Val\u00e8ncia Turisme\" \/>\n\t<meta name=\"twitter:label2\" content=\"Est. reading time\" \/>\n\t<meta name=\"twitter:data2\" content=\"1 minute\" \/>\n<script type=\"application\/ld+json\" class=\"yoast-schema-graph\">{\"@context\":\"https:\/\/schema.org\",\"@graph\":[{\"@type\":\"WebPage\",\"@id\":\"https:\/\/turisme.dival.es\/ca\/valencia-turisme-participa-en-la-valladolid-travel-night-de-ceav\/\",\"url\":\"https:\/\/turisme.dival.es\/ca\/valencia-turisme-participa-en-la-valladolid-travel-night-de-ceav\/\",\"name\":\"Val\u00e8ncia Turisme participa en la \u2018Valladolid Travel Night\u2019 de CEAV &#060; Valencia Turismo\",\"isPartOf\":{\"@id\":\"https:\/\/turisme.dival.es\/#website\"},\"primaryImageOfPage\":{\"@id\":\"https:\/\/turisme.dival.es\/ca\/valencia-turisme-participa-en-la-valladolid-travel-night-de-ceav\/#primaryimage\"},\"image\":{\"@id\":\"https:\/\/turisme.dival.es\/ca\/valencia-turisme-participa-en-la-valladolid-travel-night-de-ceav\/#primaryimage\"},\"thumbnailUrl\":\"https:\/\/turisme.dival.es\/wp-content\/uploads\/2021\/09\/El-director-de-Valencia-Turisme-con-miembros-de-la-delegacion-valenciana.jpg\",\"datePublished\":\"2019-11-22T12:49:01+00:00\",\"dateModified\":\"2019-11-22T12:49:01+00:00\",\"author\":{\"@id\":\"https:\/\/turisme.dival.es\/#\/schema\/person\/3e0b7dd59fafb4560a54b9a4940574f4\"},\"inLanguage\":\"vl\",\"potentialAction\":[{\"@type\":\"ReadAction\",\"target\":[\"https:\/\/turisme.dival.es\/ca\/valencia-turisme-participa-en-la-valladolid-travel-night-de-ceav\/\"]}]},{\"@type\":\"ImageObject\",\"inLanguage\":\"vl\",\"@id\":\"https:\/\/turisme.dival.es\/ca\/valencia-turisme-participa-en-la-valladolid-travel-night-de-ceav\/#primaryimage\",\"url\":\"https:\/\/turisme.dival.es\/wp-content\/uploads\/2021\/09\/El-director-de-Valencia-Turisme-con-miembros-de-la-delegacion-valenciana.jpg\",\"contentUrl\":\"https:\/\/turisme.dival.es\/wp-content\/uploads\/2021\/09\/El-director-de-Valencia-Turisme-con-miembros-de-la-delegacion-valenciana.jpg\",\"width\":2048,\"height\":1536},{\"@type\":\"WebSite\",\"@id\":\"https:\/\/turisme.dival.es\/#website\",\"url\":\"https:\/\/turisme.dival.es\/\",\"name\":\"valenciaturismo.com.mialias.net\",\"description\":\"\",\"potentialAction\":[{\"@type\":\"SearchAction\",\"target\":{\"@type\":\"EntryPoint\",\"urlTemplate\":\"https:\/\/turisme.dival.es\/?s={search_term_string}\"},\"query-input\":\"required name=search_term_string\"}],\"inLanguage\":\"vl\"},{\"@type\":\"Person\",\"@id\":\"https:\/\/turisme.dival.es\/#\/schema\/person\/3e0b7dd59fafb4560a54b9a4940574f4\",\"name\":\"Val\u00e8ncia Turisme\",\"image\":{\"@type\":\"ImageObject\",\"inLanguage\":\"vl\",\"@id\":\"https:\/\/turisme.dival.es\/#\/schema\/person\/image\/\",\"url\":\"https:\/\/secure.gravatar.com\/avatar\/0e9af38f68e5d55d0728b298890449252967999842654f5245c679ec46532ee9?s=96&d=mm&r=g\",\"contentUrl\":\"https:\/\/secure.gravatar.com\/avatar\/0e9af38f68e5d55d0728b298890449252967999842654f5245c679ec46532ee9?s=96&d=mm&r=g\",\"caption\":\"Val\u00e8ncia Turisme\"},\"sameAs\":[\"https:\/\/turisme.dival.es\"]}]}<\/script>\n<!-- \/ Yoast SEO plugin. -->","yoast_head_json":{"title":"Val\u00e8ncia Turisme participa en la \u2018Valladolid Travel Night\u2019 de CEAV &#060; Valencia Turismo","robots":{"index":"index","follow":"follow","max-snippet":"max-snippet:-1","max-image-preview":"max-image-preview:large","max-video-preview":"max-video-preview:-1"},"canonical":"https:\/\/turisme.dival.es\/ca\/valencia-turisme-participa-en-la-valladolid-travel-night-de-ceav\/","og_locale":"en_US","og_type":"article","og_title":"Val\u00e8ncia Turisme participa en la \u2018Valladolid Travel Night\u2019 de CEAV &#060; Valencia Turismo","og_description":"22\/11\/2019 Val\u00e8ncia Turisme va participar anit a la Valladolid Travel Night, organitzada per la Confederaci\u00f3n Espa\u00f1ola de Agencias de Viajes (CEAV) amb motiu de la Feria Internacional de Turismo de Interior INTUR, que va congregar a un centenar d&#8217;ag\u00e8ncies de viatges i experts del sector tur\u00edstic, tant nacionals com internacionals. La marca tur\u00edstica de la [&hellip;]","og_url":"https:\/\/turisme.dival.es\/ca\/valencia-turisme-participa-en-la-valladolid-travel-night-de-ceav\/","og_site_name":"Valencia Turismo","article_published_time":"2019-11-22T12:49:01+00:00","og_image":[{"width":2048,"height":1536,"url":"https:\/\/turisme.dival.es\/wp-content\/uploads\/2021\/09\/El-director-de-Valencia-Turisme-con-miembros-de-la-delegacion-valenciana.jpg","type":"image\/jpeg"}],"author":"Val\u00e8ncia Turisme","twitter_card":"summary_large_image","twitter_misc":{"Written by":"Val\u00e8ncia Turisme","Est. reading time":"1 minute"},"schema":{"@context":"https:\/\/schema.org","@graph":[{"@type":"WebPage","@id":"https:\/\/turisme.dival.es\/ca\/valencia-turisme-participa-en-la-valladolid-travel-night-de-ceav\/","url":"https:\/\/turisme.dival.es\/ca\/valencia-turisme-participa-en-la-valladolid-travel-night-de-ceav\/","name":"Val\u00e8ncia Turisme participa en la \u2018Valladolid Travel Night\u2019 de CEAV &#060; Valencia Turismo","isPartOf":{"@id":"https:\/\/turisme.dival.es\/#website"},"primaryImageOfPage":{"@id":"https:\/\/turisme.dival.es\/ca\/valencia-turisme-participa-en-la-valladolid-travel-night-de-ceav\/#primaryimage"},"image":{"@id":"https:\/\/turisme.dival.es\/ca\/valencia-turisme-participa-en-la-valladolid-travel-night-de-ceav\/#primaryimage"},"thumbnailUrl":"https:\/\/turisme.dival.es\/wp-content\/uploads\/2021\/09\/El-director-de-Valencia-Turisme-con-miembros-de-la-delegacion-valenciana.jpg","datePublished":"2019-11-22T12:49:01+00:00","dateModified":"2019-11-22T12:49:01+00:00","author":{"@id":"https:\/\/turisme.dival.es\/#\/schema\/person\/3e0b7dd59fafb4560a54b9a4940574f4"},"inLanguage":"vl","potentialAction":[{"@type":"ReadAction","target":["https:\/\/turisme.dival.es\/ca\/valencia-turisme-participa-en-la-valladolid-travel-night-de-ceav\/"]}]},{"@type":"ImageObject","inLanguage":"vl","@id":"https:\/\/turisme.dival.es\/ca\/valencia-turisme-participa-en-la-valladolid-travel-night-de-ceav\/#primaryimage","url":"https:\/\/turisme.dival.es\/wp-content\/uploads\/2021\/09\/El-director-de-Valencia-Turisme-con-miembros-de-la-delegacion-valenciana.jpg","contentUrl":"https:\/\/turisme.dival.es\/wp-content\/uploads\/2021\/09\/El-director-de-Valencia-Turisme-con-miembros-de-la-delegacion-valenciana.jpg","width":2048,"height":1536},{"@type":"WebSite","@id":"https:\/\/turisme.dival.es\/#website","url":"https:\/\/turisme.dival.es\/","name":"valenciaturismo.com.mialias.net","description":"","potentialAction":[{"@type":"SearchAction","target":{"@type":"EntryPoint","urlTemplate":"https:\/\/turisme.dival.es\/?s={search_term_string}"},"query-input":"required name=search_term_string"}],"inLanguage":"vl"},{"@type":"Person","@id":"https:\/\/turisme.dival.es\/#\/schema\/person\/3e0b7dd59fafb4560a54b9a4940574f4","name":"Val\u00e8ncia Turisme","image":{"@type":"ImageObject","inLanguage":"vl","@id":"https:\/\/turisme.dival.es\/#\/schema\/person\/image\/","url":"https:\/\/secure.gravatar.com\/avatar\/0e9af38f68e5d55d0728b298890449252967999842654f5245c679ec46532ee9?s=96&d=mm&r=g","contentUrl":"https:\/\/secure.gravatar.com\/avatar\/0e9af38f68e5d55d0728b298890449252967999842654f5245c679ec46532ee9?s=96&d=mm&r=g","caption":"Val\u00e8ncia Turisme"},"sameAs":["https:\/\/turisme.dival.es"]}]}},"_links":{"self":[{"href":"https:\/\/turisme.dival.es\/ca\/wp-json\/wp\/v2\/posts\/126999","targetHints":{"allow":["GET"]}}],"collection":[{"href":"https:\/\/turisme.dival.es\/ca\/wp-json\/wp\/v2\/posts"}],"about":[{"href":"https:\/\/turisme.dival.es\/ca\/wp-json\/wp\/v2\/types\/post"}],"author":[{"embeddable":true,"href":"https:\/\/turisme.dival.es\/ca\/wp-json\/wp\/v2\/users\/1"}],"replies":[{"embeddable":true,"href":"https:\/\/turisme.dival.es\/ca\/wp-json\/wp\/v2\/comments?post=126999"}],"version-history":[{"count":0,"href":"https:\/\/turisme.dival.es\/ca\/wp-json\/wp\/v2\/posts\/126999\/revisions"}],"wp:featuredmedia":[{"embeddable":true,"href":"https:\/\/turisme.dival.es\/ca\/wp-json\/wp\/v2\/media\/21269"}],"wp:attachment":[{"href":"https:\/\/turisme.dival.es\/ca\/wp-json\/wp\/v2\/media?parent=126999"}],"wp:term":[{"taxonomy":"category","embeddable":true,"href":"https:\/\/turisme.dival.es\/ca\/wp-json\/wp\/v2\/categories?post=126999"},{"taxonomy":"post_tag","embeddable":true,"href":"https:\/\/turisme.dival.es\/ca\/wp-json\/wp\/v2\/tags?post=126999"}],"curies":[{"name":"wp","href":"https:\/\/api.w.org\/{rel}","templated":true}]}}