{"id":126995,"date":"2019-11-06T13:08:29","date_gmt":"2019-11-06T13:08:29","guid":{"rendered":"https:\/\/turisme.dival.es\/valencia-turisme-projecta-les-experiencies-turistiques-locals-en-lambit-internacional\/"},"modified":"2024-05-05T15:05:11","modified_gmt":"2024-05-05T15:05:11","slug":"valencia-turisme-projecta-les-experiencies-turistiques-locals-en-lambit-internacional","status":"publish","type":"post","link":"https:\/\/turisme.dival.es\/ca\/valencia-turisme-projecta-les-experiencies-turistiques-locals-en-lambit-internacional\/","title":{"rendered":"Val\u00e8ncia Turisme projecta les experi\u00e8ncies tur\u00edstiques locals en l&#8217;\u00e0mbit internacional"},"content":{"rendered":"<ul>\n<li style=\"text-align: justify\">El Patronat de Turisme de Val\u00e8ncia participa aquesta setmana en la World Travel Market 2019 de Londres<\/li>\n<\/ul>\n<p style=\"text-align: justify\">06\/11\/2019<br \/>\nVal\u00e8ncia Turisme ha projectat internacionalment les experi\u00e8ncies tur\u00edstiques que es poden gaudir en el territori valenci\u00e0 mitjan\u00e7ant la seua pres\u00e8ncia activa en la World Travel Market (WTM) 2019, celebrada a Londres durant els \u00faltims tres dies.<\/p>\n<p style=\"text-align: justify\">El diputat de Turisme, Jordi Mayor, ha assistit al certamen internacional per a con\u00e9ixer de primera m\u00e0 les \u00faltimes tend\u00e8ncies, din\u00e0miques i demandes que afecten el turisme internacional i, en conseq\u00fc\u00e8ncia, a l&#8217;arribada de visitants a Val\u00e8ncia i les seues comarques.<\/p>\n<p style=\"text-align: justify\">Mayor, acompanyat pel director del Patronat de Turisme de Val\u00e8ncia, Evarist Caselles, tamb\u00e9 ha volgut refor\u00e7ar les noves opcions tur\u00edstiques creades en el territori valenci\u00e0 i afermar els contactes amb turoperadors, agents de viatges i mitjans de comunicaci\u00f3 especialitzats, aix\u00ed com amb la direcci\u00f3 de l&#8217;Oficina de Turisme Espanyola a Londres.<\/p>\n<p style=\"text-align: justify\">Val\u00e8ncia Turisme ha comptat amb un espai expositiu al costat de la resta de marques tur\u00edstiques de la Comunitat Valenciana, dins de l\u2019 \u00e0rea de Turespa\u00f1a, a m\u00e9s de comptar amb la participaci\u00f3 directa de Gandia i l&#8217;empresa X\u00e0tiva Love Tours.<\/p>\n","protected":false},"excerpt":{"rendered":"<p>El Patronat de Turisme de Val\u00e8ncia participa aquesta setmana en la World Travel Market 2019 de Londres 06\/11\/2019 Val\u00e8ncia Turisme ha projectat internacionalment les experi\u00e8ncies tur\u00edstiques que es poden gaudir en el territori valenci\u00e0 mitjan\u00e7ant la seua pres\u00e8ncia activa en la World Travel Market (WTM) 2019, celebrada a Londres durant els \u00faltims tres dies. El [&hellip;]<\/p>\n","protected":false},"author":1,"featured_media":21261,"comment_status":"open","ping_status":"open","sticky":false,"template":"","format":"standard","meta":{"_acf_changed":false,"_et_pb_use_builder":"","_et_pb_old_content":"","_et_gb_content_width":"","footnotes":""},"categories":[1952],"tags":[],"class_list":["post-126995","post","type-post","status-publish","format-standard","has-post-thumbnail","hentry","category-noticies"],"acf":{"destacado":false},"yoast_head":"<!-- This site is optimized with the Yoast SEO plugin v23.0 - https:\/\/yoast.com\/wordpress\/plugins\/seo\/ -->\n<title>Val\u00e8ncia Turisme projecta les experi\u00e8ncies tur\u00edstiques locals en l&#039;\u00e0mbit internacional &#060; Valencia Turismo<\/title>\n<meta name=\"robots\" content=\"index, follow, max-snippet:-1, max-image-preview:large, max-video-preview:-1\" \/>\n<link rel=\"canonical\" href=\"https:\/\/turisme.dival.es\/ca\/valencia-turisme-projecta-les-experiencies-turistiques-locals-en-lambit-internacional\/\" \/>\n<meta property=\"og:locale\" content=\"en_US\" \/>\n<meta property=\"og:type\" content=\"article\" \/>\n<meta property=\"og:title\" content=\"Val\u00e8ncia Turisme projecta les experi\u00e8ncies tur\u00edstiques locals en l&#039;\u00e0mbit internacional &#060; Valencia Turismo\" \/>\n<meta property=\"og:description\" content=\"El Patronat de Turisme de Val\u00e8ncia participa aquesta setmana en la World Travel Market 2019 de Londres 06\/11\/2019 Val\u00e8ncia Turisme ha projectat internacionalment les experi\u00e8ncies tur\u00edstiques que es poden gaudir en el territori valenci\u00e0 mitjan\u00e7ant la seua pres\u00e8ncia activa en la World Travel Market (WTM) 2019, celebrada a Londres durant els \u00faltims tres dies. El [&hellip;]\" \/>\n<meta property=\"og:url\" content=\"https:\/\/turisme.dival.es\/ca\/valencia-turisme-projecta-les-experiencies-turistiques-locals-en-lambit-internacional\/\" \/>\n<meta property=\"og:site_name\" content=\"Valencia Turismo\" \/>\n<meta property=\"article:published_time\" content=\"2019-11-06T13:08:29+00:00\" \/>\n<meta property=\"article:modified_time\" content=\"2024-05-05T15:05:11+00:00\" \/>\n<meta property=\"og:image\" content=\"https:\/\/turisme.dival.es\/wp-content\/uploads\/2021\/09\/WORLD-TRAVEL-MARKET-LONDRES-2019.jpg\" \/>\n\t<meta property=\"og:image:width\" content=\"2016\" \/>\n\t<meta property=\"og:image:height\" content=\"980\" \/>\n\t<meta property=\"og:image:type\" content=\"image\/jpeg\" \/>\n<meta name=\"author\" content=\"Val\u00e8ncia Turisme\" \/>\n<meta name=\"twitter:card\" content=\"summary_large_image\" \/>\n<meta name=\"twitter:label1\" content=\"Written by\" \/>\n\t<meta name=\"twitter:data1\" content=\"Val\u00e8ncia Turisme\" \/>\n\t<meta name=\"twitter:label2\" content=\"Est. reading time\" \/>\n\t<meta name=\"twitter:data2\" content=\"1 minute\" \/>\n<script type=\"application\/ld+json\" class=\"yoast-schema-graph\">{\"@context\":\"https:\/\/schema.org\",\"@graph\":[{\"@type\":\"WebPage\",\"@id\":\"https:\/\/turisme.dival.es\/ca\/valencia-turisme-projecta-les-experiencies-turistiques-locals-en-lambit-internacional\/\",\"url\":\"https:\/\/turisme.dival.es\/ca\/valencia-turisme-projecta-les-experiencies-turistiques-locals-en-lambit-internacional\/\",\"name\":\"Val\u00e8ncia Turisme projecta les experi\u00e8ncies tur\u00edstiques locals en l'\u00e0mbit internacional &#060; Valencia Turismo\",\"isPartOf\":{\"@id\":\"https:\/\/turisme.dival.es\/#website\"},\"primaryImageOfPage\":{\"@id\":\"https:\/\/turisme.dival.es\/ca\/valencia-turisme-projecta-les-experiencies-turistiques-locals-en-lambit-internacional\/#primaryimage\"},\"image\":{\"@id\":\"https:\/\/turisme.dival.es\/ca\/valencia-turisme-projecta-les-experiencies-turistiques-locals-en-lambit-internacional\/#primaryimage\"},\"thumbnailUrl\":\"https:\/\/turisme.dival.es\/wp-content\/uploads\/2021\/09\/WORLD-TRAVEL-MARKET-LONDRES-2019.jpg\",\"datePublished\":\"2019-11-06T13:08:29+00:00\",\"dateModified\":\"2024-05-05T15:05:11+00:00\",\"author\":{\"@id\":\"https:\/\/turisme.dival.es\/#\/schema\/person\/3e0b7dd59fafb4560a54b9a4940574f4\"},\"inLanguage\":\"vl\",\"potentialAction\":[{\"@type\":\"ReadAction\",\"target\":[\"https:\/\/turisme.dival.es\/ca\/valencia-turisme-projecta-les-experiencies-turistiques-locals-en-lambit-internacional\/\"]}]},{\"@type\":\"ImageObject\",\"inLanguage\":\"vl\",\"@id\":\"https:\/\/turisme.dival.es\/ca\/valencia-turisme-projecta-les-experiencies-turistiques-locals-en-lambit-internacional\/#primaryimage\",\"url\":\"https:\/\/turisme.dival.es\/wp-content\/uploads\/2021\/09\/WORLD-TRAVEL-MARKET-LONDRES-2019.jpg\",\"contentUrl\":\"https:\/\/turisme.dival.es\/wp-content\/uploads\/2021\/09\/WORLD-TRAVEL-MARKET-LONDRES-2019.jpg\",\"width\":2016,\"height\":980},{\"@type\":\"WebSite\",\"@id\":\"https:\/\/turisme.dival.es\/#website\",\"url\":\"https:\/\/turisme.dival.es\/\",\"name\":\"valenciaturismo.com.mialias.net\",\"description\":\"\",\"potentialAction\":[{\"@type\":\"SearchAction\",\"target\":{\"@type\":\"EntryPoint\",\"urlTemplate\":\"https:\/\/turisme.dival.es\/?s={search_term_string}\"},\"query-input\":\"required name=search_term_string\"}],\"inLanguage\":\"vl\"},{\"@type\":\"Person\",\"@id\":\"https:\/\/turisme.dival.es\/#\/schema\/person\/3e0b7dd59fafb4560a54b9a4940574f4\",\"name\":\"Val\u00e8ncia Turisme\",\"image\":{\"@type\":\"ImageObject\",\"inLanguage\":\"vl\",\"@id\":\"https:\/\/turisme.dival.es\/#\/schema\/person\/image\/\",\"url\":\"https:\/\/secure.gravatar.com\/avatar\/0e9af38f68e5d55d0728b298890449252967999842654f5245c679ec46532ee9?s=96&d=mm&r=g\",\"contentUrl\":\"https:\/\/secure.gravatar.com\/avatar\/0e9af38f68e5d55d0728b298890449252967999842654f5245c679ec46532ee9?s=96&d=mm&r=g\",\"caption\":\"Val\u00e8ncia Turisme\"},\"sameAs\":[\"https:\/\/turisme.dival.es\"]}]}<\/script>\n<!-- \/ Yoast SEO plugin. -->","yoast_head_json":{"title":"Val\u00e8ncia Turisme projecta les experi\u00e8ncies tur\u00edstiques locals en l'\u00e0mbit internacional &#060; Valencia Turismo","robots":{"index":"index","follow":"follow","max-snippet":"max-snippet:-1","max-image-preview":"max-image-preview:large","max-video-preview":"max-video-preview:-1"},"canonical":"https:\/\/turisme.dival.es\/ca\/valencia-turisme-projecta-les-experiencies-turistiques-locals-en-lambit-internacional\/","og_locale":"en_US","og_type":"article","og_title":"Val\u00e8ncia Turisme projecta les experi\u00e8ncies tur\u00edstiques locals en l'\u00e0mbit internacional &#060; Valencia Turismo","og_description":"El Patronat de Turisme de Val\u00e8ncia participa aquesta setmana en la World Travel Market 2019 de Londres 06\/11\/2019 Val\u00e8ncia Turisme ha projectat internacionalment les experi\u00e8ncies tur\u00edstiques que es poden gaudir en el territori valenci\u00e0 mitjan\u00e7ant la seua pres\u00e8ncia activa en la World Travel Market (WTM) 2019, celebrada a Londres durant els \u00faltims tres dies. El [&hellip;]","og_url":"https:\/\/turisme.dival.es\/ca\/valencia-turisme-projecta-les-experiencies-turistiques-locals-en-lambit-internacional\/","og_site_name":"Valencia Turismo","article_published_time":"2019-11-06T13:08:29+00:00","article_modified_time":"2024-05-05T15:05:11+00:00","og_image":[{"width":2016,"height":980,"url":"https:\/\/turisme.dival.es\/wp-content\/uploads\/2021\/09\/WORLD-TRAVEL-MARKET-LONDRES-2019.jpg","type":"image\/jpeg"}],"author":"Val\u00e8ncia Turisme","twitter_card":"summary_large_image","twitter_misc":{"Written by":"Val\u00e8ncia Turisme","Est. reading time":"1 minute"},"schema":{"@context":"https:\/\/schema.org","@graph":[{"@type":"WebPage","@id":"https:\/\/turisme.dival.es\/ca\/valencia-turisme-projecta-les-experiencies-turistiques-locals-en-lambit-internacional\/","url":"https:\/\/turisme.dival.es\/ca\/valencia-turisme-projecta-les-experiencies-turistiques-locals-en-lambit-internacional\/","name":"Val\u00e8ncia Turisme projecta les experi\u00e8ncies tur\u00edstiques locals en l'\u00e0mbit internacional &#060; Valencia Turismo","isPartOf":{"@id":"https:\/\/turisme.dival.es\/#website"},"primaryImageOfPage":{"@id":"https:\/\/turisme.dival.es\/ca\/valencia-turisme-projecta-les-experiencies-turistiques-locals-en-lambit-internacional\/#primaryimage"},"image":{"@id":"https:\/\/turisme.dival.es\/ca\/valencia-turisme-projecta-les-experiencies-turistiques-locals-en-lambit-internacional\/#primaryimage"},"thumbnailUrl":"https:\/\/turisme.dival.es\/wp-content\/uploads\/2021\/09\/WORLD-TRAVEL-MARKET-LONDRES-2019.jpg","datePublished":"2019-11-06T13:08:29+00:00","dateModified":"2024-05-05T15:05:11+00:00","author":{"@id":"https:\/\/turisme.dival.es\/#\/schema\/person\/3e0b7dd59fafb4560a54b9a4940574f4"},"inLanguage":"vl","potentialAction":[{"@type":"ReadAction","target":["https:\/\/turisme.dival.es\/ca\/valencia-turisme-projecta-les-experiencies-turistiques-locals-en-lambit-internacional\/"]}]},{"@type":"ImageObject","inLanguage":"vl","@id":"https:\/\/turisme.dival.es\/ca\/valencia-turisme-projecta-les-experiencies-turistiques-locals-en-lambit-internacional\/#primaryimage","url":"https:\/\/turisme.dival.es\/wp-content\/uploads\/2021\/09\/WORLD-TRAVEL-MARKET-LONDRES-2019.jpg","contentUrl":"https:\/\/turisme.dival.es\/wp-content\/uploads\/2021\/09\/WORLD-TRAVEL-MARKET-LONDRES-2019.jpg","width":2016,"height":980},{"@type":"WebSite","@id":"https:\/\/turisme.dival.es\/#website","url":"https:\/\/turisme.dival.es\/","name":"valenciaturismo.com.mialias.net","description":"","potentialAction":[{"@type":"SearchAction","target":{"@type":"EntryPoint","urlTemplate":"https:\/\/turisme.dival.es\/?s={search_term_string}"},"query-input":"required name=search_term_string"}],"inLanguage":"vl"},{"@type":"Person","@id":"https:\/\/turisme.dival.es\/#\/schema\/person\/3e0b7dd59fafb4560a54b9a4940574f4","name":"Val\u00e8ncia Turisme","image":{"@type":"ImageObject","inLanguage":"vl","@id":"https:\/\/turisme.dival.es\/#\/schema\/person\/image\/","url":"https:\/\/secure.gravatar.com\/avatar\/0e9af38f68e5d55d0728b298890449252967999842654f5245c679ec46532ee9?s=96&d=mm&r=g","contentUrl":"https:\/\/secure.gravatar.com\/avatar\/0e9af38f68e5d55d0728b298890449252967999842654f5245c679ec46532ee9?s=96&d=mm&r=g","caption":"Val\u00e8ncia Turisme"},"sameAs":["https:\/\/turisme.dival.es"]}]}},"_links":{"self":[{"href":"https:\/\/turisme.dival.es\/ca\/wp-json\/wp\/v2\/posts\/126995","targetHints":{"allow":["GET"]}}],"collection":[{"href":"https:\/\/turisme.dival.es\/ca\/wp-json\/wp\/v2\/posts"}],"about":[{"href":"https:\/\/turisme.dival.es\/ca\/wp-json\/wp\/v2\/types\/post"}],"author":[{"embeddable":true,"href":"https:\/\/turisme.dival.es\/ca\/wp-json\/wp\/v2\/users\/1"}],"replies":[{"embeddable":true,"href":"https:\/\/turisme.dival.es\/ca\/wp-json\/wp\/v2\/comments?post=126995"}],"version-history":[{"count":1,"href":"https:\/\/turisme.dival.es\/ca\/wp-json\/wp\/v2\/posts\/126995\/revisions"}],"predecessor-version":[{"id":130601,"href":"https:\/\/turisme.dival.es\/ca\/wp-json\/wp\/v2\/posts\/126995\/revisions\/130601"}],"wp:featuredmedia":[{"embeddable":true,"href":"https:\/\/turisme.dival.es\/ca\/wp-json\/wp\/v2\/media\/21261"}],"wp:attachment":[{"href":"https:\/\/turisme.dival.es\/ca\/wp-json\/wp\/v2\/media?parent=126995"}],"wp:term":[{"taxonomy":"category","embeddable":true,"href":"https:\/\/turisme.dival.es\/ca\/wp-json\/wp\/v2\/categories?post=126995"},{"taxonomy":"post_tag","embeddable":true,"href":"https:\/\/turisme.dival.es\/ca\/wp-json\/wp\/v2\/tags?post=126995"}],"curies":[{"name":"wp","href":"https:\/\/api.w.org\/{rel}","templated":true}]}}