{"id":126994,"date":"2019-10-28T09:50:29","date_gmt":"2019-10-28T09:50:29","guid":{"rendered":"https:\/\/turisme.dival.es\/un-centenar-dagents-de-viatges-de-la-republica-checa-visita-cullera-i-gandia\/"},"modified":"2019-10-28T09:50:29","modified_gmt":"2019-10-28T09:50:29","slug":"un-centenar-dagents-de-viatges-de-la-republica-checa-visita-cullera-i-gandia","status":"publish","type":"post","link":"https:\/\/turisme.dival.es\/ca\/un-centenar-dagents-de-viatges-de-la-republica-checa-visita-cullera-i-gandia\/","title":{"rendered":"Un centenar d&#8217;agents de viatges de la Rep\u00fablica Checa visita Cullera i Gandia"},"content":{"rendered":"<p style=\"text-align: justify\">Prop d&#8217;un centenar d&#8217;agents de viatges de la Rep\u00fablica Checa ha visitat hui els municipis de Cullera i Gandia, amb motiu de la clausura del Congr\u00e9s de l&#8217;Associaci\u00f3 de Turoperadors i Agents de Viatges ACCKA celebrat \u00e0 Val\u00e8ncia des del passat 21 d&#8217;octubre.<\/p>\n<p style=\"text-align: justify\">El congr\u00e9s, organitzat per Val\u00e8ncia Turisme, la Fundaci\u00f3 Turisme Val\u00e8ncia i Turisme Comunitat Valenciana, en col\u00b7laboraci\u00f3 amb Turespa\u00f1a, ha perm\u00e9s comprovar el gran inter\u00e9s que desperta la destinaci\u00f3 Val\u00e8ncia en el mercat txec i, especialment, els municipis costaners de la prov\u00edncia com Cullera i Gandia.<\/p>\n<p style=\"text-align: justify\">En total han sigut 91 agents de viatges de la Rep\u00fablica Checa les persones que han participat en la visita, en la qual han pogut con\u00e9ixer l&#8217;oferta d&#8217;allotjament de les dues ciutats i les pr\u00f2pies destinacions, el Castell de Cullera i el Palau Ducal de Gandia, acompanyats per t\u00e8cnics de Val\u00e8ncia Turisme i Turisme Val\u00e8ncia.<\/p>\n<p style=\"text-align: justify\">Entre les accions m\u00e9s destacades del congr\u00e9s celebrat \u00e0 Val\u00e8ncia, destaca el workshop celebrat pels agents txecs amb m\u00e9s de 50 empreses valencianes i els m\u00e9s de 500 contactes realitzats, on els participants han pogut con\u00e9ixer de primera m\u00e0 la gran varietat de productes tur\u00edstics que ofereix actualment tot el territori valenci\u00e0.<\/p>\n","protected":false},"excerpt":{"rendered":"<p>Prop d&#8217;un centenar d&#8217;agents de viatges de la Rep\u00fablica Checa ha visitat hui els municipis de Cullera i Gandia, amb motiu de la clausura del Congr\u00e9s de l&#8217;Associaci\u00f3 de Turoperadors i Agents de Viatges ACCKA celebrat \u00e0 Val\u00e8ncia des del passat 21 d&#8217;octubre. El congr\u00e9s, organitzat per Val\u00e8ncia Turisme, la Fundaci\u00f3 Turisme Val\u00e8ncia i Turisme [&hellip;]<\/p>\n","protected":false},"author":1,"featured_media":40946,"comment_status":"open","ping_status":"open","sticky":false,"template":"","format":"standard","meta":{"_acf_changed":false,"_et_pb_use_builder":"","_et_pb_old_content":"","_et_gb_content_width":"","footnotes":""},"categories":[1952],"tags":[],"class_list":["post-126994","post","type-post","status-publish","format-standard","has-post-thumbnail","hentry","category-noticies"],"acf":{"destacado":false},"yoast_head":"<!-- This site is optimized with the Yoast SEO plugin v23.0 - https:\/\/yoast.com\/wordpress\/plugins\/seo\/ -->\n<title>Un centenar d&#039;agents de viatges de la Rep\u00fablica Checa visita Cullera i Gandia &#060; Valencia Turismo<\/title>\n<meta name=\"robots\" content=\"index, follow, max-snippet:-1, max-image-preview:large, max-video-preview:-1\" \/>\n<link rel=\"canonical\" href=\"https:\/\/turisme.dival.es\/ca\/un-centenar-dagents-de-viatges-de-la-republica-checa-visita-cullera-i-gandia\/\" \/>\n<meta property=\"og:locale\" content=\"en_US\" \/>\n<meta property=\"og:type\" content=\"article\" \/>\n<meta property=\"og:title\" content=\"Un centenar d&#039;agents de viatges de la Rep\u00fablica Checa visita Cullera i Gandia &#060; Valencia Turismo\" \/>\n<meta property=\"og:description\" content=\"Prop d&#8217;un centenar d&#8217;agents de viatges de la Rep\u00fablica Checa ha visitat hui els municipis de Cullera i Gandia, amb motiu de la clausura del Congr\u00e9s de l&#8217;Associaci\u00f3 de Turoperadors i Agents de Viatges ACCKA celebrat \u00e0 Val\u00e8ncia des del passat 21 d&#8217;octubre. El congr\u00e9s, organitzat per Val\u00e8ncia Turisme, la Fundaci\u00f3 Turisme Val\u00e8ncia i Turisme [&hellip;]\" \/>\n<meta property=\"og:url\" content=\"https:\/\/turisme.dival.es\/ca\/un-centenar-dagents-de-viatges-de-la-republica-checa-visita-cullera-i-gandia\/\" \/>\n<meta property=\"og:site_name\" content=\"Valencia Turismo\" \/>\n<meta property=\"article:published_time\" content=\"2019-10-28T09:50:29+00:00\" \/>\n<meta property=\"og:image\" content=\"https:\/\/turisme.dival.es\/wp-content\/uploads\/2022\/01\/CASTILLO-CULLERA_0.jpg\" \/>\n\t<meta property=\"og:image:width\" content=\"1600\" \/>\n\t<meta property=\"og:image:height\" content=\"1200\" \/>\n\t<meta property=\"og:image:type\" content=\"image\/jpeg\" \/>\n<meta name=\"author\" content=\"Val\u00e8ncia Turisme\" \/>\n<meta name=\"twitter:card\" content=\"summary_large_image\" \/>\n<meta name=\"twitter:label1\" content=\"Written by\" \/>\n\t<meta name=\"twitter:data1\" content=\"Val\u00e8ncia Turisme\" \/>\n\t<meta name=\"twitter:label2\" content=\"Est. reading time\" \/>\n\t<meta name=\"twitter:data2\" content=\"1 minute\" \/>\n<script type=\"application\/ld+json\" class=\"yoast-schema-graph\">{\"@context\":\"https:\/\/schema.org\",\"@graph\":[{\"@type\":\"WebPage\",\"@id\":\"https:\/\/turisme.dival.es\/ca\/un-centenar-dagents-de-viatges-de-la-republica-checa-visita-cullera-i-gandia\/\",\"url\":\"https:\/\/turisme.dival.es\/ca\/un-centenar-dagents-de-viatges-de-la-republica-checa-visita-cullera-i-gandia\/\",\"name\":\"Un centenar d'agents de viatges de la Rep\u00fablica Checa visita Cullera i Gandia &#060; Valencia Turismo\",\"isPartOf\":{\"@id\":\"https:\/\/turisme.dival.es\/#website\"},\"primaryImageOfPage\":{\"@id\":\"https:\/\/turisme.dival.es\/ca\/un-centenar-dagents-de-viatges-de-la-republica-checa-visita-cullera-i-gandia\/#primaryimage\"},\"image\":{\"@id\":\"https:\/\/turisme.dival.es\/ca\/un-centenar-dagents-de-viatges-de-la-republica-checa-visita-cullera-i-gandia\/#primaryimage\"},\"thumbnailUrl\":\"https:\/\/turisme.dival.es\/wp-content\/uploads\/2022\/01\/CASTILLO-CULLERA_0.jpg\",\"datePublished\":\"2019-10-28T09:50:29+00:00\",\"dateModified\":\"2019-10-28T09:50:29+00:00\",\"author\":{\"@id\":\"https:\/\/turisme.dival.es\/#\/schema\/person\/3e0b7dd59fafb4560a54b9a4940574f4\"},\"inLanguage\":\"vl\",\"potentialAction\":[{\"@type\":\"ReadAction\",\"target\":[\"https:\/\/turisme.dival.es\/ca\/un-centenar-dagents-de-viatges-de-la-republica-checa-visita-cullera-i-gandia\/\"]}]},{\"@type\":\"ImageObject\",\"inLanguage\":\"vl\",\"@id\":\"https:\/\/turisme.dival.es\/ca\/un-centenar-dagents-de-viatges-de-la-republica-checa-visita-cullera-i-gandia\/#primaryimage\",\"url\":\"https:\/\/turisme.dival.es\/wp-content\/uploads\/2022\/01\/CASTILLO-CULLERA_0.jpg\",\"contentUrl\":\"https:\/\/turisme.dival.es\/wp-content\/uploads\/2022\/01\/CASTILLO-CULLERA_0.jpg\",\"width\":1600,\"height\":1200},{\"@type\":\"WebSite\",\"@id\":\"https:\/\/turisme.dival.es\/#website\",\"url\":\"https:\/\/turisme.dival.es\/\",\"name\":\"valenciaturismo.com.mialias.net\",\"description\":\"\",\"potentialAction\":[{\"@type\":\"SearchAction\",\"target\":{\"@type\":\"EntryPoint\",\"urlTemplate\":\"https:\/\/turisme.dival.es\/?s={search_term_string}\"},\"query-input\":\"required name=search_term_string\"}],\"inLanguage\":\"vl\"},{\"@type\":\"Person\",\"@id\":\"https:\/\/turisme.dival.es\/#\/schema\/person\/3e0b7dd59fafb4560a54b9a4940574f4\",\"name\":\"Val\u00e8ncia Turisme\",\"image\":{\"@type\":\"ImageObject\",\"inLanguage\":\"vl\",\"@id\":\"https:\/\/turisme.dival.es\/#\/schema\/person\/image\/\",\"url\":\"https:\/\/secure.gravatar.com\/avatar\/0e9af38f68e5d55d0728b298890449252967999842654f5245c679ec46532ee9?s=96&d=mm&r=g\",\"contentUrl\":\"https:\/\/secure.gravatar.com\/avatar\/0e9af38f68e5d55d0728b298890449252967999842654f5245c679ec46532ee9?s=96&d=mm&r=g\",\"caption\":\"Val\u00e8ncia Turisme\"},\"sameAs\":[\"https:\/\/turisme.dival.es\"]}]}<\/script>\n<!-- \/ Yoast SEO plugin. -->","yoast_head_json":{"title":"Un centenar d'agents de viatges de la Rep\u00fablica Checa visita Cullera i Gandia &#060; Valencia Turismo","robots":{"index":"index","follow":"follow","max-snippet":"max-snippet:-1","max-image-preview":"max-image-preview:large","max-video-preview":"max-video-preview:-1"},"canonical":"https:\/\/turisme.dival.es\/ca\/un-centenar-dagents-de-viatges-de-la-republica-checa-visita-cullera-i-gandia\/","og_locale":"en_US","og_type":"article","og_title":"Un centenar d'agents de viatges de la Rep\u00fablica Checa visita Cullera i Gandia &#060; Valencia Turismo","og_description":"Prop d&#8217;un centenar d&#8217;agents de viatges de la Rep\u00fablica Checa ha visitat hui els municipis de Cullera i Gandia, amb motiu de la clausura del Congr\u00e9s de l&#8217;Associaci\u00f3 de Turoperadors i Agents de Viatges ACCKA celebrat \u00e0 Val\u00e8ncia des del passat 21 d&#8217;octubre. El congr\u00e9s, organitzat per Val\u00e8ncia Turisme, la Fundaci\u00f3 Turisme Val\u00e8ncia i Turisme [&hellip;]","og_url":"https:\/\/turisme.dival.es\/ca\/un-centenar-dagents-de-viatges-de-la-republica-checa-visita-cullera-i-gandia\/","og_site_name":"Valencia Turismo","article_published_time":"2019-10-28T09:50:29+00:00","og_image":[{"width":1600,"height":1200,"url":"https:\/\/turisme.dival.es\/wp-content\/uploads\/2022\/01\/CASTILLO-CULLERA_0.jpg","type":"image\/jpeg"}],"author":"Val\u00e8ncia Turisme","twitter_card":"summary_large_image","twitter_misc":{"Written by":"Val\u00e8ncia Turisme","Est. reading time":"1 minute"},"schema":{"@context":"https:\/\/schema.org","@graph":[{"@type":"WebPage","@id":"https:\/\/turisme.dival.es\/ca\/un-centenar-dagents-de-viatges-de-la-republica-checa-visita-cullera-i-gandia\/","url":"https:\/\/turisme.dival.es\/ca\/un-centenar-dagents-de-viatges-de-la-republica-checa-visita-cullera-i-gandia\/","name":"Un centenar d'agents de viatges de la Rep\u00fablica Checa visita Cullera i Gandia &#060; Valencia Turismo","isPartOf":{"@id":"https:\/\/turisme.dival.es\/#website"},"primaryImageOfPage":{"@id":"https:\/\/turisme.dival.es\/ca\/un-centenar-dagents-de-viatges-de-la-republica-checa-visita-cullera-i-gandia\/#primaryimage"},"image":{"@id":"https:\/\/turisme.dival.es\/ca\/un-centenar-dagents-de-viatges-de-la-republica-checa-visita-cullera-i-gandia\/#primaryimage"},"thumbnailUrl":"https:\/\/turisme.dival.es\/wp-content\/uploads\/2022\/01\/CASTILLO-CULLERA_0.jpg","datePublished":"2019-10-28T09:50:29+00:00","dateModified":"2019-10-28T09:50:29+00:00","author":{"@id":"https:\/\/turisme.dival.es\/#\/schema\/person\/3e0b7dd59fafb4560a54b9a4940574f4"},"inLanguage":"vl","potentialAction":[{"@type":"ReadAction","target":["https:\/\/turisme.dival.es\/ca\/un-centenar-dagents-de-viatges-de-la-republica-checa-visita-cullera-i-gandia\/"]}]},{"@type":"ImageObject","inLanguage":"vl","@id":"https:\/\/turisme.dival.es\/ca\/un-centenar-dagents-de-viatges-de-la-republica-checa-visita-cullera-i-gandia\/#primaryimage","url":"https:\/\/turisme.dival.es\/wp-content\/uploads\/2022\/01\/CASTILLO-CULLERA_0.jpg","contentUrl":"https:\/\/turisme.dival.es\/wp-content\/uploads\/2022\/01\/CASTILLO-CULLERA_0.jpg","width":1600,"height":1200},{"@type":"WebSite","@id":"https:\/\/turisme.dival.es\/#website","url":"https:\/\/turisme.dival.es\/","name":"valenciaturismo.com.mialias.net","description":"","potentialAction":[{"@type":"SearchAction","target":{"@type":"EntryPoint","urlTemplate":"https:\/\/turisme.dival.es\/?s={search_term_string}"},"query-input":"required name=search_term_string"}],"inLanguage":"vl"},{"@type":"Person","@id":"https:\/\/turisme.dival.es\/#\/schema\/person\/3e0b7dd59fafb4560a54b9a4940574f4","name":"Val\u00e8ncia Turisme","image":{"@type":"ImageObject","inLanguage":"vl","@id":"https:\/\/turisme.dival.es\/#\/schema\/person\/image\/","url":"https:\/\/secure.gravatar.com\/avatar\/0e9af38f68e5d55d0728b298890449252967999842654f5245c679ec46532ee9?s=96&d=mm&r=g","contentUrl":"https:\/\/secure.gravatar.com\/avatar\/0e9af38f68e5d55d0728b298890449252967999842654f5245c679ec46532ee9?s=96&d=mm&r=g","caption":"Val\u00e8ncia Turisme"},"sameAs":["https:\/\/turisme.dival.es"]}]}},"_links":{"self":[{"href":"https:\/\/turisme.dival.es\/ca\/wp-json\/wp\/v2\/posts\/126994","targetHints":{"allow":["GET"]}}],"collection":[{"href":"https:\/\/turisme.dival.es\/ca\/wp-json\/wp\/v2\/posts"}],"about":[{"href":"https:\/\/turisme.dival.es\/ca\/wp-json\/wp\/v2\/types\/post"}],"author":[{"embeddable":true,"href":"https:\/\/turisme.dival.es\/ca\/wp-json\/wp\/v2\/users\/1"}],"replies":[{"embeddable":true,"href":"https:\/\/turisme.dival.es\/ca\/wp-json\/wp\/v2\/comments?post=126994"}],"version-history":[{"count":0,"href":"https:\/\/turisme.dival.es\/ca\/wp-json\/wp\/v2\/posts\/126994\/revisions"}],"wp:featuredmedia":[{"embeddable":true,"href":"https:\/\/turisme.dival.es\/ca\/wp-json\/wp\/v2\/media\/40946"}],"wp:attachment":[{"href":"https:\/\/turisme.dival.es\/ca\/wp-json\/wp\/v2\/media?parent=126994"}],"wp:term":[{"taxonomy":"category","embeddable":true,"href":"https:\/\/turisme.dival.es\/ca\/wp-json\/wp\/v2\/categories?post=126994"},{"taxonomy":"post_tag","embeddable":true,"href":"https:\/\/turisme.dival.es\/ca\/wp-json\/wp\/v2\/tags?post=126994"}],"curies":[{"name":"wp","href":"https:\/\/api.w.org\/{rel}","templated":true}]}}