{"id":126987,"date":"2019-09-17T14:00:39","date_gmt":"2019-09-17T14:00:39","guid":{"rendered":"https:\/\/turisme.dival.es\/empresaris-doman-descobreixen-valencia-com-a-destinacio-turistica\/"},"modified":"2019-09-17T14:00:39","modified_gmt":"2019-09-17T14:00:39","slug":"empresaris-doman-descobreixen-valencia-com-a-destinacio-turistica","status":"publish","type":"post","link":"https:\/\/turisme.dival.es\/ca\/empresaris-doman-descobreixen-valencia-com-a-destinacio-turistica\/","title":{"rendered":"Empresaris d&#8217;Oman descobreixen Val\u00e8ncia com a destinaci\u00f3 tur\u00edstica"},"content":{"rendered":"<ul>\n<li style=\"text-align: justify\">El diputat de Turisme de la Diputaci\u00f3, Jordi Mayor, rep als agents tur\u00edstics en la Marina<\/li>\n<\/ul>\n<p style=\"text-align: justify\">17\/set.\/19. El diputat de Turisme de la Diputaci\u00f3 de Val\u00e8ncia, Jordi Mayor, ha rebut aquesta vesprada en la Marina a una delegaci\u00f3 d&#8217;empresaris tur\u00edstics d&#8217;Oman (\u00c0sia) que visita aquests dies la ciutat per a descobrir el seu potencial com a destinaci\u00f3 tur\u00edstica.<\/p>\n<p style=\"text-align: justify\">La Diputaci\u00f3 participa en l&#8217;organitzaci\u00f3 d&#8217;aquesta expedici\u00f3 d&#8217;agents de la pen\u00ednsula ar\u00e0biga a trav\u00e9s del Patronat de Turisme de Val\u00e8ncia, que ha fet arribar als empresaris les experi\u00e8ncies i els productes tur\u00edstics singulars que ofereix el territori valenci\u00e0 m\u00e9s enll\u00e0 de la capital, en els municipis, i que permeten situar a Val\u00e8ncia davant els mercats com una potent destinaci\u00f3 a triar.<\/p>\n<p style=\"text-align: justify\">En la iniciativa tamb\u00e9 col\u00b7laboren la Fundaci\u00f3 Turismo Valencia, la Marina, la Cambra de Comer\u00e7 i l&#8217;Ajuntament de Val\u00e8ncia.<\/p>\n","protected":false},"excerpt":{"rendered":"<p>El diputat de Turisme de la Diputaci\u00f3, Jordi Mayor, rep als agents tur\u00edstics en la Marina 17\/set.\/19. El diputat de Turisme de la Diputaci\u00f3 de Val\u00e8ncia, Jordi Mayor, ha rebut aquesta vesprada en la Marina a una delegaci\u00f3 d&#8217;empresaris tur\u00edstics d&#8217;Oman (\u00c0sia) que visita aquests dies la ciutat per a descobrir el seu potencial com [&hellip;]<\/p>\n","protected":false},"author":1,"featured_media":40843,"comment_status":"open","ping_status":"open","sticky":false,"template":"","format":"standard","meta":{"_acf_changed":false,"_et_pb_use_builder":"","_et_pb_old_content":"","_et_gb_content_width":"","footnotes":""},"categories":[1952],"tags":[],"class_list":["post-126987","post","type-post","status-publish","format-standard","has-post-thumbnail","hentry","category-noticies"],"acf":{"destacado":false},"yoast_head":"<!-- This site is optimized with the Yoast SEO plugin v23.0 - https:\/\/yoast.com\/wordpress\/plugins\/seo\/ -->\n<title>Empresaris d&#039;Oman descobreixen Val\u00e8ncia com a destinaci\u00f3 tur\u00edstica &#060; Valencia Turismo<\/title>\n<meta name=\"robots\" content=\"index, follow, max-snippet:-1, max-image-preview:large, max-video-preview:-1\" \/>\n<link rel=\"canonical\" href=\"https:\/\/turisme.dival.es\/ca\/empresaris-doman-descobreixen-valencia-com-a-destinacio-turistica\/\" \/>\n<meta property=\"og:locale\" content=\"en_US\" \/>\n<meta property=\"og:type\" content=\"article\" \/>\n<meta property=\"og:title\" content=\"Empresaris d&#039;Oman descobreixen Val\u00e8ncia com a destinaci\u00f3 tur\u00edstica &#060; Valencia Turismo\" \/>\n<meta property=\"og:description\" content=\"El diputat de Turisme de la Diputaci\u00f3, Jordi Mayor, rep als agents tur\u00edstics en la Marina 17\/set.\/19. El diputat de Turisme de la Diputaci\u00f3 de Val\u00e8ncia, Jordi Mayor, ha rebut aquesta vesprada en la Marina a una delegaci\u00f3 d&#8217;empresaris tur\u00edstics d&#8217;Oman (\u00c0sia) que visita aquests dies la ciutat per a descobrir el seu potencial com [&hellip;]\" \/>\n<meta property=\"og:url\" content=\"https:\/\/turisme.dival.es\/ca\/empresaris-doman-descobreixen-valencia-com-a-destinacio-turistica\/\" \/>\n<meta property=\"og:site_name\" content=\"Valencia Turismo\" \/>\n<meta property=\"article:published_time\" content=\"2019-09-17T14:00:39+00:00\" \/>\n<meta property=\"og:image\" content=\"https:\/\/turisme.dival.es\/wp-content\/uploads\/2022\/01\/IMG-20190917-WA0000.jpg\" \/>\n\t<meta property=\"og:image:width\" content=\"1600\" \/>\n\t<meta property=\"og:image:height\" content=\"1200\" \/>\n\t<meta property=\"og:image:type\" content=\"image\/jpeg\" \/>\n<meta name=\"author\" content=\"Val\u00e8ncia Turisme\" \/>\n<meta name=\"twitter:card\" content=\"summary_large_image\" \/>\n<meta name=\"twitter:label1\" content=\"Written by\" \/>\n\t<meta name=\"twitter:data1\" content=\"Val\u00e8ncia Turisme\" \/>\n\t<meta name=\"twitter:label2\" content=\"Est. reading time\" \/>\n\t<meta name=\"twitter:data2\" content=\"1 minute\" \/>\n<script type=\"application\/ld+json\" class=\"yoast-schema-graph\">{\"@context\":\"https:\/\/schema.org\",\"@graph\":[{\"@type\":\"WebPage\",\"@id\":\"https:\/\/turisme.dival.es\/ca\/empresaris-doman-descobreixen-valencia-com-a-destinacio-turistica\/\",\"url\":\"https:\/\/turisme.dival.es\/ca\/empresaris-doman-descobreixen-valencia-com-a-destinacio-turistica\/\",\"name\":\"Empresaris d'Oman descobreixen Val\u00e8ncia com a destinaci\u00f3 tur\u00edstica &#060; Valencia Turismo\",\"isPartOf\":{\"@id\":\"https:\/\/turisme.dival.es\/#website\"},\"primaryImageOfPage\":{\"@id\":\"https:\/\/turisme.dival.es\/ca\/empresaris-doman-descobreixen-valencia-com-a-destinacio-turistica\/#primaryimage\"},\"image\":{\"@id\":\"https:\/\/turisme.dival.es\/ca\/empresaris-doman-descobreixen-valencia-com-a-destinacio-turistica\/#primaryimage\"},\"thumbnailUrl\":\"https:\/\/turisme.dival.es\/wp-content\/uploads\/2022\/01\/IMG-20190917-WA0000.jpg\",\"datePublished\":\"2019-09-17T14:00:39+00:00\",\"dateModified\":\"2019-09-17T14:00:39+00:00\",\"author\":{\"@id\":\"https:\/\/turisme.dival.es\/#\/schema\/person\/3e0b7dd59fafb4560a54b9a4940574f4\"},\"inLanguage\":\"vl\",\"potentialAction\":[{\"@type\":\"ReadAction\",\"target\":[\"https:\/\/turisme.dival.es\/ca\/empresaris-doman-descobreixen-valencia-com-a-destinacio-turistica\/\"]}]},{\"@type\":\"ImageObject\",\"inLanguage\":\"vl\",\"@id\":\"https:\/\/turisme.dival.es\/ca\/empresaris-doman-descobreixen-valencia-com-a-destinacio-turistica\/#primaryimage\",\"url\":\"https:\/\/turisme.dival.es\/wp-content\/uploads\/2022\/01\/IMG-20190917-WA0000.jpg\",\"contentUrl\":\"https:\/\/turisme.dival.es\/wp-content\/uploads\/2022\/01\/IMG-20190917-WA0000.jpg\",\"width\":1600,\"height\":1200},{\"@type\":\"WebSite\",\"@id\":\"https:\/\/turisme.dival.es\/#website\",\"url\":\"https:\/\/turisme.dival.es\/\",\"name\":\"valenciaturismo.com.mialias.net\",\"description\":\"\",\"potentialAction\":[{\"@type\":\"SearchAction\",\"target\":{\"@type\":\"EntryPoint\",\"urlTemplate\":\"https:\/\/turisme.dival.es\/?s={search_term_string}\"},\"query-input\":\"required name=search_term_string\"}],\"inLanguage\":\"vl\"},{\"@type\":\"Person\",\"@id\":\"https:\/\/turisme.dival.es\/#\/schema\/person\/3e0b7dd59fafb4560a54b9a4940574f4\",\"name\":\"Val\u00e8ncia Turisme\",\"image\":{\"@type\":\"ImageObject\",\"inLanguage\":\"vl\",\"@id\":\"https:\/\/turisme.dival.es\/#\/schema\/person\/image\/\",\"url\":\"https:\/\/secure.gravatar.com\/avatar\/0e9af38f68e5d55d0728b298890449252967999842654f5245c679ec46532ee9?s=96&d=mm&r=g\",\"contentUrl\":\"https:\/\/secure.gravatar.com\/avatar\/0e9af38f68e5d55d0728b298890449252967999842654f5245c679ec46532ee9?s=96&d=mm&r=g\",\"caption\":\"Val\u00e8ncia Turisme\"},\"sameAs\":[\"https:\/\/turisme.dival.es\"]}]}<\/script>\n<!-- \/ Yoast SEO plugin. -->","yoast_head_json":{"title":"Empresaris d'Oman descobreixen Val\u00e8ncia com a destinaci\u00f3 tur\u00edstica &#060; Valencia Turismo","robots":{"index":"index","follow":"follow","max-snippet":"max-snippet:-1","max-image-preview":"max-image-preview:large","max-video-preview":"max-video-preview:-1"},"canonical":"https:\/\/turisme.dival.es\/ca\/empresaris-doman-descobreixen-valencia-com-a-destinacio-turistica\/","og_locale":"en_US","og_type":"article","og_title":"Empresaris d'Oman descobreixen Val\u00e8ncia com a destinaci\u00f3 tur\u00edstica &#060; Valencia Turismo","og_description":"El diputat de Turisme de la Diputaci\u00f3, Jordi Mayor, rep als agents tur\u00edstics en la Marina 17\/set.\/19. El diputat de Turisme de la Diputaci\u00f3 de Val\u00e8ncia, Jordi Mayor, ha rebut aquesta vesprada en la Marina a una delegaci\u00f3 d&#8217;empresaris tur\u00edstics d&#8217;Oman (\u00c0sia) que visita aquests dies la ciutat per a descobrir el seu potencial com [&hellip;]","og_url":"https:\/\/turisme.dival.es\/ca\/empresaris-doman-descobreixen-valencia-com-a-destinacio-turistica\/","og_site_name":"Valencia Turismo","article_published_time":"2019-09-17T14:00:39+00:00","og_image":[{"width":1600,"height":1200,"url":"https:\/\/turisme.dival.es\/wp-content\/uploads\/2022\/01\/IMG-20190917-WA0000.jpg","type":"image\/jpeg"}],"author":"Val\u00e8ncia Turisme","twitter_card":"summary_large_image","twitter_misc":{"Written by":"Val\u00e8ncia Turisme","Est. reading time":"1 minute"},"schema":{"@context":"https:\/\/schema.org","@graph":[{"@type":"WebPage","@id":"https:\/\/turisme.dival.es\/ca\/empresaris-doman-descobreixen-valencia-com-a-destinacio-turistica\/","url":"https:\/\/turisme.dival.es\/ca\/empresaris-doman-descobreixen-valencia-com-a-destinacio-turistica\/","name":"Empresaris d'Oman descobreixen Val\u00e8ncia com a destinaci\u00f3 tur\u00edstica &#060; Valencia Turismo","isPartOf":{"@id":"https:\/\/turisme.dival.es\/#website"},"primaryImageOfPage":{"@id":"https:\/\/turisme.dival.es\/ca\/empresaris-doman-descobreixen-valencia-com-a-destinacio-turistica\/#primaryimage"},"image":{"@id":"https:\/\/turisme.dival.es\/ca\/empresaris-doman-descobreixen-valencia-com-a-destinacio-turistica\/#primaryimage"},"thumbnailUrl":"https:\/\/turisme.dival.es\/wp-content\/uploads\/2022\/01\/IMG-20190917-WA0000.jpg","datePublished":"2019-09-17T14:00:39+00:00","dateModified":"2019-09-17T14:00:39+00:00","author":{"@id":"https:\/\/turisme.dival.es\/#\/schema\/person\/3e0b7dd59fafb4560a54b9a4940574f4"},"inLanguage":"vl","potentialAction":[{"@type":"ReadAction","target":["https:\/\/turisme.dival.es\/ca\/empresaris-doman-descobreixen-valencia-com-a-destinacio-turistica\/"]}]},{"@type":"ImageObject","inLanguage":"vl","@id":"https:\/\/turisme.dival.es\/ca\/empresaris-doman-descobreixen-valencia-com-a-destinacio-turistica\/#primaryimage","url":"https:\/\/turisme.dival.es\/wp-content\/uploads\/2022\/01\/IMG-20190917-WA0000.jpg","contentUrl":"https:\/\/turisme.dival.es\/wp-content\/uploads\/2022\/01\/IMG-20190917-WA0000.jpg","width":1600,"height":1200},{"@type":"WebSite","@id":"https:\/\/turisme.dival.es\/#website","url":"https:\/\/turisme.dival.es\/","name":"valenciaturismo.com.mialias.net","description":"","potentialAction":[{"@type":"SearchAction","target":{"@type":"EntryPoint","urlTemplate":"https:\/\/turisme.dival.es\/?s={search_term_string}"},"query-input":"required name=search_term_string"}],"inLanguage":"vl"},{"@type":"Person","@id":"https:\/\/turisme.dival.es\/#\/schema\/person\/3e0b7dd59fafb4560a54b9a4940574f4","name":"Val\u00e8ncia Turisme","image":{"@type":"ImageObject","inLanguage":"vl","@id":"https:\/\/turisme.dival.es\/#\/schema\/person\/image\/","url":"https:\/\/secure.gravatar.com\/avatar\/0e9af38f68e5d55d0728b298890449252967999842654f5245c679ec46532ee9?s=96&d=mm&r=g","contentUrl":"https:\/\/secure.gravatar.com\/avatar\/0e9af38f68e5d55d0728b298890449252967999842654f5245c679ec46532ee9?s=96&d=mm&r=g","caption":"Val\u00e8ncia Turisme"},"sameAs":["https:\/\/turisme.dival.es"]}]}},"_links":{"self":[{"href":"https:\/\/turisme.dival.es\/ca\/wp-json\/wp\/v2\/posts\/126987","targetHints":{"allow":["GET"]}}],"collection":[{"href":"https:\/\/turisme.dival.es\/ca\/wp-json\/wp\/v2\/posts"}],"about":[{"href":"https:\/\/turisme.dival.es\/ca\/wp-json\/wp\/v2\/types\/post"}],"author":[{"embeddable":true,"href":"https:\/\/turisme.dival.es\/ca\/wp-json\/wp\/v2\/users\/1"}],"replies":[{"embeddable":true,"href":"https:\/\/turisme.dival.es\/ca\/wp-json\/wp\/v2\/comments?post=126987"}],"version-history":[{"count":0,"href":"https:\/\/turisme.dival.es\/ca\/wp-json\/wp\/v2\/posts\/126987\/revisions"}],"wp:featuredmedia":[{"embeddable":true,"href":"https:\/\/turisme.dival.es\/ca\/wp-json\/wp\/v2\/media\/40843"}],"wp:attachment":[{"href":"https:\/\/turisme.dival.es\/ca\/wp-json\/wp\/v2\/media?parent=126987"}],"wp:term":[{"taxonomy":"category","embeddable":true,"href":"https:\/\/turisme.dival.es\/ca\/wp-json\/wp\/v2\/categories?post=126987"},{"taxonomy":"post_tag","embeddable":true,"href":"https:\/\/turisme.dival.es\/ca\/wp-json\/wp\/v2\/tags?post=126987"}],"curies":[{"name":"wp","href":"https:\/\/api.w.org\/{rel}","templated":true}]}}