{"id":126979,"date":"2019-07-12T12:04:47","date_gmt":"2019-07-12T12:04:47","guid":{"rendered":"https:\/\/turisme.dival.es\/valencia-turisme-proposa-el-turisme-ornitologic-per-a-combatre-lestacionalitat\/"},"modified":"2024-05-05T15:05:04","modified_gmt":"2024-05-05T15:05:04","slug":"valencia-turisme-proposa-el-turisme-ornitologic-per-a-combatre-lestacionalitat","status":"publish","type":"post","link":"https:\/\/turisme.dival.es\/ca\/valencia-turisme-proposa-el-turisme-ornitologic-per-a-combatre-lestacionalitat\/","title":{"rendered":"Val\u00e8ncia Turisme proposa el turisme ornitol\u00f2gic per a combatre l&#8217;estacionalitat"},"content":{"rendered":"<ul>\n<li style=\"text-align: justify\">El Patronat de Turisme de Val\u00e8ncia organitza la primera jornada de birdwatching per a diversificar la destinaci\u00f3 \u201cVal\u00e8ncia\u201d<\/li>\n<\/ul>\n<p style=\"text-align: justify\">12\/07\/2019<br \/>\nEls turistes ornitol\u00f2gics o \u201cbirdwatchers\u201d es mouen per un territori que excedeix el l\u00edmit municipal i fins i tot el comarcal i auton\u00f2mic. \u201cAix\u00f2 significa que hem de conscienciar els gestors tur\u00edstics, p\u00fablics i privats, perqu\u00e8 dissenyen nous productes tur\u00edstics ornitol\u00f2gics partint d&#8217;aquesta singularitat\u201d, ha assenyalat Virgili Beltr\u00e1n, de l&#8217;Associaci\u00f3 Guies Birding de la Comunitat Valenciana, en la primera jornada de turisme ornitol\u00f2gic organitzada pel Patronat de Turisme de Val\u00e8ncia amb l&#8217;objectiu d&#8217;impulsar l&#8217;albirament d&#8217;ocells com a producte tur\u00edstic diferenciat per a combatre l&#8217;estacionalitat tur\u00edstica.<\/p>\n<p style=\"text-align: justify\">T\u00e8cnics locals de turisme i medi ambient han assistit a la jornada i han valorat molt positivament la formaci\u00f3 en nous projectes que ajuden a impulsar les economies locals. Han participat com a formadors Virgili Beltr\u00e1n i Yanina Maggiotto, de l&#8217;Associaci\u00f3 Guies Birding de la Comunitat Valenciana. Tamb\u00e9 ha col\u00b7laborat en la jornada la Secretaria T\u00e8cnica de l&#8217;\u00c0rea de Mediterrani Natural de \u201cCreaturisme\u201d (Turisme Comunitat Valenciana).<\/p>\n<p style=\"text-align: justify\">Segons Beltr\u00e1n, la clau per a oferir un bon producte ornitol\u00f2gic \u00e9s \u201ccuidar la qualitat del recurs, els ocells i el seu h\u00e0bitat, amb major atenci\u00f3 a la neteja i conservaci\u00f3 de les reserves de flora i fauna, i amb una gesti\u00f3 centrada en la millora del posicionament del producte\u201d.<\/p>\n<p style=\"text-align: justify\">Per a aix\u00f2, \u201c\u00e9s fonamental que en les web tur\u00edstiques dels ajuntaments hi haja un apartat de birding, i que es complemente amb cartelleria editable i disponible en els espais d&#8217;informaci\u00f3 tur\u00edstica\u201d.<\/p>\n<p style=\"text-align: justify\">Tal com assenyalen des de Val\u00e8ncia Turisme, \u201cel turisme ornitol\u00f2gic \u00e9s una proposta fant\u00e0stica per a propiciar que els turistes vinguen a les nostres comarques, no solament per les seues platjas i a l&#8217;estiu, sin\u00f3 per a descobrir noves experi\u00e8ncies i gaudir d&#8217;espais naturals fascinants com els huit parcs naturals o les marjals de la Safor i Pego-Oliva, aix\u00ed com serres i moles de l&#8217;interior que disposen de condicions extraordin\u00e0ries per a l&#8217;albirament d&#8217;ocells\u201d.<\/p>\n<p style=\"text-align: justify\"><strong>Turistes i Birdwatching<\/strong><\/p>\n<p style=\"text-align: justify\">El Patronat de Turisme disposa de programes de suport al birdwatching, entre les quals destaca la seua participaci\u00f3 amb la proposta \u201cVal\u00e8ncia Birding\u201d en trobades i fires internacionals com la British Bird Fair, la fira de turisme ornitol\u00f2gic m\u00e9s gran i antiga del m\u00f3n celebrada en la &#8220;Rutland Water\u00a0 Nature Reserve&#8221; del Regne Unit.<\/p>\n<p style=\"text-align: justify\">Precisament, el Regne Unit \u00e9s el pa\u00eds amb m\u00e9s quantitat &#8220;birdwatchers&#8221; (observadors d&#8217;ocells) i emissor d&#8217;un gran nombre de turistes que busquen com a destinaci\u00f3 altres llocs del m\u00f3n on poder gaudir la seua afici\u00f3 a l&#8217;observaci\u00f3 d&#8217;ocells i satisfer la seua passi\u00f3 de con\u00e9ixer noves esp\u00e8cies que poder afegir esp\u00e8cies a les seues llistes o a les seues col\u00b7leccions de fotografies.<\/p>\n<p style=\"text-align: justify\"><strong>M\u00e9s de 350 esp\u00e8cies d&#8217;ocells en el territori valenci\u00e0<\/strong><\/p>\n<p style=\"text-align: justify\">Les comarques valencianes compten amb huit parcs naturals i nombrosos espais protegits en els quals han sigut localitzades destacables zones de cria i d&#8217;hivernada d&#8217;un valor incalculable tant en quantitat com en diversitat d&#8217;esp\u00e8cies.<\/p>\n<p style=\"text-align: justify\">A m\u00e9s, el territori valenci\u00e0 \u00e9s un punt estrat\u00e8gic en les rutes migrat\u00f2ries pre i post nupcials entre el nord d&#8217;Europa i \u00c0frica que propicia l&#8217;albirament i observaci\u00f3 de m\u00e9s de 350 esp\u00e8cies d&#8217;ocells al llarg d&#8217;un any.<\/p>\n","protected":false},"excerpt":{"rendered":"<p>El Patronat de Turisme de Val\u00e8ncia organitza la primera jornada de birdwatching per a diversificar la destinaci\u00f3 \u201cVal\u00e8ncia\u201d 12\/07\/2019 Els turistes ornitol\u00f2gics o \u201cbirdwatchers\u201d es mouen per un territori que excedeix el l\u00edmit municipal i fins i tot el comarcal i auton\u00f2mic. \u201cAix\u00f2 significa que hem de conscienciar els gestors tur\u00edstics, p\u00fablics i privats, perqu\u00e8 [&hellip;]<\/p>\n","protected":false},"author":1,"featured_media":40798,"comment_status":"open","ping_status":"open","sticky":false,"template":"","format":"standard","meta":{"_acf_changed":false,"_et_pb_use_builder":"","_et_pb_old_content":"","_et_gb_content_width":"","footnotes":""},"categories":[1952],"tags":[],"class_list":["post-126979","post","type-post","status-publish","format-standard","has-post-thumbnail","hentry","category-noticies"],"acf":{"destacado":false},"yoast_head":"<!-- This site is optimized with the Yoast SEO plugin v23.0 - https:\/\/yoast.com\/wordpress\/plugins\/seo\/ -->\n<title>Val\u00e8ncia Turisme proposa el turisme ornitol\u00f2gic per a combatre l&#039;estacionalitat &#060; Valencia Turismo<\/title>\n<meta name=\"robots\" content=\"index, follow, max-snippet:-1, max-image-preview:large, max-video-preview:-1\" \/>\n<link rel=\"canonical\" href=\"https:\/\/turisme.dival.es\/ca\/valencia-turisme-proposa-el-turisme-ornitologic-per-a-combatre-lestacionalitat\/\" \/>\n<meta property=\"og:locale\" content=\"en_US\" \/>\n<meta property=\"og:type\" content=\"article\" \/>\n<meta property=\"og:title\" content=\"Val\u00e8ncia Turisme proposa el turisme ornitol\u00f2gic per a combatre l&#039;estacionalitat &#060; Valencia Turismo\" \/>\n<meta property=\"og:description\" content=\"El Patronat de Turisme de Val\u00e8ncia organitza la primera jornada de birdwatching per a diversificar la destinaci\u00f3 \u201cVal\u00e8ncia\u201d 12\/07\/2019 Els turistes ornitol\u00f2gics o \u201cbirdwatchers\u201d es mouen per un territori que excedeix el l\u00edmit municipal i fins i tot el comarcal i auton\u00f2mic. \u201cAix\u00f2 significa que hem de conscienciar els gestors tur\u00edstics, p\u00fablics i privats, perqu\u00e8 [&hellip;]\" \/>\n<meta property=\"og:url\" content=\"https:\/\/turisme.dival.es\/ca\/valencia-turisme-proposa-el-turisme-ornitologic-per-a-combatre-lestacionalitat\/\" \/>\n<meta property=\"og:site_name\" content=\"Valencia Turismo\" \/>\n<meta property=\"article:published_time\" content=\"2019-07-12T12:04:47+00:00\" \/>\n<meta property=\"article:modified_time\" content=\"2024-05-05T15:05:04+00:00\" \/>\n<meta property=\"og:image\" content=\"https:\/\/turisme.dival.es\/wp-content\/uploads\/2022\/01\/Albufera-J.-Ignacio-Ballester.jpg\" \/>\n\t<meta property=\"og:image:width\" content=\"863\" \/>\n\t<meta property=\"og:image:height\" content=\"515\" \/>\n\t<meta property=\"og:image:type\" content=\"image\/jpeg\" \/>\n<meta name=\"author\" content=\"Val\u00e8ncia Turisme\" \/>\n<meta name=\"twitter:card\" content=\"summary_large_image\" \/>\n<meta name=\"twitter:label1\" content=\"Written by\" \/>\n\t<meta name=\"twitter:data1\" content=\"Val\u00e8ncia Turisme\" \/>\n\t<meta name=\"twitter:label2\" content=\"Est. reading time\" \/>\n\t<meta name=\"twitter:data2\" content=\"3 minutes\" \/>\n<script type=\"application\/ld+json\" class=\"yoast-schema-graph\">{\"@context\":\"https:\/\/schema.org\",\"@graph\":[{\"@type\":\"WebPage\",\"@id\":\"https:\/\/turisme.dival.es\/ca\/valencia-turisme-proposa-el-turisme-ornitologic-per-a-combatre-lestacionalitat\/\",\"url\":\"https:\/\/turisme.dival.es\/ca\/valencia-turisme-proposa-el-turisme-ornitologic-per-a-combatre-lestacionalitat\/\",\"name\":\"Val\u00e8ncia Turisme proposa el turisme ornitol\u00f2gic per a combatre l'estacionalitat &#060; Valencia Turismo\",\"isPartOf\":{\"@id\":\"https:\/\/turisme.dival.es\/#website\"},\"primaryImageOfPage\":{\"@id\":\"https:\/\/turisme.dival.es\/ca\/valencia-turisme-proposa-el-turisme-ornitologic-per-a-combatre-lestacionalitat\/#primaryimage\"},\"image\":{\"@id\":\"https:\/\/turisme.dival.es\/ca\/valencia-turisme-proposa-el-turisme-ornitologic-per-a-combatre-lestacionalitat\/#primaryimage\"},\"thumbnailUrl\":\"https:\/\/turisme.dival.es\/wp-content\/uploads\/2022\/01\/Albufera-J.-Ignacio-Ballester.jpg\",\"datePublished\":\"2019-07-12T12:04:47+00:00\",\"dateModified\":\"2024-05-05T15:05:04+00:00\",\"author\":{\"@id\":\"https:\/\/turisme.dival.es\/#\/schema\/person\/3e0b7dd59fafb4560a54b9a4940574f4\"},\"inLanguage\":\"vl\",\"potentialAction\":[{\"@type\":\"ReadAction\",\"target\":[\"https:\/\/turisme.dival.es\/ca\/valencia-turisme-proposa-el-turisme-ornitologic-per-a-combatre-lestacionalitat\/\"]}]},{\"@type\":\"ImageObject\",\"inLanguage\":\"vl\",\"@id\":\"https:\/\/turisme.dival.es\/ca\/valencia-turisme-proposa-el-turisme-ornitologic-per-a-combatre-lestacionalitat\/#primaryimage\",\"url\":\"https:\/\/turisme.dival.es\/wp-content\/uploads\/2022\/01\/Albufera-J.-Ignacio-Ballester.jpg\",\"contentUrl\":\"https:\/\/turisme.dival.es\/wp-content\/uploads\/2022\/01\/Albufera-J.-Ignacio-Ballester.jpg\",\"width\":863,\"height\":515},{\"@type\":\"WebSite\",\"@id\":\"https:\/\/turisme.dival.es\/#website\",\"url\":\"https:\/\/turisme.dival.es\/\",\"name\":\"valenciaturismo.com.mialias.net\",\"description\":\"\",\"potentialAction\":[{\"@type\":\"SearchAction\",\"target\":{\"@type\":\"EntryPoint\",\"urlTemplate\":\"https:\/\/turisme.dival.es\/?s={search_term_string}\"},\"query-input\":\"required name=search_term_string\"}],\"inLanguage\":\"vl\"},{\"@type\":\"Person\",\"@id\":\"https:\/\/turisme.dival.es\/#\/schema\/person\/3e0b7dd59fafb4560a54b9a4940574f4\",\"name\":\"Val\u00e8ncia Turisme\",\"image\":{\"@type\":\"ImageObject\",\"inLanguage\":\"vl\",\"@id\":\"https:\/\/turisme.dival.es\/#\/schema\/person\/image\/\",\"url\":\"https:\/\/secure.gravatar.com\/avatar\/0e9af38f68e5d55d0728b298890449252967999842654f5245c679ec46532ee9?s=96&d=mm&r=g\",\"contentUrl\":\"https:\/\/secure.gravatar.com\/avatar\/0e9af38f68e5d55d0728b298890449252967999842654f5245c679ec46532ee9?s=96&d=mm&r=g\",\"caption\":\"Val\u00e8ncia Turisme\"},\"sameAs\":[\"https:\/\/turisme.dival.es\"]}]}<\/script>\n<!-- \/ Yoast SEO plugin. -->","yoast_head_json":{"title":"Val\u00e8ncia Turisme proposa el turisme ornitol\u00f2gic per a combatre l'estacionalitat &#060; Valencia Turismo","robots":{"index":"index","follow":"follow","max-snippet":"max-snippet:-1","max-image-preview":"max-image-preview:large","max-video-preview":"max-video-preview:-1"},"canonical":"https:\/\/turisme.dival.es\/ca\/valencia-turisme-proposa-el-turisme-ornitologic-per-a-combatre-lestacionalitat\/","og_locale":"en_US","og_type":"article","og_title":"Val\u00e8ncia Turisme proposa el turisme ornitol\u00f2gic per a combatre l'estacionalitat &#060; Valencia Turismo","og_description":"El Patronat de Turisme de Val\u00e8ncia organitza la primera jornada de birdwatching per a diversificar la destinaci\u00f3 \u201cVal\u00e8ncia\u201d 12\/07\/2019 Els turistes ornitol\u00f2gics o \u201cbirdwatchers\u201d es mouen per un territori que excedeix el l\u00edmit municipal i fins i tot el comarcal i auton\u00f2mic. \u201cAix\u00f2 significa que hem de conscienciar els gestors tur\u00edstics, p\u00fablics i privats, perqu\u00e8 [&hellip;]","og_url":"https:\/\/turisme.dival.es\/ca\/valencia-turisme-proposa-el-turisme-ornitologic-per-a-combatre-lestacionalitat\/","og_site_name":"Valencia Turismo","article_published_time":"2019-07-12T12:04:47+00:00","article_modified_time":"2024-05-05T15:05:04+00:00","og_image":[{"width":863,"height":515,"url":"https:\/\/turisme.dival.es\/wp-content\/uploads\/2022\/01\/Albufera-J.-Ignacio-Ballester.jpg","type":"image\/jpeg"}],"author":"Val\u00e8ncia Turisme","twitter_card":"summary_large_image","twitter_misc":{"Written by":"Val\u00e8ncia Turisme","Est. reading time":"3 minutes"},"schema":{"@context":"https:\/\/schema.org","@graph":[{"@type":"WebPage","@id":"https:\/\/turisme.dival.es\/ca\/valencia-turisme-proposa-el-turisme-ornitologic-per-a-combatre-lestacionalitat\/","url":"https:\/\/turisme.dival.es\/ca\/valencia-turisme-proposa-el-turisme-ornitologic-per-a-combatre-lestacionalitat\/","name":"Val\u00e8ncia Turisme proposa el turisme ornitol\u00f2gic per a combatre l'estacionalitat &#060; Valencia Turismo","isPartOf":{"@id":"https:\/\/turisme.dival.es\/#website"},"primaryImageOfPage":{"@id":"https:\/\/turisme.dival.es\/ca\/valencia-turisme-proposa-el-turisme-ornitologic-per-a-combatre-lestacionalitat\/#primaryimage"},"image":{"@id":"https:\/\/turisme.dival.es\/ca\/valencia-turisme-proposa-el-turisme-ornitologic-per-a-combatre-lestacionalitat\/#primaryimage"},"thumbnailUrl":"https:\/\/turisme.dival.es\/wp-content\/uploads\/2022\/01\/Albufera-J.-Ignacio-Ballester.jpg","datePublished":"2019-07-12T12:04:47+00:00","dateModified":"2024-05-05T15:05:04+00:00","author":{"@id":"https:\/\/turisme.dival.es\/#\/schema\/person\/3e0b7dd59fafb4560a54b9a4940574f4"},"inLanguage":"vl","potentialAction":[{"@type":"ReadAction","target":["https:\/\/turisme.dival.es\/ca\/valencia-turisme-proposa-el-turisme-ornitologic-per-a-combatre-lestacionalitat\/"]}]},{"@type":"ImageObject","inLanguage":"vl","@id":"https:\/\/turisme.dival.es\/ca\/valencia-turisme-proposa-el-turisme-ornitologic-per-a-combatre-lestacionalitat\/#primaryimage","url":"https:\/\/turisme.dival.es\/wp-content\/uploads\/2022\/01\/Albufera-J.-Ignacio-Ballester.jpg","contentUrl":"https:\/\/turisme.dival.es\/wp-content\/uploads\/2022\/01\/Albufera-J.-Ignacio-Ballester.jpg","width":863,"height":515},{"@type":"WebSite","@id":"https:\/\/turisme.dival.es\/#website","url":"https:\/\/turisme.dival.es\/","name":"valenciaturismo.com.mialias.net","description":"","potentialAction":[{"@type":"SearchAction","target":{"@type":"EntryPoint","urlTemplate":"https:\/\/turisme.dival.es\/?s={search_term_string}"},"query-input":"required name=search_term_string"}],"inLanguage":"vl"},{"@type":"Person","@id":"https:\/\/turisme.dival.es\/#\/schema\/person\/3e0b7dd59fafb4560a54b9a4940574f4","name":"Val\u00e8ncia Turisme","image":{"@type":"ImageObject","inLanguage":"vl","@id":"https:\/\/turisme.dival.es\/#\/schema\/person\/image\/","url":"https:\/\/secure.gravatar.com\/avatar\/0e9af38f68e5d55d0728b298890449252967999842654f5245c679ec46532ee9?s=96&d=mm&r=g","contentUrl":"https:\/\/secure.gravatar.com\/avatar\/0e9af38f68e5d55d0728b298890449252967999842654f5245c679ec46532ee9?s=96&d=mm&r=g","caption":"Val\u00e8ncia Turisme"},"sameAs":["https:\/\/turisme.dival.es"]}]}},"_links":{"self":[{"href":"https:\/\/turisme.dival.es\/ca\/wp-json\/wp\/v2\/posts\/126979","targetHints":{"allow":["GET"]}}],"collection":[{"href":"https:\/\/turisme.dival.es\/ca\/wp-json\/wp\/v2\/posts"}],"about":[{"href":"https:\/\/turisme.dival.es\/ca\/wp-json\/wp\/v2\/types\/post"}],"author":[{"embeddable":true,"href":"https:\/\/turisme.dival.es\/ca\/wp-json\/wp\/v2\/users\/1"}],"replies":[{"embeddable":true,"href":"https:\/\/turisme.dival.es\/ca\/wp-json\/wp\/v2\/comments?post=126979"}],"version-history":[{"count":1,"href":"https:\/\/turisme.dival.es\/ca\/wp-json\/wp\/v2\/posts\/126979\/revisions"}],"predecessor-version":[{"id":130596,"href":"https:\/\/turisme.dival.es\/ca\/wp-json\/wp\/v2\/posts\/126979\/revisions\/130596"}],"wp:featuredmedia":[{"embeddable":true,"href":"https:\/\/turisme.dival.es\/ca\/wp-json\/wp\/v2\/media\/40798"}],"wp:attachment":[{"href":"https:\/\/turisme.dival.es\/ca\/wp-json\/wp\/v2\/media?parent=126979"}],"wp:term":[{"taxonomy":"category","embeddable":true,"href":"https:\/\/turisme.dival.es\/ca\/wp-json\/wp\/v2\/categories?post=126979"},{"taxonomy":"post_tag","embeddable":true,"href":"https:\/\/turisme.dival.es\/ca\/wp-json\/wp\/v2\/tags?post=126979"}],"curies":[{"name":"wp","href":"https:\/\/api.w.org\/{rel}","templated":true}]}}