{"id":126977,"date":"2019-06-20T11:57:17","date_gmt":"2019-06-20T11:57:17","guid":{"rendered":"https:\/\/turisme.dival.es\/valencia-turisme-porta-el-cinema-a-20-platges-valencianes-aquest-estiu\/"},"modified":"2024-05-05T15:05:02","modified_gmt":"2024-05-05T15:05:02","slug":"valencia-turisme-porta-el-cinema-a-20-platges-valencianes-aquest-estiu","status":"publish","type":"post","link":"https:\/\/turisme.dival.es\/ca\/valencia-turisme-porta-el-cinema-a-20-platges-valencianes-aquest-estiu\/","title":{"rendered":"Val\u00e8ncia Turisme porta el cinema a 20 platges valencianes aquest estiu"},"content":{"rendered":"<ul>\n<li style=\"text-align: justify\">El programa \u201cCine a les platges\u201d del Patronat de Turisme de Val\u00e8ncia realitzar\u00e0 un total de 36 projeccions gratu\u00eftes per a tots els p\u00fablics en 18 municipis costaners<\/li>\n<\/ul>\n<p style=\"text-align: justify\">20\/06\/2019<br \/>\nVal\u00e8ncia Turisme portar\u00e0 el cinema a 20 platges d&#8217;un total de 18 municipis costaners valencians, del 4 de juliol al 29 d&#8217;agost, mitjan\u00e7ant una nova edici\u00f3 del programa \u201cCine a les platges\u201d.<br \/>\nEl Patronat de Turisme de Val\u00e8ncia, a trav\u00e9s de la seua marca tur\u00edstica, realitzar\u00e0 36 projeccions (dues per municipi) de 13 pel\u00b7l\u00edcules per a tots els p\u00fablics i de forma gratu\u00efta, en una pantalla inflable de 90 metres quadrats sobre l&#8217;arena de la platja.<\/p>\n<p style=\"text-align: justify\">Els espectadors podran portar-se la seua pr\u00f2pia cadira o tovallola per a asseure&#8217;s en l&#8217;arena i veure la pel\u00b7l\u00edcula, que comen\u00e7ar\u00e0 sempre a les 22 hores, despr\u00e9s de la projecci\u00f3 d&#8217;un v\u00eddeo promocional del territori valenci\u00e0 i uns missatges de sensibilitzaci\u00f3 social per a promoure la cura de les platges, el seu entorn i, en definitiva, del medi ambient.<\/p>\n<p style=\"text-align: justify\">\u201cCine a les platges\u201d persegueix refor\u00e7ar l&#8217;oferta d&#8217;oci en la costa i promocionar el nostre territori a nous p\u00fablics, en 18 destinacions tur\u00edstiques del litoral: La Pobla de Farnals, Gandia, Canet d&#8217;en Berenguer, Alboraia, Sueca, El Perell\u00f3, Pu\u00e7ol, Daim\u00fas, Piles, Tavernes de la Valldigna, Val\u00e8ncia, Mareny de Barraquetes, Cullera, Bellreguard, Xeraco, Oliva, El Puig de Santa Maria i Sagunt.<\/p>\n<p style=\"text-align: justify\">La programaci\u00f3 prevista inclou la projecci\u00f3 de \u201cTadeo Jones 2\u201d, \u201cWonder Woman\u201d, \u201cCampions\u201d, \u201cFerdinand\u201d, \u201cJurassic World\u201d, \u201cEl Gran Showman\u201d, \u201cHotel Transsilv\u00e0nia 3\u201d, \u201cPeter Rabbit\u201d, \u201cSpiderman: Homecoming\u201d, \u201cPaddington 2\u201d, \u201cEarly Man Cavern\u00edcola\u201d i \u201cSuper Agent Can\u00ed\u201d.<\/p>\n<p style=\"text-align: justify\"><strong>Activitats complement\u00e0ries\u00a0<\/strong><\/p>\n<p style=\"text-align: justify\">La nova edici\u00f3 de \u201cCine a les platges\u201d tamb\u00e9 comptar\u00e0 en cada jornada, igual que en anys anteriors, amb activitats complement\u00e0ries com una zona de jocs tradicionals infantils pr\u00f2xima al lloc de projecci\u00f3 de la pel\u00b7l\u00edcula, de 18 a 21 hores, i una tourist truck informativa sobre les m\u00faltiples possibilitats i experi\u00e8ncies tur\u00edstiques per a gaudir de l&#8217;estiu en tot el territori valenci\u00e0.<\/p>\n<p style=\"text-align: justify\">M\u00e9s de 40.000 mil persones van gaudir en 2018 d&#8217;aquesta iniciativa tur\u00edstica. El 97 per cent de les persones enquestades va acudir en fam\u00edlia, el dos per cent ho va fer en parella i un u per cent tot sol. Tots ells van assegurar que repetirien l&#8217;experi\u00e8ncia.<\/p>\n<p style=\"text-align: justify\">Respecte a la proced\u00e8ncia del p\u00fablic, el 68 per cent eren residents i el 32 per cent turistes o visitants, procedents tant de Val\u00e8ncia com de la resta de la Comunitat Valenciana i Espanya.<\/p>\n<p><a href=\"https:\/\/www.valenciaturisme.org\/wp-content\/uploads\/2019\/06\/Fullet_tr\u00edptic_cine_2019_WEB_val.pdf\">Consulteu la Programaci\u00f3 cinema a les platges<\/a><\/p>\n<p>&nbsp;<\/p>\n<p>&nbsp;<\/p>\n","protected":false},"excerpt":{"rendered":"<p>El programa \u201cCine a les platges\u201d del Patronat de Turisme de Val\u00e8ncia realitzar\u00e0 un total de 36 projeccions gratu\u00eftes per a tots els p\u00fablics en 18 municipis costaners 20\/06\/2019 Val\u00e8ncia Turisme portar\u00e0 el cinema a 20 platges d&#8217;un total de 18 municipis costaners valencians, del 4 de juliol al 29 d&#8217;agost, mitjan\u00e7ant una nova edici\u00f3 [&hellip;]<\/p>\n","protected":false},"author":1,"featured_media":0,"comment_status":"open","ping_status":"open","sticky":false,"template":"","format":"standard","meta":{"_acf_changed":false,"_et_pb_use_builder":"","_et_pb_old_content":"","_et_gb_content_width":"","footnotes":""},"categories":[1952],"tags":[],"class_list":["post-126977","post","type-post","status-publish","format-standard","hentry","category-noticies"],"acf":{"destacado":false},"yoast_head":"<!-- This site is optimized with the Yoast SEO plugin v23.0 - https:\/\/yoast.com\/wordpress\/plugins\/seo\/ -->\n<title>Val\u00e8ncia Turisme porta el cinema a 20 platges valencianes aquest estiu &#060; Valencia Turismo<\/title>\n<meta name=\"robots\" content=\"index, follow, max-snippet:-1, max-image-preview:large, max-video-preview:-1\" \/>\n<link rel=\"canonical\" href=\"https:\/\/turisme.dival.es\/ca\/valencia-turisme-porta-el-cinema-a-20-platges-valencianes-aquest-estiu\/\" \/>\n<meta property=\"og:locale\" content=\"en_US\" \/>\n<meta property=\"og:type\" content=\"article\" \/>\n<meta property=\"og:title\" content=\"Val\u00e8ncia Turisme porta el cinema a 20 platges valencianes aquest estiu &#060; Valencia Turismo\" \/>\n<meta property=\"og:description\" content=\"El programa \u201cCine a les platges\u201d del Patronat de Turisme de Val\u00e8ncia realitzar\u00e0 un total de 36 projeccions gratu\u00eftes per a tots els p\u00fablics en 18 municipis costaners 20\/06\/2019 Val\u00e8ncia Turisme portar\u00e0 el cinema a 20 platges d&#8217;un total de 18 municipis costaners valencians, del 4 de juliol al 29 d&#8217;agost, mitjan\u00e7ant una nova edici\u00f3 [&hellip;]\" \/>\n<meta property=\"og:url\" content=\"https:\/\/turisme.dival.es\/ca\/valencia-turisme-porta-el-cinema-a-20-platges-valencianes-aquest-estiu\/\" \/>\n<meta property=\"og:site_name\" content=\"Valencia Turismo\" \/>\n<meta property=\"article:published_time\" content=\"2019-06-20T11:57:17+00:00\" \/>\n<meta property=\"article:modified_time\" content=\"2024-05-05T15:05:02+00:00\" \/>\n<meta name=\"author\" content=\"Val\u00e8ncia Turisme\" \/>\n<meta name=\"twitter:card\" content=\"summary_large_image\" \/>\n<meta name=\"twitter:label1\" content=\"Written by\" \/>\n\t<meta name=\"twitter:data1\" content=\"Val\u00e8ncia Turisme\" \/>\n\t<meta name=\"twitter:label2\" content=\"Est. reading time\" \/>\n\t<meta name=\"twitter:data2\" content=\"2 minutes\" \/>\n<script type=\"application\/ld+json\" class=\"yoast-schema-graph\">{\"@context\":\"https:\/\/schema.org\",\"@graph\":[{\"@type\":\"WebPage\",\"@id\":\"https:\/\/turisme.dival.es\/ca\/valencia-turisme-porta-el-cinema-a-20-platges-valencianes-aquest-estiu\/\",\"url\":\"https:\/\/turisme.dival.es\/ca\/valencia-turisme-porta-el-cinema-a-20-platges-valencianes-aquest-estiu\/\",\"name\":\"Val\u00e8ncia Turisme porta el cinema a 20 platges valencianes aquest estiu &#060; Valencia Turismo\",\"isPartOf\":{\"@id\":\"https:\/\/turisme.dival.es\/#website\"},\"datePublished\":\"2019-06-20T11:57:17+00:00\",\"dateModified\":\"2024-05-05T15:05:02+00:00\",\"author\":{\"@id\":\"https:\/\/turisme.dival.es\/#\/schema\/person\/3e0b7dd59fafb4560a54b9a4940574f4\"},\"inLanguage\":\"vl\",\"potentialAction\":[{\"@type\":\"ReadAction\",\"target\":[\"https:\/\/turisme.dival.es\/ca\/valencia-turisme-porta-el-cinema-a-20-platges-valencianes-aquest-estiu\/\"]}]},{\"@type\":\"WebSite\",\"@id\":\"https:\/\/turisme.dival.es\/#website\",\"url\":\"https:\/\/turisme.dival.es\/\",\"name\":\"valenciaturismo.com.mialias.net\",\"description\":\"\",\"potentialAction\":[{\"@type\":\"SearchAction\",\"target\":{\"@type\":\"EntryPoint\",\"urlTemplate\":\"https:\/\/turisme.dival.es\/?s={search_term_string}\"},\"query-input\":\"required name=search_term_string\"}],\"inLanguage\":\"vl\"},{\"@type\":\"Person\",\"@id\":\"https:\/\/turisme.dival.es\/#\/schema\/person\/3e0b7dd59fafb4560a54b9a4940574f4\",\"name\":\"Val\u00e8ncia Turisme\",\"image\":{\"@type\":\"ImageObject\",\"inLanguage\":\"vl\",\"@id\":\"https:\/\/turisme.dival.es\/#\/schema\/person\/image\/\",\"url\":\"https:\/\/secure.gravatar.com\/avatar\/0e9af38f68e5d55d0728b298890449252967999842654f5245c679ec46532ee9?s=96&d=mm&r=g\",\"contentUrl\":\"https:\/\/secure.gravatar.com\/avatar\/0e9af38f68e5d55d0728b298890449252967999842654f5245c679ec46532ee9?s=96&d=mm&r=g\",\"caption\":\"Val\u00e8ncia Turisme\"},\"sameAs\":[\"https:\/\/turisme.dival.es\"]}]}<\/script>\n<!-- \/ Yoast SEO plugin. -->","yoast_head_json":{"title":"Val\u00e8ncia Turisme porta el cinema a 20 platges valencianes aquest estiu &#060; Valencia Turismo","robots":{"index":"index","follow":"follow","max-snippet":"max-snippet:-1","max-image-preview":"max-image-preview:large","max-video-preview":"max-video-preview:-1"},"canonical":"https:\/\/turisme.dival.es\/ca\/valencia-turisme-porta-el-cinema-a-20-platges-valencianes-aquest-estiu\/","og_locale":"en_US","og_type":"article","og_title":"Val\u00e8ncia Turisme porta el cinema a 20 platges valencianes aquest estiu &#060; Valencia Turismo","og_description":"El programa \u201cCine a les platges\u201d del Patronat de Turisme de Val\u00e8ncia realitzar\u00e0 un total de 36 projeccions gratu\u00eftes per a tots els p\u00fablics en 18 municipis costaners 20\/06\/2019 Val\u00e8ncia Turisme portar\u00e0 el cinema a 20 platges d&#8217;un total de 18 municipis costaners valencians, del 4 de juliol al 29 d&#8217;agost, mitjan\u00e7ant una nova edici\u00f3 [&hellip;]","og_url":"https:\/\/turisme.dival.es\/ca\/valencia-turisme-porta-el-cinema-a-20-platges-valencianes-aquest-estiu\/","og_site_name":"Valencia Turismo","article_published_time":"2019-06-20T11:57:17+00:00","article_modified_time":"2024-05-05T15:05:02+00:00","author":"Val\u00e8ncia Turisme","twitter_card":"summary_large_image","twitter_misc":{"Written by":"Val\u00e8ncia Turisme","Est. reading time":"2 minutes"},"schema":{"@context":"https:\/\/schema.org","@graph":[{"@type":"WebPage","@id":"https:\/\/turisme.dival.es\/ca\/valencia-turisme-porta-el-cinema-a-20-platges-valencianes-aquest-estiu\/","url":"https:\/\/turisme.dival.es\/ca\/valencia-turisme-porta-el-cinema-a-20-platges-valencianes-aquest-estiu\/","name":"Val\u00e8ncia Turisme porta el cinema a 20 platges valencianes aquest estiu &#060; Valencia Turismo","isPartOf":{"@id":"https:\/\/turisme.dival.es\/#website"},"datePublished":"2019-06-20T11:57:17+00:00","dateModified":"2024-05-05T15:05:02+00:00","author":{"@id":"https:\/\/turisme.dival.es\/#\/schema\/person\/3e0b7dd59fafb4560a54b9a4940574f4"},"inLanguage":"vl","potentialAction":[{"@type":"ReadAction","target":["https:\/\/turisme.dival.es\/ca\/valencia-turisme-porta-el-cinema-a-20-platges-valencianes-aquest-estiu\/"]}]},{"@type":"WebSite","@id":"https:\/\/turisme.dival.es\/#website","url":"https:\/\/turisme.dival.es\/","name":"valenciaturismo.com.mialias.net","description":"","potentialAction":[{"@type":"SearchAction","target":{"@type":"EntryPoint","urlTemplate":"https:\/\/turisme.dival.es\/?s={search_term_string}"},"query-input":"required name=search_term_string"}],"inLanguage":"vl"},{"@type":"Person","@id":"https:\/\/turisme.dival.es\/#\/schema\/person\/3e0b7dd59fafb4560a54b9a4940574f4","name":"Val\u00e8ncia Turisme","image":{"@type":"ImageObject","inLanguage":"vl","@id":"https:\/\/turisme.dival.es\/#\/schema\/person\/image\/","url":"https:\/\/secure.gravatar.com\/avatar\/0e9af38f68e5d55d0728b298890449252967999842654f5245c679ec46532ee9?s=96&d=mm&r=g","contentUrl":"https:\/\/secure.gravatar.com\/avatar\/0e9af38f68e5d55d0728b298890449252967999842654f5245c679ec46532ee9?s=96&d=mm&r=g","caption":"Val\u00e8ncia Turisme"},"sameAs":["https:\/\/turisme.dival.es"]}]}},"_links":{"self":[{"href":"https:\/\/turisme.dival.es\/ca\/wp-json\/wp\/v2\/posts\/126977","targetHints":{"allow":["GET"]}}],"collection":[{"href":"https:\/\/turisme.dival.es\/ca\/wp-json\/wp\/v2\/posts"}],"about":[{"href":"https:\/\/turisme.dival.es\/ca\/wp-json\/wp\/v2\/types\/post"}],"author":[{"embeddable":true,"href":"https:\/\/turisme.dival.es\/ca\/wp-json\/wp\/v2\/users\/1"}],"replies":[{"embeddable":true,"href":"https:\/\/turisme.dival.es\/ca\/wp-json\/wp\/v2\/comments?post=126977"}],"version-history":[{"count":1,"href":"https:\/\/turisme.dival.es\/ca\/wp-json\/wp\/v2\/posts\/126977\/revisions"}],"predecessor-version":[{"id":130595,"href":"https:\/\/turisme.dival.es\/ca\/wp-json\/wp\/v2\/posts\/126977\/revisions\/130595"}],"wp:attachment":[{"href":"https:\/\/turisme.dival.es\/ca\/wp-json\/wp\/v2\/media?parent=126977"}],"wp:term":[{"taxonomy":"category","embeddable":true,"href":"https:\/\/turisme.dival.es\/ca\/wp-json\/wp\/v2\/categories?post=126977"},{"taxonomy":"post_tag","embeddable":true,"href":"https:\/\/turisme.dival.es\/ca\/wp-json\/wp\/v2\/tags?post=126977"}],"curies":[{"name":"wp","href":"https:\/\/api.w.org\/{rel}","templated":true}]}}