{"id":126974,"date":"2019-05-16T12:15:30","date_gmt":"2019-05-16T12:15:30","guid":{"rendered":"https:\/\/turisme.dival.es\/rodar-a-valencia-es-garantia-dexit-per-la-seua-llum-les-seues-localitzacions-i-els-seus-grans-professionals\/"},"modified":"2024-05-05T15:05:01","modified_gmt":"2024-05-05T15:05:01","slug":"rodar-a-valencia-es-garantia-dexit-per-la-seua-llum-les-seues-localitzacions-i-els-seus-grans-professionals","status":"publish","type":"post","link":"https:\/\/turisme.dival.es\/ca\/rodar-a-valencia-es-garantia-dexit-per-la-seua-llum-les-seues-localitzacions-i-els-seus-grans-professionals\/","title":{"rendered":"Rodar a Val\u00e8ncia \u00e9s garantia d\u2019\u00e8xit \u201cper la seua llum, les seues localitzacions i els seus grans professionals\u201d"},"content":{"rendered":"<ul>\n<li style=\"text-align: justify\">Els productors Jos\u00e9 Jaime Linares i Mila Luengo i els responsables de les Film Office de Benidorm, Val\u00e8ncia i Sagunt protagonitzen la Trobada Film Val\u00e8ncia organitzada pel Patronat de Turisme de Val\u00e8ncia en Russafa<\/li>\n<\/ul>\n<p style=\"text-align: justify\">16\/05\/2019<br \/>\nAlta rendibilitat, excel\u00b7lent retorn reputacional i promoci\u00f3 tur\u00edstica exponencial del territori. S\u00f3n tres dels grans beneficis de ser un territori film friendly, constatats pels professionals de l&#8217;audiovisual reunits hui en la Trobada Film Val\u00e8ncia, organitzada pel Patronat de Turisme de Val\u00e8ncia en el barri de Russafa de Val\u00e8ncia.<\/p>\n<p style=\"text-align: justify\">\u201cRodar a Val\u00e8ncia \u00e9s garantia d&#8217;\u00e8xit per la seua llum, les seues localitzacions i els seus grans professionals\u201d, han coincidit a destacar els participants en aquesta innovadora sessi\u00f3 d&#8217;intercanvi i network per a reivindicar Val\u00e8ncia com a territori audiovisual excel\u00b7lent.<\/p>\n<p style=\"text-align: justify\">La sessi\u00f3 de treball ha comptat amb la participaci\u00f3 dels productors Jos\u00e9 Jaime Linares i Mila Luengo, els responsables de les Film Office de Val\u00e8ncia, Sagunt i Benidorm, Vicent Haba, Albert Llueca i Rosa Llorca, respectivament; la coordinadora de Film Val\u00e8ncia, Ann Hern\u00e1ndez, i el director del Patronat de Turisme de Val\u00e8ncia, Evarist Caselles. El periodista Alvaro G. Dev\u00eds ha exercit de moderador.<\/p>\n<p style=\"text-align: justify\">Rodar en un municipi \u201c\u00e9s molt rendible\u201d, han assenyalat. Entre altres exemples, el director de la Film Office de Sagunt, Albert Llueca, ha comentat que l&#8217;empresa de c\u00e0tering d&#8217;un rodatge pot arribar a facturar en un sol mes la mateixa quantitat que en tres anys d&#8217;activitat normal en el municipi.<\/p>\n<p style=\"text-align: justify\"><strong>Promoci\u00f3 tur\u00edstica \u201cimpagable\u201d<\/strong><\/p>\n<p style=\"text-align: justify\">Per part seua, Rosa Llorca de la Film Office de Benidorm, ha destacat la capacitat d&#8217;exportar imatge de la s\u00e8rie \u2018Benidorm\u2019, \u201crodada en el nostre municipi i que porta huit temporades d&#8217;\u00e8xit en el segon canal privat del Regne Unit. \u00c9s una publicitat tur\u00edstica impagable\u201d.<\/p>\n<p style=\"text-align: justify\">En la seua intervenci\u00f3, Vicent Haba, de Film Office Val\u00e8ncia, ha apuntat la necessitat d&#8217;anar millorant l&#8217;atenci\u00f3 directa als professionals del sector audiovisual des de les institucions i ha assenyalat que la Fundaci\u00f3 Turisme Val\u00e8ncia ha elaborat un formulari descarregable per a facilitar els tr\u00e0mits burocr\u00e0tics.<\/p>\n<p style=\"text-align: justify\">Evarist Caselles, director del Patronat de Turisme de Val\u00e8ncia, ha indicat que \u201cel nostre principal treball \u00e9s assegurar que les tasques estiguen fetes i a punt, assegurar que el rodatge es pot realitzar sense problemes dins del termini i en la forma escaient\u201d. En aquest mateix sentit s&#8217;ha pronunciat Jos\u00e9 Jaime Linares, que ha remarcat que \u201cla seguretat \u00e9s un valor\u201d.<\/p>\n<p style=\"text-align: justify\">Mila Luengo, que acaba de participar en la producci\u00f3 del rodatge de \u2018Perdida\u2019, de Mediapro, ha qualificat de \u201cfant\u00e0stiques localitzacions\u201d els exteriors i interiors de Sagunt\u00a0 emprats en la s\u00e8rie, i que aquest qualificatiu pot estendre&#8217;s a la major part del territori valenci\u00e0, siga de costa, marjal o interior.<\/p>\n<p style=\"text-align: justify\">El Patronat de Turisme de Val\u00e8ncia disposa de la plataforma digital \u201cFilm Val\u00e8ncia\u201d com a punt de trobada per a la creaci\u00f3 de projectes audiovisuals en el territori valenci\u00e0 que contribu\u00efsquen a activar les economies locals mitjan\u00e7ant l&#8217;explotaci\u00f3 de recursos i serveis associats a la ind\u00fastria cinematogr\u00e0fica i publicit\u00e0ria.<\/p>\n","protected":false},"excerpt":{"rendered":"<p>Els productors Jos\u00e9 Jaime Linares i Mila Luengo i els responsables de les Film Office de Benidorm, Val\u00e8ncia i Sagunt protagonitzen la Trobada Film Val\u00e8ncia organitzada pel Patronat de Turisme de Val\u00e8ncia en Russafa 16\/05\/2019 Alta rendibilitat, excel\u00b7lent retorn reputacional i promoci\u00f3 tur\u00edstica exponencial del territori. S\u00f3n tres dels grans beneficis de ser un territori [&hellip;]<\/p>\n","protected":false},"author":1,"featured_media":40768,"comment_status":"open","ping_status":"open","sticky":false,"template":"","format":"standard","meta":{"_acf_changed":false,"_et_pb_use_builder":"","_et_pb_old_content":"","_et_gb_content_width":"","footnotes":""},"categories":[1952],"tags":[],"class_list":["post-126974","post","type-post","status-publish","format-standard","has-post-thumbnail","hentry","category-noticies"],"acf":{"destacado":false},"yoast_head":"<!-- This site is optimized with the Yoast SEO plugin v23.0 - https:\/\/yoast.com\/wordpress\/plugins\/seo\/ -->\n<title>Rodar a Val\u00e8ncia \u00e9s garantia d\u2019\u00e8xit \u201cper la seua llum, les seues localitzacions i els seus grans professionals\u201d &#060; Valencia Turismo<\/title>\n<meta name=\"robots\" content=\"index, follow, max-snippet:-1, max-image-preview:large, max-video-preview:-1\" \/>\n<link rel=\"canonical\" href=\"https:\/\/turisme.dival.es\/ca\/rodar-a-valencia-es-garantia-dexit-per-la-seua-llum-les-seues-localitzacions-i-els-seus-grans-professionals\/\" \/>\n<meta property=\"og:locale\" content=\"en_US\" \/>\n<meta property=\"og:type\" content=\"article\" \/>\n<meta property=\"og:title\" content=\"Rodar a Val\u00e8ncia \u00e9s garantia d\u2019\u00e8xit \u201cper la seua llum, les seues localitzacions i els seus grans professionals\u201d &#060; Valencia Turismo\" \/>\n<meta property=\"og:description\" content=\"Els productors Jos\u00e9 Jaime Linares i Mila Luengo i els responsables de les Film Office de Benidorm, Val\u00e8ncia i Sagunt protagonitzen la Trobada Film Val\u00e8ncia organitzada pel Patronat de Turisme de Val\u00e8ncia en Russafa 16\/05\/2019 Alta rendibilitat, excel\u00b7lent retorn reputacional i promoci\u00f3 tur\u00edstica exponencial del territori. S\u00f3n tres dels grans beneficis de ser un territori [&hellip;]\" \/>\n<meta property=\"og:url\" content=\"https:\/\/turisme.dival.es\/ca\/rodar-a-valencia-es-garantia-dexit-per-la-seua-llum-les-seues-localitzacions-i-els-seus-grans-professionals\/\" \/>\n<meta property=\"og:site_name\" content=\"Valencia Turismo\" \/>\n<meta property=\"article:published_time\" content=\"2019-05-16T12:15:30+00:00\" \/>\n<meta property=\"article:modified_time\" content=\"2024-05-05T15:05:01+00:00\" \/>\n<meta property=\"og:image\" content=\"https:\/\/turisme.dival.es\/wp-content\/uploads\/2022\/01\/FILMVALENCIA1-scaled.jpg\" \/>\n\t<meta property=\"og:image:width\" content=\"2560\" \/>\n\t<meta property=\"og:image:height\" content=\"1920\" \/>\n\t<meta property=\"og:image:type\" content=\"image\/jpeg\" \/>\n<meta name=\"author\" content=\"Val\u00e8ncia Turisme\" \/>\n<meta name=\"twitter:card\" content=\"summary_large_image\" \/>\n<meta name=\"twitter:label1\" content=\"Written by\" \/>\n\t<meta name=\"twitter:data1\" content=\"Val\u00e8ncia Turisme\" \/>\n\t<meta name=\"twitter:label2\" content=\"Est. reading time\" \/>\n\t<meta name=\"twitter:data2\" content=\"3 minutes\" \/>\n<script type=\"application\/ld+json\" class=\"yoast-schema-graph\">{\"@context\":\"https:\/\/schema.org\",\"@graph\":[{\"@type\":\"WebPage\",\"@id\":\"https:\/\/turisme.dival.es\/ca\/rodar-a-valencia-es-garantia-dexit-per-la-seua-llum-les-seues-localitzacions-i-els-seus-grans-professionals\/\",\"url\":\"https:\/\/turisme.dival.es\/ca\/rodar-a-valencia-es-garantia-dexit-per-la-seua-llum-les-seues-localitzacions-i-els-seus-grans-professionals\/\",\"name\":\"Rodar a Val\u00e8ncia \u00e9s garantia d\u2019\u00e8xit \u201cper la seua llum, les seues localitzacions i els seus grans professionals\u201d &#060; Valencia Turismo\",\"isPartOf\":{\"@id\":\"https:\/\/turisme.dival.es\/#website\"},\"primaryImageOfPage\":{\"@id\":\"https:\/\/turisme.dival.es\/ca\/rodar-a-valencia-es-garantia-dexit-per-la-seua-llum-les-seues-localitzacions-i-els-seus-grans-professionals\/#primaryimage\"},\"image\":{\"@id\":\"https:\/\/turisme.dival.es\/ca\/rodar-a-valencia-es-garantia-dexit-per-la-seua-llum-les-seues-localitzacions-i-els-seus-grans-professionals\/#primaryimage\"},\"thumbnailUrl\":\"https:\/\/turisme.dival.es\/wp-content\/uploads\/2022\/01\/FILMVALENCIA1-scaled.jpg\",\"datePublished\":\"2019-05-16T12:15:30+00:00\",\"dateModified\":\"2024-05-05T15:05:01+00:00\",\"author\":{\"@id\":\"https:\/\/turisme.dival.es\/#\/schema\/person\/3e0b7dd59fafb4560a54b9a4940574f4\"},\"inLanguage\":\"vl\",\"potentialAction\":[{\"@type\":\"ReadAction\",\"target\":[\"https:\/\/turisme.dival.es\/ca\/rodar-a-valencia-es-garantia-dexit-per-la-seua-llum-les-seues-localitzacions-i-els-seus-grans-professionals\/\"]}]},{\"@type\":\"ImageObject\",\"inLanguage\":\"vl\",\"@id\":\"https:\/\/turisme.dival.es\/ca\/rodar-a-valencia-es-garantia-dexit-per-la-seua-llum-les-seues-localitzacions-i-els-seus-grans-professionals\/#primaryimage\",\"url\":\"https:\/\/turisme.dival.es\/wp-content\/uploads\/2022\/01\/FILMVALENCIA1-scaled.jpg\",\"contentUrl\":\"https:\/\/turisme.dival.es\/wp-content\/uploads\/2022\/01\/FILMVALENCIA1-scaled.jpg\",\"width\":2560,\"height\":1920,\"caption\":\"|||\"},{\"@type\":\"WebSite\",\"@id\":\"https:\/\/turisme.dival.es\/#website\",\"url\":\"https:\/\/turisme.dival.es\/\",\"name\":\"valenciaturismo.com.mialias.net\",\"description\":\"\",\"potentialAction\":[{\"@type\":\"SearchAction\",\"target\":{\"@type\":\"EntryPoint\",\"urlTemplate\":\"https:\/\/turisme.dival.es\/?s={search_term_string}\"},\"query-input\":\"required name=search_term_string\"}],\"inLanguage\":\"vl\"},{\"@type\":\"Person\",\"@id\":\"https:\/\/turisme.dival.es\/#\/schema\/person\/3e0b7dd59fafb4560a54b9a4940574f4\",\"name\":\"Val\u00e8ncia Turisme\",\"image\":{\"@type\":\"ImageObject\",\"inLanguage\":\"vl\",\"@id\":\"https:\/\/turisme.dival.es\/#\/schema\/person\/image\/\",\"url\":\"https:\/\/secure.gravatar.com\/avatar\/0e9af38f68e5d55d0728b298890449252967999842654f5245c679ec46532ee9?s=96&d=mm&r=g\",\"contentUrl\":\"https:\/\/secure.gravatar.com\/avatar\/0e9af38f68e5d55d0728b298890449252967999842654f5245c679ec46532ee9?s=96&d=mm&r=g\",\"caption\":\"Val\u00e8ncia Turisme\"},\"sameAs\":[\"https:\/\/turisme.dival.es\"]}]}<\/script>\n<!-- \/ Yoast SEO plugin. -->","yoast_head_json":{"title":"Rodar a Val\u00e8ncia \u00e9s garantia d\u2019\u00e8xit \u201cper la seua llum, les seues localitzacions i els seus grans professionals\u201d &#060; Valencia Turismo","robots":{"index":"index","follow":"follow","max-snippet":"max-snippet:-1","max-image-preview":"max-image-preview:large","max-video-preview":"max-video-preview:-1"},"canonical":"https:\/\/turisme.dival.es\/ca\/rodar-a-valencia-es-garantia-dexit-per-la-seua-llum-les-seues-localitzacions-i-els-seus-grans-professionals\/","og_locale":"en_US","og_type":"article","og_title":"Rodar a Val\u00e8ncia \u00e9s garantia d\u2019\u00e8xit \u201cper la seua llum, les seues localitzacions i els seus grans professionals\u201d &#060; Valencia Turismo","og_description":"Els productors Jos\u00e9 Jaime Linares i Mila Luengo i els responsables de les Film Office de Benidorm, Val\u00e8ncia i Sagunt protagonitzen la Trobada Film Val\u00e8ncia organitzada pel Patronat de Turisme de Val\u00e8ncia en Russafa 16\/05\/2019 Alta rendibilitat, excel\u00b7lent retorn reputacional i promoci\u00f3 tur\u00edstica exponencial del territori. S\u00f3n tres dels grans beneficis de ser un territori [&hellip;]","og_url":"https:\/\/turisme.dival.es\/ca\/rodar-a-valencia-es-garantia-dexit-per-la-seua-llum-les-seues-localitzacions-i-els-seus-grans-professionals\/","og_site_name":"Valencia Turismo","article_published_time":"2019-05-16T12:15:30+00:00","article_modified_time":"2024-05-05T15:05:01+00:00","og_image":[{"width":2560,"height":1920,"url":"https:\/\/turisme.dival.es\/wp-content\/uploads\/2022\/01\/FILMVALENCIA1-scaled.jpg","type":"image\/jpeg"}],"author":"Val\u00e8ncia Turisme","twitter_card":"summary_large_image","twitter_misc":{"Written by":"Val\u00e8ncia Turisme","Est. reading time":"3 minutes"},"schema":{"@context":"https:\/\/schema.org","@graph":[{"@type":"WebPage","@id":"https:\/\/turisme.dival.es\/ca\/rodar-a-valencia-es-garantia-dexit-per-la-seua-llum-les-seues-localitzacions-i-els-seus-grans-professionals\/","url":"https:\/\/turisme.dival.es\/ca\/rodar-a-valencia-es-garantia-dexit-per-la-seua-llum-les-seues-localitzacions-i-els-seus-grans-professionals\/","name":"Rodar a Val\u00e8ncia \u00e9s garantia d\u2019\u00e8xit \u201cper la seua llum, les seues localitzacions i els seus grans professionals\u201d &#060; Valencia Turismo","isPartOf":{"@id":"https:\/\/turisme.dival.es\/#website"},"primaryImageOfPage":{"@id":"https:\/\/turisme.dival.es\/ca\/rodar-a-valencia-es-garantia-dexit-per-la-seua-llum-les-seues-localitzacions-i-els-seus-grans-professionals\/#primaryimage"},"image":{"@id":"https:\/\/turisme.dival.es\/ca\/rodar-a-valencia-es-garantia-dexit-per-la-seua-llum-les-seues-localitzacions-i-els-seus-grans-professionals\/#primaryimage"},"thumbnailUrl":"https:\/\/turisme.dival.es\/wp-content\/uploads\/2022\/01\/FILMVALENCIA1-scaled.jpg","datePublished":"2019-05-16T12:15:30+00:00","dateModified":"2024-05-05T15:05:01+00:00","author":{"@id":"https:\/\/turisme.dival.es\/#\/schema\/person\/3e0b7dd59fafb4560a54b9a4940574f4"},"inLanguage":"vl","potentialAction":[{"@type":"ReadAction","target":["https:\/\/turisme.dival.es\/ca\/rodar-a-valencia-es-garantia-dexit-per-la-seua-llum-les-seues-localitzacions-i-els-seus-grans-professionals\/"]}]},{"@type":"ImageObject","inLanguage":"vl","@id":"https:\/\/turisme.dival.es\/ca\/rodar-a-valencia-es-garantia-dexit-per-la-seua-llum-les-seues-localitzacions-i-els-seus-grans-professionals\/#primaryimage","url":"https:\/\/turisme.dival.es\/wp-content\/uploads\/2022\/01\/FILMVALENCIA1-scaled.jpg","contentUrl":"https:\/\/turisme.dival.es\/wp-content\/uploads\/2022\/01\/FILMVALENCIA1-scaled.jpg","width":2560,"height":1920,"caption":"|||"},{"@type":"WebSite","@id":"https:\/\/turisme.dival.es\/#website","url":"https:\/\/turisme.dival.es\/","name":"valenciaturismo.com.mialias.net","description":"","potentialAction":[{"@type":"SearchAction","target":{"@type":"EntryPoint","urlTemplate":"https:\/\/turisme.dival.es\/?s={search_term_string}"},"query-input":"required name=search_term_string"}],"inLanguage":"vl"},{"@type":"Person","@id":"https:\/\/turisme.dival.es\/#\/schema\/person\/3e0b7dd59fafb4560a54b9a4940574f4","name":"Val\u00e8ncia Turisme","image":{"@type":"ImageObject","inLanguage":"vl","@id":"https:\/\/turisme.dival.es\/#\/schema\/person\/image\/","url":"https:\/\/secure.gravatar.com\/avatar\/0e9af38f68e5d55d0728b298890449252967999842654f5245c679ec46532ee9?s=96&d=mm&r=g","contentUrl":"https:\/\/secure.gravatar.com\/avatar\/0e9af38f68e5d55d0728b298890449252967999842654f5245c679ec46532ee9?s=96&d=mm&r=g","caption":"Val\u00e8ncia Turisme"},"sameAs":["https:\/\/turisme.dival.es"]}]}},"_links":{"self":[{"href":"https:\/\/turisme.dival.es\/ca\/wp-json\/wp\/v2\/posts\/126974","targetHints":{"allow":["GET"]}}],"collection":[{"href":"https:\/\/turisme.dival.es\/ca\/wp-json\/wp\/v2\/posts"}],"about":[{"href":"https:\/\/turisme.dival.es\/ca\/wp-json\/wp\/v2\/types\/post"}],"author":[{"embeddable":true,"href":"https:\/\/turisme.dival.es\/ca\/wp-json\/wp\/v2\/users\/1"}],"replies":[{"embeddable":true,"href":"https:\/\/turisme.dival.es\/ca\/wp-json\/wp\/v2\/comments?post=126974"}],"version-history":[{"count":1,"href":"https:\/\/turisme.dival.es\/ca\/wp-json\/wp\/v2\/posts\/126974\/revisions"}],"predecessor-version":[{"id":130594,"href":"https:\/\/turisme.dival.es\/ca\/wp-json\/wp\/v2\/posts\/126974\/revisions\/130594"}],"wp:featuredmedia":[{"embeddable":true,"href":"https:\/\/turisme.dival.es\/ca\/wp-json\/wp\/v2\/media\/40768"}],"wp:attachment":[{"href":"https:\/\/turisme.dival.es\/ca\/wp-json\/wp\/v2\/media?parent=126974"}],"wp:term":[{"taxonomy":"category","embeddable":true,"href":"https:\/\/turisme.dival.es\/ca\/wp-json\/wp\/v2\/categories?post=126974"},{"taxonomy":"post_tag","embeddable":true,"href":"https:\/\/turisme.dival.es\/ca\/wp-json\/wp\/v2\/tags?post=126974"}],"curies":[{"name":"wp","href":"https:\/\/api.w.org\/{rel}","templated":true}]}}